{"id":10073,"date":"2022-03-11T12:51:11","date_gmt":"2022-03-11T10:51:11","guid":{"rendered":"https:\/\/apador.org\/?p=10073"},"modified":"2022-03-11T13:00:36","modified_gmt":"2022-03-11T11:00:36","slug":"drepturile-in-sectia-de-politie-de-la-teorie-la-practica-discutii-in-primul-grup-de-lucru","status":"publish","type":"post","link":"https:\/\/apador.org\/en\/drepturile-in-sectia-de-politie-de-la-teorie-la-practica-discutii-in-primul-grup-de-lucru\/","title":{"rendered":"Drepturile \u00een sec\u021bia de poli\u021bie &#8211; de la teorie la practic\u0103 &#8211; discu\u021bii \u00een primul grup de lucru"},"content":{"rendered":"<p class=\"qtranxs-available-languages-message qtranxs-available-languages-message-en\">Sorry, this entry is only available in <a href=\"https:\/\/apador.org\/ro\/wp-json\/wp\/v2\/posts\/10073\" class=\"qtranxs-available-language-link qtranxs-available-language-link-ro\" title=\"Rom\u00e2n\u0103\">Rom\u00e2n\u0103<\/a>. For the sake of viewer convenience, the content is shown below in the alternative language. You may click the link to switch the active language.<\/p><p style=\"text-align: justify;\">Prima \u00eent\u00e2lnire a unui grup de lucru na\u021bional, format din reprezentan\u021bi ai institu\u021biilor relevante din domeniu \u0219i avoca\u021bi, la invita\u021bia APADOR-CH, a avut loc la Bucure\u0219ti la 3 martie 2022, \u00een cadrul proiectului interna\u021bional <a title=\"Link permanent: Drepturile \u00een sec\u021bia de poli\u021bie \u2013 de la lege la practic\u0103\" href=\"https:\/\/apador.org\/drepturile-in-sectia-de-politie-de-la-lege-la-practica\/\" target=\"_blank\" rel=\"bookmark noopener\">Drepturile \u00een sec\u021bia de poli\u021bie \u2013 de la lege la practic\u0103<\/a>. Evenimentul organizat \u00een format fizic, dup\u0103 doi ani de pandemie, a adus la acea\u0219i mas\u0103, timp de mai multe ore, reprezentan\u021bi ai urm\u0103toarelor institu\u021bii: Ministerul Justi\u021biei, Parchetul \u00cenaltei Cur\u021bi de Casa\u021bie \u0219i Justi\u021bie (PICCJ), Poli\u021bia Rom\u00e2n\u0103, Inspectoratul de Poli\u021bie Jude\u021bean Dolj \u0219i Harghita, Serviciul de Investigatii Criminale DGPMB, Autoritatea Na\u021bional\u0103 pentru Drepturile Persoanelor cu Dizabilit\u0103\u021bi, Copii \u0219i Adop\u021bii (ANDPDCA), Direc\u021bia General\u0103 de Asisten\u021b\u0103 Social\u0103 \u0219i Protec\u021bia Copilului (DGASPC), Parchetul de pe l\u00e2ng\u0103 Tribunalul pentru Minori \u0219i Familie Bra\u0219ov,\u00a0 avoca\u021bi din mai multe ora\u0219e din \u021bar\u0103.<\/p>\n<p style=\"text-align: justify;\">Discu\u021biile s-au concentrat pe trei mari teme, subscrise tematicii drepturilor suspec\u021bilor \u0219i inculpa\u021bilor \u00een sec\u021biile de poli\u021bie, prev\u0103zute \u00een cele dou\u0103 directive europene: Directiva Uniunii Europene 2012\/13\/UE privind dreptul la informare \u00een cadrul procedurilor penale \u0219i Directiva 2016\/800 privind garan\u021biile pentru minorii suspec\u021bi sau inculpa\u021bi<\/p>\n<p style=\"text-align: justify;\">Temele discu\u021biei \u00een grupul de lucru:<\/p>\n<ul style=\"text-align: justify;\">\n<li><strong>Necesitatea simplific\u0103rii formularului cu privire la drepturile persoanelor suspecte \u0219i acuzate \u00een cadrul procesului penal<\/strong> (adul\u021bi, minori, persoane vulnerabile)\u00a0&#8211; Crearea unei variante complementare care s\u0103 \u00eenso\u021beasc\u0103 ordinul comun din 2017 privind modelul inform\u0103rii scrise<\/li>\n<li><strong>Necesitatea simplific\u0103rii formularului cu privire la drepturile minorilor<\/strong> &#8211;\u00a0 Crearea unei variante complementare care s\u0103 \u00eenso\u021beasc\u0103 ordinul comun din 2017 privind modelul inform\u0103rii scrise pentru minori<\/li>\n<li><strong>Necesitatea introducerii camerelor audio-video \u00een toate sec\u021bile de poli\u021bie din Rom\u00e2nia<\/strong><\/li>\n<\/ul>\n<p>&nbsp;<\/p>\n<p style=\"text-align: justify;\">\u00cent\u00e2lnirea a fost apreciat\u0103 ca necesar\u0103 de participan\u021bi \u0219i va fi urmat\u0103 de altele similare, la nivel regional, pentru g\u0103sirea modelelor de bun\u0103 practic\u0103 \u0219i replicarea lor la nivel na\u021bional, acolo unde este cazul.<\/p>\n<hr \/>\n<p style=\"text-align: justify;\"><em>Aceast\u0103 ac\u021biune face parte din proiectul <a title=\"Link permanent: Drepturile \u00een sec\u021bia de poli\u021bie \u2013 de la lege la practic\u0103\" href=\"https:\/\/apador.org\/drepturile-in-sectia-de-politie-de-la-lege-la-practica\/\" target=\"_blank\" rel=\"bookmark noopener\">Drepturile \u00een sec\u021bia de poli\u021bie \u2013 de la lege la practic\u0103<\/a> Cofinan\u021bat prin Programele Justi\u021bia \u0219i Drepturi, Egalitate \u0219i Cet\u0103\u021benie, ale Comisiei Europene<\/em><\/p>","protected":false},"excerpt":{"rendered":"<p>Sorry, this entry is only available in Rom\u00e2n\u0103. For the sake of viewer convenience, the content is shown below in the alternative language. You may click the link to switch the active language.Prima \u00eent\u00e2lnire a unui grup de lucru na\u021bional, format din reprezentan\u021bi ai institu\u021biilor relevante din domeniu \u0219i avoca\u021bi, la invita\u021bia APADOR-CH, a avut [&hellip;]<\/p>\n","protected":false},"author":2,"featured_media":9613,"comment_status":"closed","ping_status":"closed","sticky":false,"template":"","format":"standard","meta":{"footnotes":""},"categories":[1022],"tags":[604,1506],"class_list":["post-10073","post","type-post","status-publish","format-standard","has-post-thumbnail","hentry","category-articole-reportaje","tag-drepturile-arestatilor","tag-drepturile-minorilor-la-sectia-de-politie"],"_links":{"self":[{"href":"https:\/\/apador.org\/en\/wp-json\/wp\/v2\/posts\/10073","targetHints":{"allow":["GET"]}}],"collection":[{"href":"https:\/\/apador.org\/en\/wp-json\/wp\/v2\/posts"}],"about":[{"href":"https:\/\/apador.org\/en\/wp-json\/wp\/v2\/types\/post"}],"author":[{"embeddable":true,"href":"https:\/\/apador.org\/en\/wp-json\/wp\/v2\/users\/2"}],"replies":[{"embeddable":true,"href":"https:\/\/apador.org\/en\/wp-json\/wp\/v2\/comments?post=10073"}],"version-history":[{"count":3,"href":"https:\/\/apador.org\/en\/wp-json\/wp\/v2\/posts\/10073\/revisions"}],"predecessor-version":[{"id":10078,"href":"https:\/\/apador.org\/en\/wp-json\/wp\/v2\/posts\/10073\/revisions\/10078"}],"wp:featuredmedia":[{"embeddable":true,"href":"https:\/\/apador.org\/en\/wp-json\/wp\/v2\/media\/9613"}],"wp:attachment":[{"href":"https:\/\/apador.org\/en\/wp-json\/wp\/v2\/media?parent=10073"}],"wp:term":[{"taxonomy":"category","embeddable":true,"href":"https:\/\/apador.org\/en\/wp-json\/wp\/v2\/categories?post=10073"},{"taxonomy":"post_tag","embeddable":true,"href":"https:\/\/apador.org\/en\/wp-json\/wp\/v2\/tags?post=10073"}],"curies":[{"name":"wp","href":"https:\/\/api.w.org\/{rel}","templated":true}]}}