{"id":1187,"date":"2014-02-24T12:17:16","date_gmt":"2014-02-24T12:17:16","guid":{"rendered":"http:\/\/www.apador.org\/seamus\/?p=1187"},"modified":"2014-05-07T14:02:29","modified_gmt":"2014-05-07T14:02:29","slug":"cum-faci-o-plangere-la-avocatul-poporului","status":"publish","type":"post","link":"https:\/\/apador.org\/en\/cum-faci-o-plangere-la-avocatul-poporului\/","title":{"rendered":"Cum faci o pl\u00e2ngere la Avocatul Poporului"},"content":{"rendered":"<p class=\"qtranxs-available-languages-message qtranxs-available-languages-message-en\">Sorry, this entry is only available in <a href=\"https:\/\/apador.org\/ro\/wp-json\/wp\/v2\/posts\/1187\" class=\"qtranxs-available-language-link qtranxs-available-language-link-ro\" title=\"Rom\u00e2n\u0103\">Rom\u00e2n\u0103<\/a>. For the sake of viewer convenience, the content is shown below in the alternative language. You may click the link to switch the active language.<\/p><p>Dac\u0103 ave\u021bi o problem\u0103 care \u021bine de competen\u021ba Avocatului Poporului, g\u0103si\u021bi mai jos un model de pl\u00e2ngere general\u0103 \u0219i adresa la care trebuie s-o trimite\u021bi:<\/p>\n<div>\n<p><strong>Avocatul Poporului<\/strong><\/p>\n<p><span style=\"color: #3366ff;\">Str. Eugeniu Carada nr. 3<\/span><\/p>\n<p><span style=\"color: #3366ff;\">Sector 3 Bucure\u015fti<\/span><\/p>\n<p><span style=\"color: #3366ff;\">Tel: 021-312 71 34 (dispecerat), 021-312 94 62 (centrala)<\/span><\/p>\n<p><span style=\"color: #3366ff;\">Pagin\u0103 de Internet: <a href=\"http:\/\/www.avp.ro\/\"><span style=\"color: #3366ff;\">www.avp.ro<\/span><\/a><\/span><\/p>\n<p><span style=\"color: #3366ff;\">Adres\u0103 de e-mail: <a href=\"mailto:avp@avp.ro\"><span style=\"color: #3366ff;\">avp@avp.ro<\/span><\/a><\/span><\/p>\n<div class=\"su-box su-box-style-glass\" id=\"\" style=\"border-color:#000000;border-radius:4px;max-width:none\"><div class=\"su-box-title\" style=\"background-color:#333333;color:#FFFFFF;border-top-left-radius:2px;border-top-right-radius:2px\">Model de cerere c\u0103tre Avocatul Poporului<\/div><div class=\"su-box-content su-u-clearfix su-u-trim\" style=\"border-bottom-left-radius:2px;border-bottom-right-radius:2px\"> 1.Numele \u015fi prenumele (cu majuscule) &#8230;&#8230;&#8230;&#8230;&#8230;&#8230;&#8230;&#8230;&#8230;.. domiciliat \u00een (re\u015fedin\u0163a ori alt\u0103 adres\u0103 unde pute\u0163i fi g\u0103sit) &#8230;&#8230;&#8230;&#8230;&#8230;&#8230; str. &#8230;&#8230;&#8230;&#8230;.. nr. &#8230;.. bl. &#8230;.. sc. &#8230;.. ap. &#8230;.. telefon &#8230;&#8230;&#8230;&#8230;&#8230;&#8230;.<\/p>\n<p>2. Data la care a\u0163i luat cuno\u015ftint\u0103 despre \u00eenc\u0103lcarea drepturilor dumneavoastr\u0103 &#8230;&#8230;&#8230;&#8230;&#8230;&#8230;&#8230;&#8230;&#8230;&#8230;.<\/p>\n<p>3. Prezentarea succint\u0103 a drepturilor \u015fi libert\u0103\u0163ilor \u00eenc\u0103lcate: &#8230;&#8230;&#8230;&#8230;&#8230;&#8230;&#8230;&#8230;&#8230;&#8230;&#8230;&#8230;&#8230;&#8230;&#8230;&#8230;&#8230;&#8230;&#8230;&#8230;<\/p>\n<p>4. Autoritatea administrativ\u0103 sau func\u0163ionarul public reclamat: &#8230;&#8230;&#8230;&#8230;&#8230;&#8230;&#8230;&#8230;&#8230;&#8230;&#8230;&#8230;&#8230;&#8230;&#8230;&#8230;&#8230;&#8230;&#8230;<\/p>\n<p>5. Descrierea succint\u0103 a faptelor invocate, prin care vi s-au \u00eenc\u0103lcat drepturile: &#8230;&#8230;&#8230;&#8230;&#8230;. (pute\u0163i continua pe o alt\u0103 pagin\u0103, pe care s\u0103 o anexa\u0163i la cerere)<\/p>\n<p>6. Autorit\u0103\u0163ile publice care au fost sesizate anterior: &#8230;&#8230;&#8230;&#8230;&#8230;&#8230;&#8230;&#8230;&#8230;&#8230;&#8230;&#8230;&#8230;&#8230;&#8230;&#8230;&#8230;&#8230;&#8230;&#8230;&#8230;&#8230;&#8230;&#8230;<\/p>\n<p>7. R\u0103spunsul primit \u015fi motivele pentru care v\u0103 considera\u0163i \u00een continuare nedrept\u0103\u0163it: &#8230;&#8230;&#8230;&#8230;&#8230;&#8230;&#8230;&#8230;..<\/p>\n<p>8. \u00cen dovedirea celor afirmate depun urm\u0103toarele acte (\u00een copie, nu \u00een original): &#8230;&#8230;&#8230;&#8230;&#8230;&#8230;&#8230;&#8230;&#8230;&#8230;..<\/p>\n<p>9. Men\u0163iunea obligatorie dac\u0103 cererea face obiectul unei cauze aflate pe rolul unei instante judecatore\u015fti sau dac\u0103 a format obiectul unei judec\u0103\u0163i: &#8230;&#8230;&#8230;&#8230;..<\/p>\n<p>10. Doresc ca toate informa\u0163iile \u015fi rezultatele acestei cereri s\u0103 r\u0103m\u00e2n\u0103 confiden\u0163iale:DA NU<\/p>\n<p>11. Cererea este depus\u0103 o Personal o Prin mandatar<\/p>\n<p>Data &#8230;&#8230;&#8230;&#8230;&#8230;<\/p>\n<p>Semn\u0103tura &#8230;&#8230;&#8230;&#8230;&#8230;&#8230;&#8230;<\/div><\/div>\n<p>Precum \u0219i un model de peti\u021bie ce trebuie formulat \u00een caz de discriminare:<\/p>\n<div class=\"su-box su-box-style-glass\" id=\"\" style=\"border-color:#00215d;border-radius:3px;max-width:none\"><div class=\"su-box-title\" style=\"background-color:#115490;color:#FFFFFF;border-top-left-radius:1px;border-top-right-radius:1px\">Peti\u021bie c\u0103tre Avocatul Poporului pentru discriminare<\/div><div class=\"su-box-content su-u-clearfix su-u-trim\" style=\"border-bottom-left-radius:1px;border-bottom-right-radius:1px\">\n<p>C\u0103tre AVOCATUL POPORULUI<\/p>\n<p>Subsemnatul\/a\u2026\u2026\u2026\u2026\u2026\u2026\u2026\u2026\u2026\u2026\u2026. domiciliat\/\u0103 \u00een \u2026\u2026\u2026, str\u2026\u2026\u2026\u2026\u2026\u2026, nr\u2026\u2026\u2026, bloc\u2026\u2026.., sc\u2026\u2026\u2026\u2026., et\u2026\u2026\u2026\u2026., ap\u2026\u2026\u2026\u2026\u2026\u2026\u2026.., sector\/judet\u2026\u2026\u2026<\/p>\n<p>\u00cen temeiul Legii nr. 35\/1997 privind organizarea \u015fi func\u0163ionarea institu\u0163iei Avocatul Poporului, formulez prezenta PETI\u0162IE cu privire la \u00eenc\u0103lcarea dreptului meu de a nu fi discriminat\/\u0103, garantat prin art. 14 din Conven\u0163ia European\u0103 a Drepturilor Omului \u015fi de Protocolul nr. 12 la aceast\u0103 Conven\u0163ie, de c\u0103tre urm\u0103toarea autoritate\/urm\u0103toarele autorit\u0103\u0163i a\/ale administra\u0163iei publice:<\/p>\n<p>\u2026\u2026\u2026\u2026\u2026\u2026\u2026\u2026\u2026\u2026\u2026\u2026\u2026\u2026\u2026\u2026\u2026\u2026..<\/p>\n<p>Va solicit c\u0103, \u00een urm\u0103 unei anchete proprii, s\u0103 lua\u0163i m\u0103surile legle pentru \u00eenl\u0103turarea ilegalit\u0103\u0163ilor constatate, repararea prejudiciilor pe care le-am suferit \u015fi \u00eenl\u0103turarea cauzelor care au generat sau au favorizat \u00eenc\u0103lcarea drepturilor mele de c\u0103tre administra\u0163ia public\u0103.<\/p>\n<p>De asemenea, solicit s\u0103 mi se comunice modul de solu\u0163ionare a acestei peti\u0163ii.<\/p>\n<p>MOTIVELE PETI\u0162IEI SUNT URM\u0102TOARELE:<\/p>\n<p>\u2026\u2026\u2026\u2026\u2026\u2026.(descrierea c\u00e2t mai detaliat\u0103 a modului \u00een care s-a produs instigarea la discriminare sau discriminarea, cu indicarea datei \u015fi a personelor implicate, dac\u0103 sunt cunoscute)\u2026\u2026\u2026..<\/p>\n<p>Pot dovedi cele afirmate cu:<\/p>\n<p>&#8211; urm\u0103toarele \u00eenscrisuri\/documente pe care le depun \u00een fotocopie:<\/p>\n<p>&#8211;<\/p>\n<p>&#8211;<\/p>\n<p>&#8211; depozi\u0163iile urm\u0103torilor martori, a c\u0103ror audiere o solicit \u00een cadrul anchetei proprii pe care o efectua\u0163i:<\/p>\n<p>&#8211;<\/p>\n<p>&#8211;<\/p>\n<p>&#8211; \u00eenregistrare audio\/video relevant\u0103 (de ex. \u00eenregistrarea unei emisiuni)<\/p>\n<p>Dat\u0103,<\/p>\n<p>Semn\u0103tur\u0103, <\/div><\/div>\n<\/div>\n<p><\/p>","protected":false},"excerpt":{"rendered":"<p class=\"qtranxs-available-languages-message qtranxs-available-languages-message-en\">Sorry, this entry is only available in <a href=\"https:\/\/apador.org\/ro\/wp-json\/wp\/v2\/posts\/1187\" class=\"qtranxs-available-language-link qtranxs-available-language-link-ro\" title=\"Rom\u00e2n\u0103\">Rom\u00e2n\u0103<\/a>. For the sake of viewer convenience, the content is shown below in the alternative language. You may click the link to switch the active language.<\/p>\n<p>Dac\u0103 ave\u021bi o problem\u0103 care \u021bine de competen\u021ba Avocatului Poporului, g\u0103si\u021bi aici dou\u0103 modele de pl\u00e2ngere \u0219i ce pute\u021bi face cu ele.<\/p>\n","protected":false},"author":2,"featured_media":0,"comment_status":"closed","ping_status":"open","sticky":false,"template":"","format":"standard","meta":{"footnotes":""},"categories":[9,21],"tags":[42,48,55,58],"class_list":["post-1187","post","type-post","status-publish","format-standard","hentry","category-drepturi-civile","category-resurse-utile","tag-avocatul-poporului","tag-discriminare","tag-model-cerere","tag-plangere"],"_links":{"self":[{"href":"https:\/\/apador.org\/en\/wp-json\/wp\/v2\/posts\/1187","targetHints":{"allow":["GET"]}}],"collection":[{"href":"https:\/\/apador.org\/en\/wp-json\/wp\/v2\/posts"}],"about":[{"href":"https:\/\/apador.org\/en\/wp-json\/wp\/v2\/types\/post"}],"author":[{"embeddable":true,"href":"https:\/\/apador.org\/en\/wp-json\/wp\/v2\/users\/2"}],"replies":[{"embeddable":true,"href":"https:\/\/apador.org\/en\/wp-json\/wp\/v2\/comments?post=1187"}],"version-history":[{"count":0,"href":"https:\/\/apador.org\/en\/wp-json\/wp\/v2\/posts\/1187\/revisions"}],"wp:attachment":[{"href":"https:\/\/apador.org\/en\/wp-json\/wp\/v2\/media?parent=1187"}],"wp:term":[{"taxonomy":"category","embeddable":true,"href":"https:\/\/apador.org\/en\/wp-json\/wp\/v2\/categories?post=1187"},{"taxonomy":"post_tag","embeddable":true,"href":"https:\/\/apador.org\/en\/wp-json\/wp\/v2\/tags?post=1187"}],"curies":[{"name":"wp","href":"https:\/\/api.w.org\/{rel}","templated":true}]}}