{"id":1488,"date":"2005-11-02T00:00:00","date_gmt":"2005-11-02T00:00:00","guid":{"rendered":"http:\/\/www.apador.org\/seamus\/declaraie-a-apador-ch-cu-privire-la-intervenia-telefonic-a-primului-ministu-in-cazul-dinu-patriciu-i-la-operaiunea-cercetare-conturi-personale-2\/"},"modified":"2005-11-02T00:00:00","modified_gmt":"2005-11-02T00:00:00","slug":"declaraie-a-apador-ch-cu-privire-la-intervenia-telefonic-a-primului-ministu-in-cazul-dinu-patriciu-i-la-operaiunea-cercetare-conturi-personale-2","status":"publish","type":"post","link":"https:\/\/apador.org\/en\/declaraie-a-apador-ch-cu-privire-la-intervenia-telefonic-a-primului-ministu-in-cazul-dinu-patriciu-i-la-operaiunea-cercetare-conturi-personale-2\/","title":{"rendered":"DECLARA&#354;IE A APADOR-CH CU PRIVIRE LA INTERVEN&#354;IA TELEFONIC&#258; A PRIMULUI MINISTU \u00ceN CAZUL &quot;DINU PATRICIU&quot; &#350;I LA OPERA&#354;IUNEA &quot;CERCETARE CONTURI PERSONALE&quot;"},"content":{"rendered":"<p class=\"qtranxs-available-languages-message qtranxs-available-languages-message-en\">Sorry, this entry is only available in <a href=\"https:\/\/apador.org\/ro\/wp-json\/wp\/v2\/posts\/1488\" class=\"qtranxs-available-language-link qtranxs-available-language-link-ro\" title=\"Rom\u00e2n\u0103\">Rom\u00e2n\u0103<\/a>. For the sake of viewer convenience, the content is shown below in the alternative language. You may click the link to switch the active language.<\/p><p><\/p>\n<p align=\"justify\">1. APADOR-CH consider&#259; <i>inacceptabil&#259;<br \/>\n  <\/i>interven&#355;ia telefonic&#259; a primului ministru din mai 2005 la Procurorul<br \/>\n  general al Parchetului de pe l\u00e2ng&#259; \u00cenalta Curte de Casa&#355;ie &#351;i<br \/>\n  Justi&#355;ie, \u00een leg&#259;tur&#259; cu re&#355;inerea domnului Dinu Patriciu<br \/>\n  (26 mai). Asocia&#355;ia aminte&#351;te c&#259; <i>una din principalele promisiuni electorale ale Alian&#355;ei Dreptate<br \/>\n  &#351;i Adev&#259;r a vizat <b>independen&#355;a<br \/>\n    justi&#355;iei. <\/b><\/i>Punctele bune marcate de Ministerul Justi&#355;iei \u00een<br \/>\n  2005 \u00een aceast&#259; direc&#355;ie <b>sunt<br \/>\n    practic puse sub un mare semn de \u00eentrebare de un singur telefon dat de primul<br \/>\n    ministru procurorului general de pe l\u00e2ng&#259; ICCS, indiferent de motive<br \/>\n&#351;i justific&#259;ri ulterioare.<\/b><\/p>\n<p align=\"justify\"><b>APADOR-CH cere primului<br \/>\n  ministru <i>s&#259; recunoasc&#259; public<br \/>\n    c&#259; a comis o eroare &#351;i s&#259; dea garan&#355;ii c&#259; acest lucru<br \/>\n    nu se va mai repeta, indiferent de identitatea f&#259;pta&#351;ului sau de<br \/>\nnatura faptei comise. <\/i><\/b><\/p>\n<p align=\"justify\">&nbsp;<\/p>\n<p align=\"justify\">2. Actele premerg&#259;toare (presupuse a fi) efectuate de parchet \u00een<br \/>\n  privin&#355;a cercet&#259;rii conturilor unor persoane, din proprie<br \/>\n  ini&#355;iativ&#259; sau la sesizarea Oficiului Na&#355;ional pentru Prevenirea<br \/>\n  Sp&#259;l&#259;rii Banilor, <i>reprezint&#259;<br \/>\n  o restr\u00e2ngere a exerci&#355;iului dreptului la respectarea vie&#355;ii private. <\/i>Prin urmare, acest gen de ac&#355;iune trebuie <i>clar reglementat&#259; prin lege. Actele premerg&#259;toare trebuie ini&#355;iate <b>numai <\/b>dac&#259; exist&#259; <b>indicii rezonabile<\/b> cu privire la<br \/>\n    posibilitatea existen&#355;ei unei infrac&#355;iuni &#351;i <b>numai pe baza unei autoriza&#355;ii emise<br \/>\n      de un judec&#259;tor, care a avut acces la toate informa&#355;iile privind<br \/>\n      cazul respectiv. <\/b>Iar dac&#259; s-a decis <b>ne\u00eenceperea urm&#259;ririi penale, persoana vizat&#259; trebuie<br \/>\n        informat&#259; cu privire la supravegherea la care a fost supus&#259; pentru a<br \/>\n        avea posibilitatea de a contesta m&#259;sura, \u00een cazul \u00een care o consider&#259;<br \/>\nabuziv&#259;.<\/b><\/i><\/p>\n<p align=\"justify\">\u00cen plus,<b> autorit&#259;&#355;ile<br \/>\n  trebuie s&#259; se ab&#355;ina de la orice ac&#355;iune <\/b>care ar supune <b>oprobriului public<\/b> persoanele \u00een<br \/>\n  privin&#355;a c&#259;rora se desf&#259;&#351;oar&#259; acte premerg&#259;toare<br \/>\nde cercetare<b>.<\/b><\/p>\n<p align=\"justify\"><b>&nbsp;<\/b><b>APADOR-CH cere Ministerului<br \/>\n  Justi&#355;iei s&#259; ini&#355;ieze de urgen&#355;&#259; un proiect de lege<br \/>\n  care s&#259; includ&#259; aceste garan&#355;ii obligatorii \u00eentr-o societate<br \/>\ndemocratic&#259;.<\/b><\/p>\n<p align=\"justify\"><b>&nbsp;<\/b><\/p>\n<p align=\"justify\">APADOR-CH<\/p>\n<p align=\"justify\">2 noiembrie 2005<\/p>\n<p><\/p>","protected":false},"excerpt":{"rendered":"<p>APADOR-CH consider&#259; inacceptabil&#259; interven&#355;ia telefonic&#259; a primului ministru din mai 2005 la Procurorul general al Parchetului de pe l\u00e2ng&#259; \u00cenalta Curte de Casa&#355;ie &#351;i Justi&#355;ie, \u00een leg&#259;tur&#259; cu re&#355;inerea domnului Dinu Patriciu (26 mai).<br \/>\n<br \/>\nActele premerg&#259;toare (presupuse a fi) efectuate de parchet \u00een privin&#355;a cercet&#259;rii conturilor unor persoane, din proprie ini&#355;iativ&#259; sau la sesizarea Oficiului Na&#355;ional pentru Prevenirea Sp&#259;l&#259;rii Banilor, reprezint&#259; o restr\u00e2ngere a exerci&#355;iului dreptului la respectarea vie&#355;ii private. Prin urmare, acest gen de ac&#355;iune trebuie clar reglementat&#259; prin lege.<\/p>\n","protected":false},"author":2,"featured_media":0,"comment_status":"closed","ping_status":"open","sticky":false,"template":"","format":"standard","meta":{"footnotes":""},"categories":[29],"tags":[],"class_list":["post-1488","post","type-post","status-publish","format-standard","hentry","category-comunicate"],"_links":{"self":[{"href":"https:\/\/apador.org\/en\/wp-json\/wp\/v2\/posts\/1488","targetHints":{"allow":["GET"]}}],"collection":[{"href":"https:\/\/apador.org\/en\/wp-json\/wp\/v2\/posts"}],"about":[{"href":"https:\/\/apador.org\/en\/wp-json\/wp\/v2\/types\/post"}],"author":[{"embeddable":true,"href":"https:\/\/apador.org\/en\/wp-json\/wp\/v2\/users\/2"}],"replies":[{"embeddable":true,"href":"https:\/\/apador.org\/en\/wp-json\/wp\/v2\/comments?post=1488"}],"version-history":[{"count":0,"href":"https:\/\/apador.org\/en\/wp-json\/wp\/v2\/posts\/1488\/revisions"}],"wp:attachment":[{"href":"https:\/\/apador.org\/en\/wp-json\/wp\/v2\/media?parent=1488"}],"wp:term":[{"taxonomy":"category","embeddable":true,"href":"https:\/\/apador.org\/en\/wp-json\/wp\/v2\/categories?post=1488"},{"taxonomy":"post_tag","embeddable":true,"href":"https:\/\/apador.org\/en\/wp-json\/wp\/v2\/tags?post=1488"}],"curies":[{"name":"wp","href":"https:\/\/api.w.org\/{rel}","templated":true}]}}