{"id":1493,"date":"2006-02-17T00:00:00","date_gmt":"2006-02-17T00:00:00","guid":{"rendered":"http:\/\/www.apador.org\/seamus\/protest-impotriva-reinerii-nelegale-a-ziaristului-marian-garleanu-pentru-svarirea-unei-pretinse-infraciuni-contra-siguranei-statului-2\/"},"modified":"2006-02-17T00:00:00","modified_gmt":"2006-02-17T00:00:00","slug":"protest-impotriva-reinerii-nelegale-a-ziaristului-marian-garleanu-pentru-svarirea-unei-pretinse-infraciuni-contra-siguranei-statului-2","status":"publish","type":"post","link":"https:\/\/apador.org\/en\/protest-impotriva-reinerii-nelegale-a-ziaristului-marian-garleanu-pentru-svarirea-unei-pretinse-infraciuni-contra-siguranei-statului-2\/","title":{"rendered":"Protest \u00eempotriva re&#355;inerii nelegale a ziaristului Marian G\u00e2rleanu pentru s&#259;v\u00e2r&#351;irea unei pretinse infrac&#355;iuni contra siguran&#355;ei statului"},"content":{"rendered":"<p class=\"qtranxs-available-languages-message qtranxs-available-languages-message-en\">Sorry, this entry is only available in <a href=\"https:\/\/apador.org\/ro\/wp-json\/wp\/v2\/posts\/1493\" class=\"qtranxs-available-language-link qtranxs-available-language-link-ro\" title=\"Rom\u00e2n\u0103\">Rom\u00e2n\u0103<\/a>. For the sake of viewer convenience, the content is shown below in the alternative language. You may click the link to switch the active language.<\/p><p><\/p>\n<p><b>APADOR-CH, Agen&#355;ia de Monitorizare<br \/>\n  a Presei &#351;i APPLE protesteaz&#259; \u00eempotriva re&#355;inerii nelegale a<br \/>\n  ziaristului Marian G\u00e2rleanu, corespondent din Foc&#351;ani al cotidianului<br \/>\n  Rom\u00e2nia Liber&#259;, pentru s&#259;v\u00e2r&#351;irea unei pretinse infrac&#355;iuni<br \/>\ncontra siguran&#355;ei statului.<\/b><\/p>\n<p>\u00cen esen&#355;&#259;, ziaristului i se imput&#259; de&#355;inerea<br \/>\n  neautorizata a unor informa&#355;ii militare, despre care ministrul<br \/>\n  ap&#259;r&#259;rii a declarat c&#259; \u201c\u2026<i>nu<br \/>\n    reprezint&#259; \u00eens&#259; un pericol pentru armata rom\u00e2n&#259;, pentru c&#259;<br \/>\n  sunt informa&#355;ii din trecut, de acum doi ani &#351;i jum&#259;tate, deci nu<br \/>\neste o problem&#259; care s&#259; pun&#259; \u00een pericol armata rom\u00e2n&#259; <\/i>\u2026\u201d.<\/p>\n<p>\u00cen primul r\u00e2nd, dac&#259; informa&#355;iile militare de&#355;inute de<br \/>\n  ziarist nu prezint&#259; nici un pericol pentru armat&#259;, astfel cum<br \/>\n  apreciaz&#259; \u2013 \u00een deplin&#259; cuno&#351;tin&#355;&#259; de cauz&#259; chiar<br \/>\n  ministrul ap&#259;r&#259;rii&nbsp;\u2013 ele nu pot fi \u00eencadrate \u00een categoria informa&#355;iilor<br \/>\n  clasificate, \u00eentruc\u00e2t, potrivit art.&nbsp;15 din Legea nr. 182\/2002 privind<br \/>\n  protec&#355;ia informa&#355;iilor clasificate, numai informa&#355;iile prin a<br \/>\n  c&#259;ror divulgare se prejudiciaz&#259; siguran&#355;a na&#355;ional&#259;<br \/>\nsau ap&#259;rarea &#355;&#259;rii constituie informa&#355;ii secrete de stat.<\/p>\n<p>\u00cen al doilea r\u00e2nd, odat&#259; cu adoptarea Legii nr. 182\/2002 obliga&#355;ia<br \/>\n  de a proteja informa&#355;iile secrete de stat revine numai \u201e<b>persoanelor autorizate<\/b>\u201d, nu &#351;i<br \/>\n  celorlalte persoane. Art. 16 din aceast&#259; lege prevede expres c&#259; numai<br \/>\n    persoanele autorizate care emit, gestioneaz&#259; sau intr&#259; \u00een posesia<br \/>\n    informa&#355;iilor secrete au obliga&#355;ia de a le proteja. \u00centruc\u00e2t <b>jurnali&#351;tii, ca &#351;i publicul, nu<br \/>\n      intr&#259; \u00een sfera persoanelor autorizate<\/b> la care se refer&#259; articolul<br \/>\n  16, <b>rezult&#259; c&#259; pentru<br \/>\n    ace&#351;tia nu mai exist&#259; obliga&#355;ia de a proteja informa&#355;iile<br \/>\n    secrete de stat<\/b>. Schimbarea concep&#355;iei privind titularii<br \/>\n  obliga&#355;iei de a ap&#259;ra aceste secrete are ca efect &#351;i abrogarea<br \/>\n  implicit&#259; a alineatului 4 al articolului 169 din Codul penal, text care instituia<br \/>\nobliga&#355;ia oric&#259;rei persoane de a proteja secretele de stat.<\/p>\n<p>O astfel de sus&#355;inere este c\u00e2t se poate de logic&#259;: odat&#259; ce<br \/>\n  o informa&#355;ie a ie&#351;it din sfera secret&#259; \u2013 fapt \u00eemplinit \u00een<br \/>\n  momentul \u00een care datele\/informa&#355;iile au intrat \u00een posesia presei \u2013<br \/>\n  informa&#355;ia \u00ee&#351;i pierde caracterul secret, iar acesta nu mai poate fi<br \/>\n  re-ob&#355;inut. De altfel, &#351;i Curtea European&#259; a Drepturilor Omului<br \/>\n  a stabilit c&#259; \u201e<i>informa&#355;iile<br \/>\n    privind siguran&#355;a na&#355;ional&#259;, odat&#259; intrate \u00een spa&#355;iul<br \/>\n    public, nu mai pot fi interzise, retrase &#351;i nici autorii disemin&#259;rii<br \/>\ninforma&#355;iei pedepsi&#355;i \u2026\u201d.<\/i><\/p>\n<p>APADOR-CH, Agen&#355;ia de Monitorizare a Presei &#351;i APPLE consider&#259;<br \/>\n  c&#259; privarea de libertate a ziaristului Marian G\u00e2rleanu este complet<br \/>\n  nejustificat&#259; &#351;i cer autorit&#259;&#355;ilor competente s&#259;<br \/>\n  renun&#355;e la aplicarea alineatului 4 al articolului 169 din Codul penal,<br \/>\nat\u00e2t \u00een acest caz, c\u00e2t &#351;i \u00een orice alt&#259; situa&#355;ie similar&#259;.<\/p>\n<p>Contact: <\/p>\n<p>APADOR-CH: 312 45 28<\/p>\n<p>AMP: 313 40 47; 0729 199 393<\/p>\n<p>Asocia&#355;ia pentru Protejarea &#351;i Promovarea Libert&#259;&#355;ii de<br \/>\nExprimare: 0727 722 634<\/p>\n<p><\/p>","protected":false},"excerpt":{"rendered":"<p>APADOR-CH, Agen&#355;ia de Monitorizare a Presei &#351;i APPLE protesteaz&#259; \u00eempotriva re&#355;inerii nelegale a ziaristului Marian G\u00e2rleanu, corespondent din Foc&#351;ani al cotidianului Rom\u00e2nia Liber&#259;, pentru s&#259;v\u00e2r&#351;irea unei pretinse infrac&#355;iuni contra siguran&#355;ei statului.<\/p>\n","protected":false},"author":2,"featured_media":0,"comment_status":"closed","ping_status":"open","sticky":false,"template":"","format":"standard","meta":{"footnotes":""},"categories":[29],"tags":[],"class_list":["post-1493","post","type-post","status-publish","format-standard","hentry","category-comunicate"],"_links":{"self":[{"href":"https:\/\/apador.org\/en\/wp-json\/wp\/v2\/posts\/1493","targetHints":{"allow":["GET"]}}],"collection":[{"href":"https:\/\/apador.org\/en\/wp-json\/wp\/v2\/posts"}],"about":[{"href":"https:\/\/apador.org\/en\/wp-json\/wp\/v2\/types\/post"}],"author":[{"embeddable":true,"href":"https:\/\/apador.org\/en\/wp-json\/wp\/v2\/users\/2"}],"replies":[{"embeddable":true,"href":"https:\/\/apador.org\/en\/wp-json\/wp\/v2\/comments?post=1493"}],"version-history":[{"count":0,"href":"https:\/\/apador.org\/en\/wp-json\/wp\/v2\/posts\/1493\/revisions"}],"wp:attachment":[{"href":"https:\/\/apador.org\/en\/wp-json\/wp\/v2\/media?parent=1493"}],"wp:term":[{"taxonomy":"category","embeddable":true,"href":"https:\/\/apador.org\/en\/wp-json\/wp\/v2\/categories?post=1493"},{"taxonomy":"post_tag","embeddable":true,"href":"https:\/\/apador.org\/en\/wp-json\/wp\/v2\/tags?post=1493"}],"curies":[{"name":"wp","href":"https:\/\/api.w.org\/{rel}","templated":true}]}}