{"id":1497,"date":"2005-02-15T00:00:00","date_gmt":"2005-02-15T00:00:00","guid":{"rendered":"http:\/\/www.apador.org\/seamus\/protestul-apador-ch-impotriva-inclcrii-libertii-de-exprimare-in-cazul-bsescu-ciuvic-2\/"},"modified":"2005-02-15T00:00:00","modified_gmt":"2005-02-15T00:00:00","slug":"protestul-apador-ch-impotriva-inclcrii-libertii-de-exprimare-in-cazul-bsescu-ciuvic-2","status":"publish","type":"post","link":"https:\/\/apador.org\/en\/protestul-apador-ch-impotriva-inclcrii-libertii-de-exprimare-in-cazul-bsescu-ciuvic-2\/","title":{"rendered":"PROTESTUL APADOR-CH \u00eempotriva \u00eenc&#259;lc&#259;rii libert&#259;&#355;ii de exprimare \u00een cazul B&#259;sescu-Ciuvic&#259;"},"content":{"rendered":"<p class=\"qtranxs-available-languages-message qtranxs-available-languages-message-en\">Sorry, this entry is only available in <a href=\"https:\/\/apador.org\/ro\/wp-json\/wp\/v2\/posts\/1497\" class=\"qtranxs-available-language-link qtranxs-available-language-link-ro\" title=\"Rom\u00e2n\u0103\">Rom\u00e2n\u0103<\/a>. For the sake of viewer convenience, the content is shown below in the alternative language. You may click the link to switch the active language.<\/p><p><\/p>\n<p align=\"justify\"><b>APADOR-CH \u00ee&#351;i exprim&#259; dezacordul fa&#355;&#259; de hot&#259;r\u00e2rea<br \/>\n  judec&#259;toreasc&#259; prin care s-a solu&#355;ionat procesul de calomnie intentat de dl.<br \/>\n  Traian B&#259;sescu, actualul Pre&#351;edinte al Rom\u00e2niei,\u00a0 \u00eempotriva dlui. Mugur Ciuvic&#259;. Asocia&#355;ia<br \/>\n  consider&#259; c&#259; decizia instan&#355;ei reprezint&#259; o \u00eenc&#259;lcare a libert&#259;&#355;ii de<br \/>\nexprimare. <\/b><\/p>\n<p align=\"justify\">Printr-o recent&#259; decizie<br \/>\n  a Tribunalului Bucure&#351;ti, care este definitiv&#259;, dl. Mugur Ciuvic&#259; a fost<br \/>\n  obligat la plata sumei de 500.000.000 lei, cu titlu de daune morale, c&#259;tre dl.<br \/>\nTraian B&#259;sescu, pre&#351;edinte al &#355;&#259;rii.<\/p>\n<p align=\"justify\">Dl. Ciuvic&#259; a fost<br \/>\n  obligat la plata unei sume exorbitante, deoarece, \u00een cursul anului electoral<br \/>\n  2004, a pus \u00een discu&#355;ie, baz\u00e2ndu-se pe unele documente, o chestiune de interes<br \/>\n  public privind rela&#355;ia cu structurile Securit&#259;&#355;ii a unui politician, pre&#351;edinte<br \/>\n  de partid &#351;i de&#355;in&#259;tor al unei func&#355;ii publice (Primar General al Municipiului<br \/>\nBucure&#351;ti). <\/p>\n<p align=\"justify\">Hot&#259;r\u00e2rea Tribunalului<br \/>\n  Bucure&#351;ti \u00een cazul dlui. Ciuvic&#259; contravine jurispruden&#355;ei constante a Cur&#355;ii<br \/>\n  Europene a Drepturilor Omului, potrivit c&#259;reia &quot;<b>limitele criticii acceptabile sunt mai largi cu privire la politicieni<br \/>\n    dec\u00e2t \u00een raport cu indivizii obi&#351;nui&#355;i<\/b>. [&#8230;] <b>Politicienii trebuie s&#259; accepte \u00een mod inevitabil &#351;i con&#351;tient<br \/>\n      verificarea fiec&#259;rui cuv\u00e2nt &#351;i fiec&#259;rei fapte <\/b>[&#8230;]<b> &#351;i, \u00een consecin&#355;&#259;, trebuie s&#259; dovedeasc&#259; un grad mai mare de<br \/>\n        toleran&#355;&#259;.<\/b>&quot; Tot potrivit jurispruden&#355;ei Cur&#355;ii Europene,<b> cerin&#355;ele protec&#355;iei onoarei &#351;i reputa&#355;iei<br \/>\n          politicienilor trebuie c\u00e2nt&#259;rite \u00een raport cu interesele dezbaterii libere a<br \/>\n          chestiunilor politice, care constituie un element esen&#355;ial pentru o societate<br \/>\n          democratic&#259;<\/b> (cazul <i>Lingens<\/i> contra<br \/>\n<i>Austriei<\/i>).<\/p>\n<p align=\"justify\"><b>Obligarea unei persoane la plata de daune morale<br \/>\n  dispropor&#355;ionate pentru afirma&#355;ii critice la adresa politicienilor constituie<br \/>\n  un precedent periculos, care poate inhiba dezbaterile deschise \u00een leg&#259;tur&#259; cu<br \/>\n  chestiunile de interes public &#351;i reprezint&#259; o amenin&#355;are real&#259; la adresa<br \/>\nlibert&#259;&#355;ii de exprimare, drept fundamental \u00eentr-o societate democratic&#259;.<\/b><\/p>\n<p align=\"justify\"><b>APADOR-CH cere autorit&#259;&#355;ilor publice s&#259; se ab&#355;in&#259; de la<br \/>\n  orice fapte sau acte de natur&#259; s&#259; descurajeze exprimarea opiniilor critice,<br \/>\n  inclusiv la adresa politicienilor. Simpla enun&#355;are a unor principii democratice,<br \/>\nf&#259;r&#259; aplicarea lor \u00een practic&#259;, nu duce la democratizarea unei societ&#259;&#355;i<\/b>.<\/p>\n<p><\/p>","protected":false},"excerpt":{"rendered":"<p>APADOR-CH \u00ee&#351;i exprim&#259; dezacordul fa&#355;&#259; de hot&#259;r\u00e2rea judec&#259;toreasc&#259; prin care s-a solu&#355;ionat procesul de calomnie intentat de dl. Traian B&#259;sescu, actualul Pre&#351;edinte al Rom\u00e2niei,\u00a0\u00eempotriva dlui. Mugur Ciuvic&#259;. Asocia&#355;ia consider&#259; c&#259; decizia instan&#355;ei reprezint&#259; o \u00eenc&#259;lcare a libert&#259;&#355;ii de exprimare. <\/p>\n","protected":false},"author":2,"featured_media":0,"comment_status":"closed","ping_status":"open","sticky":false,"template":"","format":"standard","meta":{"footnotes":""},"categories":[29],"tags":[],"class_list":["post-1497","post","type-post","status-publish","format-standard","hentry","category-comunicate"],"_links":{"self":[{"href":"https:\/\/apador.org\/en\/wp-json\/wp\/v2\/posts\/1497","targetHints":{"allow":["GET"]}}],"collection":[{"href":"https:\/\/apador.org\/en\/wp-json\/wp\/v2\/posts"}],"about":[{"href":"https:\/\/apador.org\/en\/wp-json\/wp\/v2\/types\/post"}],"author":[{"embeddable":true,"href":"https:\/\/apador.org\/en\/wp-json\/wp\/v2\/users\/2"}],"replies":[{"embeddable":true,"href":"https:\/\/apador.org\/en\/wp-json\/wp\/v2\/comments?post=1497"}],"version-history":[{"count":0,"href":"https:\/\/apador.org\/en\/wp-json\/wp\/v2\/posts\/1497\/revisions"}],"wp:attachment":[{"href":"https:\/\/apador.org\/en\/wp-json\/wp\/v2\/media?parent=1497"}],"wp:term":[{"taxonomy":"category","embeddable":true,"href":"https:\/\/apador.org\/en\/wp-json\/wp\/v2\/categories?post=1497"},{"taxonomy":"post_tag","embeddable":true,"href":"https:\/\/apador.org\/en\/wp-json\/wp\/v2\/tags?post=1497"}],"curies":[{"name":"wp","href":"https:\/\/api.w.org\/{rel}","templated":true}]}}