{"id":1508,"date":"2007-01-23T00:00:00","date_gmt":"2007-01-23T00:00:00","guid":{"rendered":"http:\/\/www.apador.org\/seamus\/comunicat-cu-privire-la-decizia-curtii-constitutionale-nr-62-din-18-ianuarie-2007-privind-neconstitutionalitatea-abrogarii-infractiunilor-de-insulta-si-calomnie-2\/"},"modified":"2007-01-23T00:00:00","modified_gmt":"2007-01-23T00:00:00","slug":"comunicat-cu-privire-la-decizia-curtii-constitutionale-nr-62-din-18-ianuarie-2007-privind-neconstitutionalitatea-abrogarii-infractiunilor-de-insulta-si-calomnie-2","status":"publish","type":"post","link":"https:\/\/apador.org\/en\/comunicat-cu-privire-la-decizia-curtii-constitutionale-nr-62-din-18-ianuarie-2007-privind-neconstitutionalitatea-abrogarii-infractiunilor-de-insulta-si-calomnie-2\/","title":{"rendered":"COMUNICAT CU PRIVIRE LA DECIZIA CURTII CONSTITUTIONALE NR. 62 DIN 18 IANUARIE 2007 PRIVIND NECONSTITUTIONALITATEA ABROGARII INFRACTIUNILOR DE INSULTA SI CALOMNIE"},"content":{"rendered":"<p class=\"qtranxs-available-languages-message qtranxs-available-languages-message-en\">Sorry, this entry is only available in <a href=\"https:\/\/apador.org\/ro\/wp-json\/wp\/v2\/posts\/1508\" class=\"qtranxs-available-language-link qtranxs-available-language-link-ro\" title=\"Rom\u00e2n\u0103\">Rom\u00e2n\u0103<\/a>. For the sake of viewer convenience, the content is shown below in the alternative language. You may click the link to switch the active language.<\/p><p><\/p>\n<p align=\"justify\">APADOR-CH a luat cuno&#351;tin&#355;&#259; cu \u00eengrijorare de decizia<br \/>\n  Cur&#355;ii Constitu&#355;ionale de a declara drept neconstitu&#355;ional&#259;<br \/>\n  abrogarea infrac&#355;iunilor de insult&#259; &#351;i calomnie, ce erau<br \/>\n  prev&#259;zute \u00een art.205-206 din Codul penal. Trebuie \u00eens&#259; precizat c&#259;<br \/>\n  acest&#259; decizie nu duce automat la reincriminarea celor dou&#259; fapte<br \/>\n  deoarece, potrivit art. 62 alin. 3 din Legea nr. 24\/2000 privind tehnica<br \/>\n  legislativ&#259;, \u201e<b>abrogarea unei dispozi&#355;ii sau a unui act normativ are<br \/>\n    caracter definitiv\u201d<\/b>. Asupra abrog&#259;rii<br \/>\n  nu se poate reveni nici direct &#351;i nici indirect, pe calea unei decizii de<br \/>\n  neconstitu&#355;ionalitate. Singurul mod \u00een care insulta &#351;i calomnia ar<br \/>\n  putea fi din nou calificate drept infra&#355;iuni este printr-o lege<br \/>\nadoptat&#259; de c&#259;tre Parlamentul Rom\u00e2niei.<\/p>\n<p align=\"justify\">\u00cen aceast&#259; privin&#355;&#259;, APADOR-CH reafirm&#259; c&#259; <b>nu este necesar&#259; declararea ca<br \/>\n  infrac&#355;iuni a faptelor de def&#259;imare<\/b> pentru a ap&#259;ra onoarea<br \/>\n  &#351;i reputa&#355;ia persoanelor. Reglement&#259;rile existente permit<br \/>\n  ap&#259;rarea acestor valori prin mijloace civile, \u00een deplin&#259;<br \/>\n  concordan&#355;&#259; cu cerin&#355;ele constitu&#355;ionale, deoarece<br \/>\n  nic&#259;ieri \u00een cuprinsul Constitu&#355;iei nu se men&#355;ioneaz&#259;<br \/>\n  c&#259; onoarea &#351;i reputa&#355;ia persoanelor trebuie protejate prin <i>mijloace penale<\/i>. De aceea, APADOR-CH<br \/>\n  \u00ee&#351;i exprim&#259; suprinderea cu privire la concluzia la care a ajuns<br \/>\n  Curtea Constitu&#355;ional&#259; &#351;i reaminte&#351;te c&#259; prevederile<br \/>\n  avute \u00een vedere de decizia acestui for au fost folosite \u00een nenum&#259;rate<br \/>\n  r\u00e2nduri pentru a limita exerci&#355;iul unui alt drept constitu&#355;ional, cel<br \/>\n  la liber&#259; exprimare. \u00cen acest sens, Curtea European&#259; a Drepturilor<br \/>\n  Omului a pronun&#355;at trei hot&#259;r\u00e2ri \u00eempotriva Rom\u00e2niei, \u00een urma<br \/>\n  condamn&#259;rii de c&#259;tre instan&#355;ele interne a unor jurnali&#351;ti<br \/>\n  pentru insult&#259; &#351;i calmonie, exact pe baza prevederilor readuse \u00een<br \/>\ndiscu&#355;ie de Curtea Constitu&#355;ional&#259;.<\/p>\n<p align=\"justify\"><b>APADOR-CH solicit&#259;<br \/>\n  Parlamentului Rom\u00e2niei s&#259; nu adopte<\/b>, ca urmare a deciziei Cur&#355;ii<br \/>\n  Constitu&#355;ionale, <b>prevederi care<br \/>\n    s&#259; reincrimineze insulta &#351;i calomnia &#351;i care sunt de natur&#259;<br \/>\n  s&#259; \u00eengr&#259;deasc&#259; libertatea de exprimare<\/b>, valoare<br \/>\n  esen&#355;ial&#259; pentru o societate democratic&#259;. \u00cen m&#259;sura \u00een care<br \/>\n  se consider&#259; c&#259; mijloacele nepenale existente pentru ap&#259;rarea<br \/>\n  onoarei &#351;i reputa&#355;iei nu ar fi suficiente, mult mai util&#259; ar fi<br \/>\n  actualizarea &#351;i modernizarea legisla&#355;iei cu privire la acestea, dec\u00e2t<br \/>\n  revenirea la un sistem \u00een care aproape orice fapt&#259; ilicit&#259; este<br \/>\ntransformat&#259; \u00een infrac&#355;iune.<\/p>\n<p><\/p>","protected":false},"excerpt":{"rendered":"<p>APADOR-CH a luat cuno&#351;tin&#355;&#259; cu \u00eengrijorare de decizia Cur&#355;ii Constitu&#355;ionale de a declara drept neconstitu&#355;ional&#259; abrogarea infrac&#355;iunilor de insult&#259; &#351;i calomnie, ce erau prev&#259;zute \u00een art.205-206 din Codul penal<\/p>\n","protected":false},"author":2,"featured_media":0,"comment_status":"closed","ping_status":"open","sticky":false,"template":"","format":"standard","meta":{"footnotes":""},"categories":[29],"tags":[],"class_list":["post-1508","post","type-post","status-publish","format-standard","hentry","category-comunicate"],"_links":{"self":[{"href":"https:\/\/apador.org\/en\/wp-json\/wp\/v2\/posts\/1508","targetHints":{"allow":["GET"]}}],"collection":[{"href":"https:\/\/apador.org\/en\/wp-json\/wp\/v2\/posts"}],"about":[{"href":"https:\/\/apador.org\/en\/wp-json\/wp\/v2\/types\/post"}],"author":[{"embeddable":true,"href":"https:\/\/apador.org\/en\/wp-json\/wp\/v2\/users\/2"}],"replies":[{"embeddable":true,"href":"https:\/\/apador.org\/en\/wp-json\/wp\/v2\/comments?post=1508"}],"version-history":[{"count":0,"href":"https:\/\/apador.org\/en\/wp-json\/wp\/v2\/posts\/1508\/revisions"}],"wp:attachment":[{"href":"https:\/\/apador.org\/en\/wp-json\/wp\/v2\/media?parent=1508"}],"wp:term":[{"taxonomy":"category","embeddable":true,"href":"https:\/\/apador.org\/en\/wp-json\/wp\/v2\/categories?post=1508"},{"taxonomy":"post_tag","embeddable":true,"href":"https:\/\/apador.org\/en\/wp-json\/wp\/v2\/tags?post=1508"}],"curies":[{"name":"wp","href":"https:\/\/api.w.org\/{rel}","templated":true}]}}