{"id":1513,"date":"2007-10-12T00:00:00","date_gmt":"2007-10-12T00:00:00","guid":{"rendered":"http:\/\/www.apador.org\/seamus\/poziia-apador-ch-cu-privire-la-dezvluirile-vizandu-l-pe-fostul-ministru-decebal-traian-reme-2\/"},"modified":"2007-10-12T00:00:00","modified_gmt":"2007-10-12T00:00:00","slug":"poziia-apador-ch-cu-privire-la-dezvluirile-vizandu-l-pe-fostul-ministru-decebal-traian-reme-2","status":"publish","type":"post","link":"https:\/\/apador.org\/en\/poziia-apador-ch-cu-privire-la-dezvluirile-vizandu-l-pe-fostul-ministru-decebal-traian-reme-2\/","title":{"rendered":"Pozi&#355;ia APADOR-CH cu privire la dezv&#259;luirile viz\u00e2ndu-l pe fostul ministru Decebal Traian Reme&#351;"},"content":{"rendered":"<p class=\"qtranxs-available-languages-message qtranxs-available-languages-message-en\">Sorry, this entry is only available in <a href=\"https:\/\/apador.org\/ro\/wp-json\/wp\/v2\/posts\/1513\" class=\"qtranxs-available-language-link qtranxs-available-language-link-ro\" title=\"Rom\u00e2n\u0103\">Rom\u00e2n\u0103<\/a>. For the sake of viewer convenience, the content is shown below in the alternative language. You may click the link to switch the active language.<\/p><p><\/p>\n<p align=\"justify\">In seara zilei de 10 octombrie<br \/>\n  a.c. Televiziunea Rom\u00e2n&#259; a prezentat un material filmat din care<br \/>\n  reie&#351;ea c&#259; dl.Decebal Traian Reme&#351;, pe atunci \u00eenc&#259; ministru<br \/>\n  al agriculturii, ar fi comis, \u00eempreun&#259; cu alt fost ministru &#351;i un om<br \/>\n  de afaceri, fapte de natur&#259; penal&#259;. In mod evident, <i>justi&#355;ia este cea care va stabili<br \/>\n    dac&#259; &#351;i \u00een ce m&#259;sur&#259; cele trei persoane implicate au<br \/>\n  \u00eenc&#259;lcat legea, cu respectarea prezum&#355;iei de nevinov&#259;&#355;ie pe<br \/>\n\u00eentreaga durat&#259; a procesului penal.<\/i><\/p>\n<p align=\"justify\">Dezv&#259;luirile din mass media<br \/>\n  pot duce \u2013 sau nu \u2013 la declan&#351;area procesului penal. Rolul lor<br \/>\n  esen&#355;ial este \u00eens&#259; acela de a <i>informa<br \/>\n    opinia public&#259;<\/i>, \u00een principal cu privire la faptele, atitudinile sau<br \/>\n  reac&#355;iile persoanelor aflate \u00een func&#355;ii oficiale. Curtea<br \/>\n  European&#259; a Drepturilor Omului a stabilit &#351;i repetat \u00een numeroase<br \/>\n  cauze c&#259; aceast&#259; categorie de persoane, denumit&#259; generic <i>politicieni, <\/i>trebuie s&#259; accepte<br \/>\n  at\u00e2t critici mai dure c\u00e2t &#351;i riscul de a se afla \u00een permanen&#355;&#259;<br \/>\n  \u00een aten&#355;ia public&#259;. <i>Politicienii<br \/>\n  <\/i>trebuie s&#259; &#351;tie c&#259; sunt mai expu&#351;i dec\u00e2t oamenii<br \/>\n  obi&#351;nui&#355;i &#351;i mai pu&#355;in proteja&#355;i dec\u00e2t ace&#351;tia.<br \/>\n  Este firesc s&#259; fie a&#351;a pentru c&#259; ei au puteri decizionale<br \/>\n  &#351;i, prin hot&#259;r\u00eerile pe care le iau, influen&#355;eaz&#259; via&#355;a<br \/>\n  a milioanele de persoane. Dezv&#259;luirile f&#259;cute de TVR sunt,<br \/>\n  f&#259;r&#259; \u00eendoial&#259;, de <i>interes<br \/>\n    public<\/i>, cu at\u00e2t mai mult cu c\u00e2t este vorba despre conduc&#259;torul unuia<br \/>\ndin cele mai importante ministere din Rom\u00e2nia.<\/p>\n<p align=\"justify\">APADOR-CH atrage aten&#355;ia<br \/>\n  c&#259; jurnali&#351;tii de la TVR au dreptul de a-&#351;i proteja sursele.<br \/>\n  Potrivit jurispruden&#355;ei Cur&#355;ii Europene a Drepturilor Omului,<br \/>\n  protec&#355;ia surselor jurnalistice este esen&#355;ial&#259; pentru ca presa<br \/>\n  s&#259; \u00ee&#351;i poat&#259; exercita rolul de <i>c\u00e2ine de paz&#259; al democra&#355;iei.<\/i> \u00cen lipsa unei astfel de<br \/>\n  protec&#355;ii, jurnali&#351;tii nu ar mai avea posibilitatea real&#259; de a<br \/>\n  investiga &#351;i de a aduce la cuno&#351;tin&#355;a publicului aspecte<br \/>\nreprobabile din interiorul institu&#355;iilor publice.<\/p>\n<p align=\"justify\">In acela&#351;i timp, APADOR-CH<br \/>\n  protesteaz&#259; fa&#355;&#259; de decizia pre&#351;edintelui Consiliului de<br \/>\n  Administra&#355;ie al TVR de a <i>interzice <\/i>difuzarea<br \/>\n  pe post a celui de al doilea episod al materialului despre fostul ministru al<br \/>\n  agriculturii &#351;i celelalte persoane implicate. In opinia asocia&#355;iei,<br \/>\n  aceast&#259; decizie \u00eenseamn&#259; <i>cenzur&#259;, <\/i>m&#259;sur&#259; ce ar putea fi justificat&#259; numai dac&#259; ar fi<br \/>\n  vorba de un <i>pericol real &#351;i<br \/>\n    demonstrabil la adresa siguran&#355;ei na&#355;ionale, <\/i>ceea ce, evident <b>nu <\/b>este cazul. APADOR-CH consider&#259;<br \/>\n  c&#259; pre&#351;edintele CA al TVR ar trebui s&#259;-&#351;i dea demisia<br \/>\nimediat sau s&#259; fie demis.<\/p>\n<p><\/p>","protected":false},"excerpt":{"rendered":"<p>In seara zilei de 10 octombrie a.c. Televiziunea Rom\u00e2n&#259; a prezentat un material filmat din care reie&#351;ea c&#259; dl.Decebal Traian Reme&#351;, pe atunci \u00eenc&#259; ministru al agriculturii, ar fi comis, \u00eempreun&#259; cu alt fost ministru &#351;i un om de afaceri, fapte de natur&#259; penal&#259;. <\/p>\n","protected":false},"author":2,"featured_media":0,"comment_status":"closed","ping_status":"open","sticky":false,"template":"","format":"standard","meta":{"footnotes":""},"categories":[29],"tags":[],"class_list":["post-1513","post","type-post","status-publish","format-standard","hentry","category-comunicate"],"_links":{"self":[{"href":"https:\/\/apador.org\/en\/wp-json\/wp\/v2\/posts\/1513","targetHints":{"allow":["GET"]}}],"collection":[{"href":"https:\/\/apador.org\/en\/wp-json\/wp\/v2\/posts"}],"about":[{"href":"https:\/\/apador.org\/en\/wp-json\/wp\/v2\/types\/post"}],"author":[{"embeddable":true,"href":"https:\/\/apador.org\/en\/wp-json\/wp\/v2\/users\/2"}],"replies":[{"embeddable":true,"href":"https:\/\/apador.org\/en\/wp-json\/wp\/v2\/comments?post=1513"}],"version-history":[{"count":0,"href":"https:\/\/apador.org\/en\/wp-json\/wp\/v2\/posts\/1513\/revisions"}],"wp:attachment":[{"href":"https:\/\/apador.org\/en\/wp-json\/wp\/v2\/media?parent=1513"}],"wp:term":[{"taxonomy":"category","embeddable":true,"href":"https:\/\/apador.org\/en\/wp-json\/wp\/v2\/categories?post=1513"},{"taxonomy":"post_tag","embeddable":true,"href":"https:\/\/apador.org\/en\/wp-json\/wp\/v2\/tags?post=1513"}],"curies":[{"name":"wp","href":"https:\/\/api.w.org\/{rel}","templated":true}]}}