{"id":1523,"date":"2008-04-02T00:00:00","date_gmt":"2008-04-02T00:00:00","guid":{"rendered":"http:\/\/www.apador.org\/seamus\/comunicat-de-presa-4\/"},"modified":"2008-04-02T00:00:00","modified_gmt":"2008-04-02T00:00:00","slug":"comunicat-de-presa-4","status":"publish","type":"post","link":"https:\/\/apador.org\/en\/comunicat-de-presa-4\/","title":{"rendered":"COMUNICAT DE PRESA"},"content":{"rendered":"<p class=\"qtranxs-available-languages-message qtranxs-available-languages-message-en\">Sorry, this entry is only available in <a href=\"https:\/\/apador.org\/ro\/wp-json\/wp\/v2\/posts\/1523\" class=\"qtranxs-available-language-link qtranxs-available-language-link-ro\" title=\"Rom\u00e2n\u0103\">Rom\u00e2n\u0103<\/a>. For the sake of viewer convenience, the content is shown below in the alternative language. You may click the link to switch the active language.<\/p><p><\/p>\n<p align=\"justify\">Centrul de Resurse<br \/>\n  Juridice, APADOR-CH &#351;i Agen&#355;ia de Monitorizare a Presei \u00ee&#351;i<br \/>\n  exprim&#259; \u00eengrijorarea fa&#355;&#259; de re&#355;inerea \u00een cursul acestei<br \/>\n  zile de c&#259;tre Poli&#355;ia rom\u00e2n&#259;, a unui num&#259;r de cet&#259;&#355;eni<br \/>\nrom\u00e2ni &#351;i str&#259;ini \u00een zona Timpuri Noi. <\/p>\n<p align=\"justify\">Cerem Poli&#355;iei<br \/>\nRom\u00e2ne s&#259; comunice de \u00eendat&#259;:<br \/>\n&#8211;&nbsp;&nbsp;&nbsp;&nbsp;&nbsp;&nbsp;&nbsp;&nbsp;<br \/>\n  care este motivul legal care a \u00eendrept&#259;&#355;it<br \/>\n  intrarea cu for&#355;a \u00eentr-un spa&#355;iu privat a trupelor speciale &#351;i<br \/>\nre&#355;inerea acestor persoane;<br \/>\n&#8211;&nbsp;&nbsp;&nbsp;&nbsp;&nbsp;&nbsp;&nbsp;&nbsp;<br \/>\n  care sunt acuza&#355;iile pentru care au<br \/>\nfost priva&#355;i de libertate;<br \/>\n&#8211;&nbsp;&nbsp;&nbsp;&nbsp;&nbsp;&nbsp;&nbsp;&nbsp;<br \/>\n  dac&#259; aceste acuza&#355;ii le-au fost<br \/>\n  aduse la cuno&#351;tin&#355;&#259; &#351;i dac&#259; au avut interpre&#355;i &#351;i<br \/>\navoca&#355;i din oficiu;<br \/>\n&#8211;&nbsp;&nbsp;&nbsp;&nbsp;&nbsp;&nbsp;&nbsp;&nbsp;<br \/>\n  dac&#259; a fi militant anti NATO este o<br \/>\n  infrac&#355;iune \u00een Rom\u00e2nia, &#351;i dac&#259; da, care este actul normativ<br \/>\ncare a reglementat aceasta;<br \/>\n&#8211;&nbsp;&nbsp;&nbsp;&nbsp;&nbsp;&nbsp;&nbsp;&nbsp;<br \/>\n  care este temeiul legal al interzicerii<br \/>\noric&#259;ror ac&#355;iuni pa&#351;nice anti NATO. <\/p>\n<p align=\"justify\">Atragem aten&#355;ia<br \/>\n  c&#259; astfel de ac&#355;iuni nefundamentate legal sunt abuzive, aduc\u00e2ndu-se<br \/>\n  un prejudiciu de imagine Rom\u00e2niei, care se pretinde a fi un stat de drept,<br \/>\n  democratic. Nu \u00een ultimul r\u00e2nd, acestea constituie premisele infrac&#355;iunii<br \/>\nde arestare nelegal&#259; &#351;i cercetare abuziv&#259;.<\/p>\n<p align=\"justify\">\u00cen cazul \u00een care nu<br \/>\n  exist&#259; motive legale pentru re&#355;inerea acestor persoane &#351;i pentru<br \/>\n  interzicerea manifesta&#355;iilor anti NATO, solicit&#259;m Poli&#355;iei &#351;i<br \/>\n  Statului Rom\u00e2n s&#259; ia m&#259;suri pentru p&#259;strarea valorilor democra&#355;iei<br \/>\n  &#351;i statului de drept, pun\u00e2nd \u00een libertate pe to&#355;i cei retinu&#355;i &#351;i<br \/>\n  permi&#355;\u00e2nd desf\u00e2&#351;urarea tuturor activit&#259;&#355;ilor legale pe care<br \/>\nace&#351;tia \u00eenteleg s&#259; le desf&#259;&#351;oare.<\/p>\n<p align=\"justify\">&nbsp;<\/p>\n<p align=\"justify\">Persoane de<br \/>\ncontact:<\/p>\n<p align=\"justify\">CRJ: Georgiana<br \/>\nIorgulescu, Directoare Executiv&#259; &#8211; 0722-505.181<br \/>\nAPADOR-CH: Diana<br \/>\nHatneanu, Directoare Executiv&#259; &#8211; 0722-467.034<br \/>\nAMP: Liana Ganea &#8211;<br \/>\n0723-306.308, R&#259;zvan Martin &#8211; 0729-199.393<\/p>\n<p><\/p>","protected":false},"excerpt":{"rendered":"<p>Centrul de Resurse Juridice, APADOR-CH &#351;i Agen&#355;ia de Monitorizare a Presei \u00ee&#351;i exprim&#259; \u00eengrijorarea fa&#355;&#259; de re&#355;inerea \u00een cursul acestei zile de c&#259;tre Poli&#355;ia rom\u00e2n&#259;, a unui num&#259;r de cet&#259;&#355;eni rom\u00e2ni &#351;i str&#259;ini \u00een zona Timpuri Noi. <\/p>\n","protected":false},"author":2,"featured_media":0,"comment_status":"closed","ping_status":"open","sticky":false,"template":"","format":"standard","meta":{"footnotes":""},"categories":[29],"tags":[],"class_list":["post-1523","post","type-post","status-publish","format-standard","hentry","category-comunicate"],"_links":{"self":[{"href":"https:\/\/apador.org\/en\/wp-json\/wp\/v2\/posts\/1523","targetHints":{"allow":["GET"]}}],"collection":[{"href":"https:\/\/apador.org\/en\/wp-json\/wp\/v2\/posts"}],"about":[{"href":"https:\/\/apador.org\/en\/wp-json\/wp\/v2\/types\/post"}],"author":[{"embeddable":true,"href":"https:\/\/apador.org\/en\/wp-json\/wp\/v2\/users\/2"}],"replies":[{"embeddable":true,"href":"https:\/\/apador.org\/en\/wp-json\/wp\/v2\/comments?post=1523"}],"version-history":[{"count":0,"href":"https:\/\/apador.org\/en\/wp-json\/wp\/v2\/posts\/1523\/revisions"}],"wp:attachment":[{"href":"https:\/\/apador.org\/en\/wp-json\/wp\/v2\/media?parent=1523"}],"wp:term":[{"taxonomy":"category","embeddable":true,"href":"https:\/\/apador.org\/en\/wp-json\/wp\/v2\/categories?post=1523"},{"taxonomy":"post_tag","embeddable":true,"href":"https:\/\/apador.org\/en\/wp-json\/wp\/v2\/tags?post=1523"}],"curies":[{"name":"wp","href":"https:\/\/api.w.org\/{rel}","templated":true}]}}