{"id":1540,"date":"2009-02-13T00:00:00","date_gmt":"2009-02-13T00:00:00","guid":{"rendered":"http:\/\/www.apador.org\/seamus\/comunicat-cu-privire-la-proiectele-de-cod-penal-si-cod-de-procedura-penala-2\/"},"modified":"2009-02-13T00:00:00","modified_gmt":"2009-02-13T00:00:00","slug":"comunicat-cu-privire-la-proiectele-de-cod-penal-si-cod-de-procedura-penala-2","status":"publish","type":"post","link":"https:\/\/apador.org\/en\/comunicat-cu-privire-la-proiectele-de-cod-penal-si-cod-de-procedura-penala-2\/","title":{"rendered":"COMUNICAT CU PRIVIRE LA PROIECTELE DE COD PENAL SI COD DE PROCEDURA PENALA"},"content":{"rendered":"<p class=\"qtranxs-available-languages-message qtranxs-available-languages-message-en\">Sorry, this entry is only available in <a href=\"https:\/\/apador.org\/ro\/wp-json\/wp\/v2\/posts\/1540\" class=\"qtranxs-available-language-link qtranxs-available-language-link-ro\" title=\"Rom\u00e2n\u0103\">Rom\u00e2n\u0103<\/a>. For the sake of viewer convenience, the content is shown below in the alternative language. You may click the link to switch the active language.<\/p><p><\/p>\n<p style='text-align:justify'>Ast&#259;zi, 13<br \/>\n    februarie 2009, \u00een urma declara&#355;iilor publice ale pre&#351;edin&#355;ilor<br \/>\n    celor dou&#259; Camere conform c&#259;rora proiectele Codului penal &#351;i<br \/>\n    Codului de procedur&#259; penal&#259; vor intra \u00een dezbatere parlamentar&#259;,<br \/>\n    APADOR-CH a transmis acestora, precum &#351;i liderilor grupurilor politice din<br \/>\n    Parlament, pre&#351;edin&#355;ilor Comisiilor juridice, primului-ministru<br \/>\n  &#351;i ministrului justi&#355;iei comentariile sale pe marginea proiectelor.<\/p>\n<p style='text-align:justify'>\u00cen proiectul <i>Codului de procedur&#259; penal&#259;<\/i>, a<br \/>\n    c&#259;rui form&#259; final&#259; nu a fost supus&#259; unei reale dezbateri<br \/>\n    publice p\u00e2n&#259; \u00een prezent, exist&#259; <b>prevederi<br \/>\n    care limiteaz&#259; nejustificat dreptul la ap&#259;rare<\/b>, care <b>\u00eencalc&#259; dreptul la via&#355;&#259; privat&#259;<\/b> sau care <b>\u00eencurajeaz&#259; supunera la rele<br \/>\n    tratamente<\/b> a persoanelor acuzate de comiterea unor infrac&#355;iuni.<br \/>\n    Mai mult, proiectul prevede <b>posibilitatea<br \/>\n    folosirii<\/b> \u00een procesul penal al <b>probelor<br \/>\n    ob&#355;inute \u00een mod ilegal, inclusiv prin tortur&#259;<\/b>,<br \/>\n  \u00eenc&#259;lc\u00e2ndu-se flagrant at\u00e2t principiul preeminen&#355;ei legii c\u00e2t &#351;i<br \/>\n  interdic&#355;ia absolut&#259;\u00a0 de a folosi tortura.<\/p>\n<p style='text-align:justify'>\u00cen proiectul <i>Codul penal<\/i> exist&#259; prevederi care<b> \u00eencalc&#259; dreptul la liber&#259; exprimare &#351;i<br \/>\n    libertatea presei, <\/b>care <b>limiteaz&#259;<br \/>\n    posibilitatea unei persoane de a ac&#355;iona \u00een legitim&#259; ap&#259;rare<\/b> \u00eempotriva unui atacator, care <b>afecteaz&#259;<br \/>\n    drepturile copilului<\/b> sau care <b>discrimineaz&#259;<br \/>\n    persoanele lipsite de resurse financiare<\/b>. De asemenea, exist&#259;<br \/>\n  pevederi care intr&#259; \u00een <b>contradic&#355;ie<br \/>\n    cu legisla&#355;ia specific&#259; din domeniul protec&#355;iei<br \/>\n    informa&#355;iilor<\/b> clasificate &#351;i a accesului la<br \/>\n  informa&#355;iile de interes public.<\/p>\n<p style='text-align:justify'>APADOR-CH &#351;i<br \/>\n    reaminte&#351;te c&#259; <b>este necesar&#259; o<br \/>\n    real&#259; consultare pe marginea tuturor celor patru Coduri<\/b>, a<br \/>\n    c&#259;rei importan&#355;&#259; a fost sublinat&#259; &#351;i de c&#259;tre<br \/>\n    Comisia European&#259; \u00een Raportul intermediar privind progresele realizate de<br \/>\n    Rom\u00e2nia \u00een cadrul Mecanismului de cooperare &#351;i verificare, din 12<br \/>\n    februarie 2009. Consultarea <b>trebuie s&#259;<br \/>\n    includ&#259; indispensabil &#351;i dezbaterea parlamentar&#259;<\/b>,<br \/>\n    varianta asum&#259;rii r&#259;spunderii Guvernului nefiind acceptabil&#259; din<br \/>\n  acest punct de vedere.<\/p>\n<p style='text-align:justify'>Textul integral<br \/>\n    al comentariilor este anexat prezentului comunicat &#351;i se<br \/>\n  reg&#259;se&#351;te &#351;i pe pagina de Internet a APADOR-CH, www.apador.org. (proiectul de cod penal , proiectul codului de procedur&#259; penal&#259;)<\/p>\n<p style='text-align:justify'>Pentru detalii<br \/>\n  suplimentare: Diana-Olivia Hatneanu, Director executiv, 0733 078 718<\/p>\n<p><\/p>","protected":false},"excerpt":{"rendered":"<p>\u00cen urma declara&#355;iilor publice ale pre&#351;edin&#355;ilor celor dou&#259; Camere conform c&#259;rora proiectele Codului penal &#351;i Codului de procedur&#259; penal&#259; vor intra \u00een dezbatere parlamentar&#259;, APADOR-CH a transmis acestora, precum &#351;i liderilor grupurilor politice din Parlament, pre&#351;edin&#355;ilor Comisiilor juridice, primului-ministru &#351;i ministrului justi&#355;iei comentariile sale pe marginea proiectelor.<\/p>\n","protected":false},"author":2,"featured_media":0,"comment_status":"closed","ping_status":"open","sticky":false,"template":"","format":"standard","meta":{"footnotes":""},"categories":[29],"tags":[],"class_list":["post-1540","post","type-post","status-publish","format-standard","hentry","category-comunicate"],"_links":{"self":[{"href":"https:\/\/apador.org\/en\/wp-json\/wp\/v2\/posts\/1540","targetHints":{"allow":["GET"]}}],"collection":[{"href":"https:\/\/apador.org\/en\/wp-json\/wp\/v2\/posts"}],"about":[{"href":"https:\/\/apador.org\/en\/wp-json\/wp\/v2\/types\/post"}],"author":[{"embeddable":true,"href":"https:\/\/apador.org\/en\/wp-json\/wp\/v2\/users\/2"}],"replies":[{"embeddable":true,"href":"https:\/\/apador.org\/en\/wp-json\/wp\/v2\/comments?post=1540"}],"version-history":[{"count":0,"href":"https:\/\/apador.org\/en\/wp-json\/wp\/v2\/posts\/1540\/revisions"}],"wp:attachment":[{"href":"https:\/\/apador.org\/en\/wp-json\/wp\/v2\/media?parent=1540"}],"wp:term":[{"taxonomy":"category","embeddable":true,"href":"https:\/\/apador.org\/en\/wp-json\/wp\/v2\/categories?post=1540"},{"taxonomy":"post_tag","embeddable":true,"href":"https:\/\/apador.org\/en\/wp-json\/wp\/v2\/tags?post=1540"}],"curies":[{"name":"wp","href":"https:\/\/api.w.org\/{rel}","templated":true}]}}