{"id":1541,"date":"2009-02-17T00:00:00","date_gmt":"2009-02-17T00:00:00","guid":{"rendered":"http:\/\/www.apador.org\/seamus\/comunicat-6\/"},"modified":"2009-02-17T00:00:00","modified_gmt":"2009-02-17T00:00:00","slug":"comunicat-6","status":"publish","type":"post","link":"https:\/\/apador.org\/en\/comunicat-6\/","title":{"rendered":"Comunicat"},"content":{"rendered":"<p class=\"qtranxs-available-languages-message qtranxs-available-languages-message-en\">Sorry, this entry is only available in <a href=\"https:\/\/apador.org\/ro\/wp-json\/wp\/v2\/posts\/1541\" class=\"qtranxs-available-language-link qtranxs-available-language-link-ro\" title=\"Rom\u00e2n\u0103\">Rom\u00e2n\u0103<\/a>. For the sake of viewer convenience, the content is shown below in the alternative language. You may click the link to switch the active language.<\/p><p><\/p>\n<p style='text-align:justify'>Un grup de opt<br \/>\n    organiza&#355;ii neguvernamentale din Rom\u00e2nia, incluz\u00e2nd APADOR-CH, s-a<br \/>\n    adresat, mar&#355;i, 17 februarie 2009, unor membri ai Parlamentului European,<br \/>\n    cer\u00e2ndu-le s&#259; intervin&#259; pentru a opri deteriorarea situa&#355;iei<br \/>\n    libert&#259;&#355;ii de exprimare &#351;i a libert&#259;&#355;ii de asociere \u00een<br \/>\n  Republica Moldova.<\/p>\n<p style='text-align:justify'>Scrisoarea a fost<br \/>\n    adresat&#259; parlamentarilor europeni din comisia parlamentar&#259; EU-Moldova<br \/>\n  &#351;i Directoratului General pentru Rela&#355;ii Externe al Comisiei<br \/>\n    Europene. Ea vine ca reac&#355;ie la recentele incidente petrecute \u00een timpul<br \/>\n    unei manifesta&#355;ii de protest de la Chi&#351;in&#259;u, c\u00e2nd protestatarii<br \/>\n    au fost ataca&#355;i cu gaze lacrimogene de c&#259;tre indivizi masca&#355;i,<br \/>\n    sub ochii poli&#355;iei, care nu a luat nicio m&#259;sur&#259; s&#259;<br \/>\n  \u00eempiedice sau s&#259; opreasc&#259; atacurile, petrecute chiar \u00een fa&#355;a<br \/>\n  cl&#259;dirii procuraturii generale a Republicii Moldova.<\/p>\n<p style='text-align:justify'>G&#259;si&#355;i<br \/>\n        al&#259;turat textul scrisorii (\u00een limba englez&#259;).<\/p>\n<p><\/p>","protected":false},"excerpt":{"rendered":"<p>Un grup de opt organiza&#355;ii neguvernamentale din Rom\u00e2nia, incluz\u00e2nd APADOR-CH, s-a adresat, mar&#355;i, 17 februarie 2009, unor membri ai Parlamentului European, cer\u00e2ndu-le s&#259; intervin&#259; pentru a opri deteriorarea situa&#355;iei libert&#259;&#355;ii de exprimare &#351;i a libert&#259;&#355;ii de asociere \u00een Republica Moldova.<\/p>\n","protected":false},"author":2,"featured_media":0,"comment_status":"closed","ping_status":"open","sticky":false,"template":"","format":"standard","meta":{"footnotes":""},"categories":[29],"tags":[],"class_list":["post-1541","post","type-post","status-publish","format-standard","hentry","category-comunicate"],"_links":{"self":[{"href":"https:\/\/apador.org\/en\/wp-json\/wp\/v2\/posts\/1541","targetHints":{"allow":["GET"]}}],"collection":[{"href":"https:\/\/apador.org\/en\/wp-json\/wp\/v2\/posts"}],"about":[{"href":"https:\/\/apador.org\/en\/wp-json\/wp\/v2\/types\/post"}],"author":[{"embeddable":true,"href":"https:\/\/apador.org\/en\/wp-json\/wp\/v2\/users\/2"}],"replies":[{"embeddable":true,"href":"https:\/\/apador.org\/en\/wp-json\/wp\/v2\/comments?post=1541"}],"version-history":[{"count":0,"href":"https:\/\/apador.org\/en\/wp-json\/wp\/v2\/posts\/1541\/revisions"}],"wp:attachment":[{"href":"https:\/\/apador.org\/en\/wp-json\/wp\/v2\/media?parent=1541"}],"wp:term":[{"taxonomy":"category","embeddable":true,"href":"https:\/\/apador.org\/en\/wp-json\/wp\/v2\/categories?post=1541"},{"taxonomy":"post_tag","embeddable":true,"href":"https:\/\/apador.org\/en\/wp-json\/wp\/v2\/tags?post=1541"}],"curies":[{"name":"wp","href":"https:\/\/api.w.org\/{rel}","templated":true}]}}