{"id":1559,"date":"2010-07-15T00:00:00","date_gmt":"2010-07-15T00:00:00","guid":{"rendered":"http:\/\/www.apador.org\/seamus\/comunicat-apador-ch-5\/"},"modified":"2010-07-15T00:00:00","modified_gmt":"2010-07-15T00:00:00","slug":"comunicat-apador-ch-5","status":"publish","type":"post","link":"https:\/\/apador.org\/en\/comunicat-apador-ch-5\/","title":{"rendered":"Comunicat APADOR-CH"},"content":{"rendered":"<p class=\"qtranxs-available-languages-message qtranxs-available-languages-message-en\">Sorry, this entry is only available in <a href=\"https:\/\/apador.org\/ro\/wp-json\/wp\/v2\/posts\/1559\" class=\"qtranxs-available-language-link qtranxs-available-language-link-ro\" title=\"Rom\u00e2n\u0103\">Rom\u00e2n\u0103<\/a>. For the sake of viewer convenience, the content is shown below in the alternative language. You may click the link to switch the active language.<\/p><p><\/p>\n<p align=\"justify\" style='text-align:justify'>Pe data de 13<br \/>\n    iulie 2010, Curtea European&#259; a Drepturilor Omului s-a pronun&#355;at \u00een cauza <i>Carabulea<\/i> \u00eempotriva Rom\u00e2niei &#351;i a<br \/>\n    condamnat statul rom\u00e2n pentru \u00eenc&#259;lcarea dreptului la via&#355;&#259; &#351;i\u00a0 a dreptului de<br \/>\n    a nu fi supus torturii, tratamentelor inumane sau degradante . Reclamantul,<br \/>\n    Viorel Carabulea, a fost sus&#355;inut \u00een demersurile sale \u00een fa&#355;a Cur&#355;ii Europene<br \/>\n  de APADOR-CH.<\/p>\n<p align=\"justify\" style='text-align:justify'>Reclamantul,<br \/>\n    Viorel Carabulea s-a pl\u00e2ns \u00een fa&#355;a Cur&#355;ii Europene, c&#259; fratele s&#259;u, Gabriel<br \/>\n    Carabulea, \u00een v\u00e2rst&#259; de 27 de ani,\u00a0 a fost\u00a0 torturat de c&#259;tre ofi&#355;eri de<br \/>\n    poli&#355;ie din Bucure&#351;ti,\u00a0 \u00een\u00a0 perioada imediat urm&#259;toare arest&#259;rii sale &#351;i a<br \/>\n    murit \u00een custodia poli&#355;iei \u00een lipsa unui tratement medical corespunz&#259;tor.<br \/>\n    Reclamantul s-a mai pl\u00e2ns &#351;i de\u00a0 faptul c&#259; autorit&#259;&#355;ile rom\u00e2ne nu au f&#259;cut o<br \/>\n    anchet&#259; impar&#355;ial&#259; &#351;i eficient&#259; care s&#259;\u00a0 identifice cauzele mor&#355;ii lui Gabriel<br \/>\n  Carabulea. Faptele au avut loc \u00een aprilie 1996. <\/p>\n<p align=\"justify\" style='text-align:justify'>Curtea Europeana<br \/>\n  a constatat \u00eenc&#259;lcarea Art.2, 3 &#351;i 13\u00a0\u00a0 din\u00a0 Conven&#355;ia European&#259;.<\/p>\n<p align=\"justify\" style='text-align:justify'>\u00a0Curtea a\u00a0<br \/>\n    considerat c&#259; moartea lui Gabriel Carabulea a survenit ca urmare a<br \/>\n    traumatismelor suferite de acesta \u00een timp ce se afla \u00een custodia poli&#355;iei.<br \/>\n    Curtea a re&#355;inut c&#259; autorit&#259;&#355;ile nu i-au acordat acestuia tratament medical<br \/>\n    corespunz&#259;tor,\u00a0 nu au oferit \u201e<i>o explica&#355;ie<br \/>\n    plauzibil&#259;<\/i>\u201d pentru moartea sa &#351;i nu au realizat o anchet&#259; eficient&#259;<br \/>\n    care s&#259; stabileasc&#259; circumstan&#355;ele mor&#355;ii lui Gabriel Carabulea In concluzie,<br \/>\n  statul rom\u00e2n a fost g&#259;sit vinovat de \u00eenc&#259;lcarea articolului 2 al Conventiei <\/p>\n<p align=\"justify\" style='text-align:justify'>Deasemenea,<br \/>\n    Curtea Europeana a Drepturilor Omului a concluzionat\u00a0 c&#259; Articolul 3 din<br \/>\n    Conven&#355;ia European&#259; care garanteaz&#259; dreptul de a nu fi torturat a fost \u00eenc&#259;lcat<br \/>\n    at\u00e2t sub aspect material c\u00e2t &#351;i procedural. Faptul c&#259; reclamantul a fost lipsit<br \/>\n    de\u00a0 o cale de atac eficient&#259;\u00a0 \u00een privin&#355;a\u00a0 decesului fratelui s&#259;u \u00een custodia<br \/>\n    poli&#355;iei a determinat Curtea European&#259; s&#259; constate c&#259; &#351;i articolul 13 din<br \/>\n  Coven&#355;ie a fost \u00eenc&#259;lcat. <\/p>\n<p align=\"justify\" style='text-align:justify'>APADOR-CH atrage<br \/>\n    aten&#355;ia c&#259; prin aceasta hot&#259;r\u00e2re statul rom\u00e2n este condamnat pentru\u00a0 \u00eenc&#259;lcarea<br \/>\n    unor drepturi fundamentale ale omului -dreptul la via&#355;&#259; si dreptul de a nu fi<br \/>\n  torturat sau supus unor tratamente inumane sau degradante.\u00a0 <\/p>\n<p align=\"justify\" style='text-align:justify'>Textul integral<br \/>\n    al hot&#259;r\u00e2rii Carabulea \u00eempotriva Rom\u00e2niei (45661\/99) este disponibil \u00een limba<br \/>\n  englez&#259; pe e-ul www.echr.coe.int. <\/p>\n<p align=\"justify\" style='text-align:justify'>Pentru detalii<br \/>\n  suplimentare:<\/p>\n<p align=\"justify\" style='text-align:justify'>Diana-Olivia<br \/>\n  Hatneanu \u2013director executiv APADOR-CH, telefon 0733.078.718<\/p>\n<p align=\"justify\" style='text-align:justify'>Nicoleta<br \/>\n  Popescu-avocat APADOR-CH, telefon 0733.078.723<\/p>\n<p><\/p>","protected":false},"excerpt":{"rendered":"<p>Pe data de 13 iulie 2010, Curtea European&#259; a Drepturilor Omului s-a pronun&#355;at \u00een cauza Carabulea \u00eempotriva Rom\u00e2niei &#351;i a condamnat statul rom\u00e2n pentru \u00eenc&#259;lcarea dreptului la via&#355;&#259; &#351;i\u00a0a dreptului de a nu fi supus torturii, tratamentelor inumane sau degradante<\/p>\n","protected":false},"author":2,"featured_media":0,"comment_status":"closed","ping_status":"open","sticky":false,"template":"","format":"standard","meta":{"footnotes":""},"categories":[29],"tags":[],"class_list":["post-1559","post","type-post","status-publish","format-standard","hentry","category-comunicate"],"_links":{"self":[{"href":"https:\/\/apador.org\/en\/wp-json\/wp\/v2\/posts\/1559","targetHints":{"allow":["GET"]}}],"collection":[{"href":"https:\/\/apador.org\/en\/wp-json\/wp\/v2\/posts"}],"about":[{"href":"https:\/\/apador.org\/en\/wp-json\/wp\/v2\/types\/post"}],"author":[{"embeddable":true,"href":"https:\/\/apador.org\/en\/wp-json\/wp\/v2\/users\/2"}],"replies":[{"embeddable":true,"href":"https:\/\/apador.org\/en\/wp-json\/wp\/v2\/comments?post=1559"}],"version-history":[{"count":0,"href":"https:\/\/apador.org\/en\/wp-json\/wp\/v2\/posts\/1559\/revisions"}],"wp:attachment":[{"href":"https:\/\/apador.org\/en\/wp-json\/wp\/v2\/media?parent=1559"}],"wp:term":[{"taxonomy":"category","embeddable":true,"href":"https:\/\/apador.org\/en\/wp-json\/wp\/v2\/categories?post=1559"},{"taxonomy":"post_tag","embeddable":true,"href":"https:\/\/apador.org\/en\/wp-json\/wp\/v2\/tags?post=1559"}],"curies":[{"name":"wp","href":"https:\/\/api.w.org\/{rel}","templated":true}]}}