{"id":1561,"date":"2010-08-16T00:00:00","date_gmt":"2010-08-16T00:00:00","guid":{"rendered":"http:\/\/www.apador.org\/seamus\/comunicat-apador-ch-6\/"},"modified":"2010-08-16T00:00:00","modified_gmt":"2010-08-16T00:00:00","slug":"comunicat-apador-ch-6","status":"publish","type":"post","link":"https:\/\/apador.org\/en\/comunicat-apador-ch-6\/","title":{"rendered":"Comunicat APADOR &#8211; CH"},"content":{"rendered":"<p class=\"qtranxs-available-languages-message qtranxs-available-languages-message-en\">Sorry, this entry is only available in <a href=\"https:\/\/apador.org\/ro\/wp-json\/wp\/v2\/posts\/1561\" class=\"qtranxs-available-language-link qtranxs-available-language-link-ro\" title=\"Rom\u00e2n\u0103\">Rom\u00e2n\u0103<\/a>. For the sake of viewer convenience, the content is shown below in the alternative language. You may click the link to switch the active language.<\/p><p>APADOR-CH informeaz&#259; c&#259; ast&#259;zi, 16 august 2010, a solicitat Ministrului<br \/>\nAdministra&#355;iei &#351;i Internelor dezbaterea public&#259; a proiectului de Ordonan&#355;&#259; pentru modificarea &#351;i completarea Ordonan&#355;ei de urgen&#355;&#259; a Guvernului nr.<br \/>\n97\/2005 privind eviden&#355;a, domiciliul, re&#351;edin&#355;a &#351;i actele de identitate ale<br \/>\ncet&#259;&#355;enilor rom\u00e2ni &#351;i pentru completarea Ordonan&#355;ei de urgen&#355;&#259; a Guvernului<br \/>\nnr.102\/2005 privind libera circula&#355;ie pe teritoriul Rom\u00e2niei a cet&#259;&#355;enilor<br \/>\nstatelor membre ale Uniunii Europene &#351;i Spa&#355;iului Economic European. <\/p>\n<p class=MsoNormal style='text-align:justify'>&nbsp;G&#259;si&#355;i mai jos textul<br \/>\nsolicit&#259;rii:<\/p>\n<p class=MsoNormal>\n<p>\u201eStimate domnule<br \/>\nministru,<\/p>\n<p class=MsoNormal>Asocia&#355;ia pentru Ap&#259;rarea Drepturilor Omului \u00een Rom\u00e2nia \u2013 Comitetul<br \/>\nHelsinki,\u00a0 (APADOR-CH) este o organiza&#355;ie<br \/>\nneguvernamental&#259; a c&#259;rei misiune este a de a determina cre&#351;terea<br \/>\ngradului de con&#351;tientizare &#351;i respectare a drepturilor omului &#351;i a principiului<br \/>\npreeminen&#355;ei legii.<\/p>\n<p class=MsoNormal style='text-align:justify'>\n  \u00cen calitate de<br \/>\nasocia&#355;ie legal constituit&#259; &#351;i \u00een temeiul Art. 6 alin. 7 din Legea 52\/2003<br \/>\nprivind transparen&#355;a decizional&#259; \u00een administra&#355;ia public&#259;, v&#259; adres&#259;m prezenta<br \/>\ncerere pentru a solicita <b style='mso-bidi-font-weight:normal'>organizarea<br \/>\nunei \u00eent\u00e2lniri \u00een care s&#259; se dezbat&#259; public proiectul de <\/b><b>ORDONAN&#354;&#258; pentru<br \/>\nmodificarea &#351;i completarea Ordonan&#355;ei de urgen&#355;&#259; a Guvernului nr. 97\/2005<br \/>\nprivind eviden&#355;a, domiciliul, re&#351;edin&#355;a &#351;i actele de identitate ale cet&#259;&#355;enilor<br \/>\nrom\u00e2ni &#351;i pentru completarea Ordonan&#355;ei de urgen&#355;&#259; a Guvernului nr.102\/2005<br \/>\nprivind libera circula&#355;ie pe teritoriul Rom\u00e2niei a cet&#259;&#355;enilor statelor membre<br \/>\nale Uniunii Europene &#351;i Spa&#355;iului Economic European. <\/b>Reamintim c&#259;,<br \/>\npotrivit art.6 alin. 7 din Legea nr. 52\/2003, organizarea unei \u00eent\u00e2lniri \u00een<br \/>\ncare s&#259; se dezbat&#259; public proiectul de lege este <b style='mso-bidi-font-weight:\nnormal'>obligatorie<\/b> dac&#259; acest lucru a fost cerut \u00een scris de c&#259;tre o asocia&#355;ie legal constituit&#259;. <b><\/p>\n<p><\/b><\/p>\n<p class=MsoNormal style='text-align:justify;mso-layout-grid-align:none;\ntext-autospace:none'><b><br \/>\n<\/b><\/p>\n<p class=MsoNormal style='text-align:justify;mso-layout-grid-align:none;\ntext-autospace:none'>Proiectul a<br \/>\nfost afi&#351;at \u00een vederea dezbaterii publice pe pagina de internet a institu&#355;iei<br \/>\npe care o conduce&#355;i la data de 11 august 2010 termenul stabilit, cu \u00eenc&#259;lcarea<br \/>\nlegii, pentru primirea de comentarii &#351;i propuneri fiind data de 20 august 2010\u00a0 (numai nou&#259; zile). <\/p>\n<p class=MsoNormal style='text-align:justify;mso-layout-grid-align:none;\ntext-autospace:none'><br \/>\nAv\u00e2nd \u00een vedere<br \/>\ndeosebitul impact pe care prevederile proiectului \u00eel pot avea asupra<br \/>\ndrepturilor &#351;i libert&#259;&#355;ilor cet&#259;&#355;ene&#351;ti<b style='mso-bidi-font-weight:normal'>,<br \/>\n\u00een special asupra dreptului la via&#355;&#259; privat&#259;,<\/b> APADOR-CH v&#259; mai solicit&#259; &#351;i<br \/>\nprelungirea termenului pentru primirea de comentarii &#351;i propuneri precum &#351;i s&#259;<br \/>\nrespecta&#355;i prevederile Art. 6 alin. 2 care stipuleaz&#259; c&#259; anun&#355;ul<br \/>\nreferitor la elaborarea unui proiect de act normativ va fi adus la cuno&#351;tin&#355;&#259;<br \/>\npublicului, cu cel pu&#355;in 30 de zile \u00eenainte de supunerea spre analiz&#259;, avizare<br \/>\n&#351;i adoptare de c&#259;tre autorit&#259;&#355;ile publice.\u201d<\/p>\n<p class=MsoNormal style='text-align:justify;mso-layout-grid-align:none;\ntext-autospace:none'>&nbsp;<\/p>\n<p class=MsoNormal style='text-align:justify;mso-layout-grid-align:none;\ntext-autospace:none'>16 august 2010 <\/p>\n<p class=MsoNormal style='text-align:justify;mso-layout-grid-align:none;\ntext-autospace:none'>APADOR-CH<\/p>\n<p class=MsoNormal style='text-align:justify;mso-layout-grid-align:none;\ntext-autospace:none'>&nbsp;<\/p>\n<p class=MsoNormal style='text-align:justify;mso-layout-grid-align:none;\ntext-autospace:none'>Pentru detalii<br \/>\nsuplimentare: <\/p>\n<p class=MsoNormal style='text-align:justify;mso-layout-grid-align:none;\ntext-autospace:none'>Maria-Nicoleta<br \/>\nAndreescu tel: 0733.078.721<\/p>","protected":false},"excerpt":{"rendered":"<p>APADOR-CH informeaz&#259; c&#259; ast&#259;zi, 16 august 2010, a solicitat Ministrului Administra&#355;iei &#351;i Internelor dezbaterea public&#259; a proiectului de Ordonan&#355;&#259; pentru modificarea &#351;i completarea Ordonan&#355;ei de urgen&#355;&#259; a Guvernului nr. 97\/2005 privind eviden&#355;a, domiciliul, re&#351;edin&#355;a &#351;i actele de identitate ale cet&#259;&#355;enilor rom\u00e2ni &#351;i pentru completarea Ordonan&#355;ei de urgen&#355;&#259; a Guvernului nr.102\/2005 privind libera circula&#355;ie pe teritoriul Rom\u00e2niei a cet&#259;&#355;enilor statelor membre ale Uniunii Europene &#351;i Spa&#355;iului Economic European. <\/p>\n","protected":false},"author":2,"featured_media":0,"comment_status":"closed","ping_status":"open","sticky":false,"template":"","format":"standard","meta":{"footnotes":""},"categories":[29],"tags":[],"class_list":["post-1561","post","type-post","status-publish","format-standard","hentry","category-comunicate"],"_links":{"self":[{"href":"https:\/\/apador.org\/en\/wp-json\/wp\/v2\/posts\/1561","targetHints":{"allow":["GET"]}}],"collection":[{"href":"https:\/\/apador.org\/en\/wp-json\/wp\/v2\/posts"}],"about":[{"href":"https:\/\/apador.org\/en\/wp-json\/wp\/v2\/types\/post"}],"author":[{"embeddable":true,"href":"https:\/\/apador.org\/en\/wp-json\/wp\/v2\/users\/2"}],"replies":[{"embeddable":true,"href":"https:\/\/apador.org\/en\/wp-json\/wp\/v2\/comments?post=1561"}],"version-history":[{"count":0,"href":"https:\/\/apador.org\/en\/wp-json\/wp\/v2\/posts\/1561\/revisions"}],"wp:attachment":[{"href":"https:\/\/apador.org\/en\/wp-json\/wp\/v2\/media?parent=1561"}],"wp:term":[{"taxonomy":"category","embeddable":true,"href":"https:\/\/apador.org\/en\/wp-json\/wp\/v2\/categories?post=1561"},{"taxonomy":"post_tag","embeddable":true,"href":"https:\/\/apador.org\/en\/wp-json\/wp\/v2\/tags?post=1561"}],"curies":[{"name":"wp","href":"https:\/\/api.w.org\/{rel}","templated":true}]}}