{"id":1565,"date":"2010-09-09T00:00:00","date_gmt":"2010-09-09T00:00:00","guid":{"rendered":"http:\/\/www.apador.org\/seamus\/comunicat-de-pres-al-apador-ch-cu-privire-la-nerespectarea-dreptului-la-via-privat-i-a-transparenei-decizionale-la-adoptarea-reglementrilor-privind-cardu-2\/"},"modified":"2010-09-09T00:00:00","modified_gmt":"2010-09-09T00:00:00","slug":"comunicat-de-pres-al-apador-ch-cu-privire-la-nerespectarea-dreptului-la-via-privat-i-a-transparenei-decizionale-la-adoptarea-reglementrilor-privind-cardu-2","status":"publish","type":"post","link":"https:\/\/apador.org\/en\/comunicat-de-pres-al-apador-ch-cu-privire-la-nerespectarea-dreptului-la-via-privat-i-a-transparenei-decizionale-la-adoptarea-reglementrilor-privind-cardu-2\/","title":{"rendered":"Comunicat de pres&#259;\u00a0al APADOR-CH cu privire la nerespectarea dreptului la via&#355;&#259; privat&#259; &#351;i a transparen&#355;ei decizionale la adoptarea reglement&#259;rilor privind cardul na&#355;ional de s&#259;n&#259;tate"},"content":{"rendered":"<p class=\"qtranxs-available-languages-message qtranxs-available-languages-message-en\">Sorry, this entry is only available in <a href=\"https:\/\/apador.org\/ro\/wp-json\/wp\/v2\/posts\/1565\" class=\"qtranxs-available-language-link qtranxs-available-language-link-ro\" title=\"Rom\u00e2n\u0103\">Rom\u00e2n\u0103<\/a>. For the sake of viewer convenience, the content is shown below in the alternative language. You may click the link to switch the active language.<\/p><p><\/p>\n<p align=\"justify\" style='text-align:justify'><b>APADOR-CH<br \/>\n    protesteaz&#259; \u00eempotriva adopt&#259;rii nelegale de c&#259;tre Guvern a Hot&#259;r\u00e2rii pentru<br \/>\n    aprobarea modalit&#259;&#355;ii de realizare a sistemului na&#355;ional al cardurilor<br \/>\n  na&#355;ionale de asigur&#259;ri sociale de s&#259;n&#259;tate. <\/b><\/p>\n<p align=\"justify\" style='text-align:justify'>\u00cen &#351;edin&#355;a de<br \/>\n    Guvern din 8 septembrie 2010 a fost adoptat&#259; hot&#259;r\u00e2rea privind cardul na&#355;ional<br \/>\n    de asigur&#259;ri sociale de s&#259;n&#259;tate, hot&#259;r\u00e2re al c&#259;rei proiect a fost publicat pe<br \/>\n  site-ul Ministerului S&#259;n&#259;t&#259;&#355;ii la data de 3 septembrie 2010.\u00a0\u00a0 <\/p>\n<p align=\"justify\" style='text-align:justify'>La adoptarea<br \/>\n    hot&#259;r\u00e2rii, <b>a fost \u00eenc&#259;lcat&#259; Legea nr. 52\/2003<br \/>\n    privind transparen&#355;a decizional&#259;<\/b>, care prevede, \u00een articolul 6, c&#259;<br \/>\n    un proiect de act normativ trebuie adus la cuno&#351;tin&#355;&#259; publicului cu cel pu&#355;in<br \/>\n    30 de zile \u00eenainte de data adopt&#259;rii &#351;i c&#259; trebuie fixat un termen de cel pu&#355;in<br \/>\n    10 zile pentru ca persoanele interesate s&#259; trimit&#259; comentarii, observa&#355;ii,<br \/>\n    propuneri \u00een leg&#259;tur&#259; cu acel proiect.\u00a0 Este evident c&#259; \u00eentre data public&#259;rii<br \/>\n    proiectului &#351;i data adopt&#259;rii sale\u00a0 au trecut mai pu&#355;in de 10 zile, ceea ce a<br \/>\n  \u00eempiedicat dezbaterea sa public&#259;, conform Legii nr. 52\/2003.\u00a0 <\/p>\n<p align=\"justify\" style='text-align:justify'><b>\u00cenc&#259;lcarea<br \/>\n    legii este cu at\u00e2t mai grav&#259; cu c\u00e2t hot&#259;r\u00e2rea adoptat&#259; se refer&#259; la o problem&#259;<br \/>\n    foarte disputat&#259;, la nivel na&#355;ional &#351;i interna&#355;ional, privind cardurile<br \/>\n    electronice <\/b>(pa&#351;aport, card de identitate etc.), mai ales \u00een<br \/>\n    ceea ce prive&#351;te tehnologia utilizat&#259; pentru realizarea acestor carduri,<br \/>\n    tehnologie de tip\/din familia RFID (identificare prin radio-frecven&#355;&#259;) \u00een genul<br \/>\n  celei care permite citirea pre&#355;ului unui produs dup&#259; codul de bare ata&#351;at.\u00a0 <\/p>\n<p align=\"justify\" style='text-align:justify'>Folosirea acestei<br \/>\n    tehnologii a generat \u00een permanen&#355;&#259; controverse pe motiv c&#259; nu ofer&#259; garan&#355;ii<br \/>\n    pentru respectarea dreptului la via&#355;&#259; privat&#259;, \u00eentruc\u00e2t permite aflarea datelor<br \/>\n    personale ale de&#355;in&#259;torului de card electronic de identitate de c&#259;tre oricine \u00a0dispune<br \/>\n  de un aparat de decodare.<\/p>\n<p align=\"justify\" style='text-align:justify'>Mai grav este<br \/>\n    faptul c&#259; <b>este eliminat&#259; posibilitatea<br \/>\n    cet&#259;&#355;enilor de a opta \u00eentre cardul electronic (cu cip) &#351;i un card simplu (f&#259;r&#259;<br \/>\n    cip) \u00een lipsa unor garan&#355;ii ferme privind securitatea &#351;i confiden&#355;ialitatea<br \/>\n    datelor con&#355;inute.<\/b> \u00cen cazul cardului na&#355;ional de asigur&#259;ri sociale<br \/>\n    de s&#259;n&#259;tate, care poate fi eliberat numai \u00een format electronic, situa&#355;ia este<br \/>\n    cu at\u00e2t mai mult supus&#259; controverselor, cu c\u00e2t cardul european de asigur&#259;ri<br \/>\n    sociale de s&#259;n&#259;tate nu trebuie eliberat doar \u00een format electronic , ci &#351;i \u00een<br \/>\n  variant&#259; obi&#351;nuit&#259;.\u00a0\u00a0 <\/p>\n<p align=\"justify\" style='text-align:justify'>\u00cen consecin&#355;&#259;,<br \/>\n    asocia&#355;ia cere Guvernului abrogarea hot&#259;r\u00e2rii adoptate cu \u00eenc&#259;lcarea Legii nr.<br \/>\n    52\/2003 &#351;i reluarea, \u00een condi&#355;ii legale, a procedurilor de consultare a<br \/>\n  cet&#259;&#355;enilor cu privire la proiectele de acte normative. <\/p>\n<p align=\"justify\" style='text-align:justify'>9 septembrie 2010<\/p>\n<p align=\"justify\" style='text-align:justify'>APADOR-CH<\/p>\n<p align=\"justify\" style='text-align:justify;text-autospace:none'>Pentru detalii<br \/>\n  suplimentare: <\/p>\n<p align=\"justify\" style='text-align:justify;text-autospace:none'>Nicoleta Popescu tel:<br \/>\n  0733.078.723\u00a0 <\/p>\n<p><\/p>","protected":false},"excerpt":{"rendered":"<p>APADOR-CH protesteaz&#259; \u00eempotriva adopt&#259;rii nelegale de c&#259;tre Guvern a Hot&#259;r\u00e2rii pentru aprobarea modalit&#259;&#355;ii de realizare a sistemului na&#355;ional al cardurilor na&#355;ionale de asigur&#259;ri sociale de s&#259;n&#259;tate. <\/p>\n","protected":false},"author":2,"featured_media":0,"comment_status":"closed","ping_status":"open","sticky":false,"template":"","format":"standard","meta":{"footnotes":""},"categories":[29],"tags":[],"class_list":["post-1565","post","type-post","status-publish","format-standard","hentry","category-comunicate"],"_links":{"self":[{"href":"https:\/\/apador.org\/en\/wp-json\/wp\/v2\/posts\/1565","targetHints":{"allow":["GET"]}}],"collection":[{"href":"https:\/\/apador.org\/en\/wp-json\/wp\/v2\/posts"}],"about":[{"href":"https:\/\/apador.org\/en\/wp-json\/wp\/v2\/types\/post"}],"author":[{"embeddable":true,"href":"https:\/\/apador.org\/en\/wp-json\/wp\/v2\/users\/2"}],"replies":[{"embeddable":true,"href":"https:\/\/apador.org\/en\/wp-json\/wp\/v2\/comments?post=1565"}],"version-history":[{"count":0,"href":"https:\/\/apador.org\/en\/wp-json\/wp\/v2\/posts\/1565\/revisions"}],"wp:attachment":[{"href":"https:\/\/apador.org\/en\/wp-json\/wp\/v2\/media?parent=1565"}],"wp:term":[{"taxonomy":"category","embeddable":true,"href":"https:\/\/apador.org\/en\/wp-json\/wp\/v2\/categories?post=1565"},{"taxonomy":"post_tag","embeddable":true,"href":"https:\/\/apador.org\/en\/wp-json\/wp\/v2\/tags?post=1565"}],"curies":[{"name":"wp","href":"https:\/\/api.w.org\/{rel}","templated":true}]}}