{"id":1569,"date":"2010-10-11T00:00:00","date_gmt":"2010-10-11T00:00:00","guid":{"rendered":"http:\/\/www.apador.org\/seamus\/document-de-poziie-privind-infiinarea-i-funcionarea-organizaiilor-neguvernamentale-2\/"},"modified":"2010-10-11T00:00:00","modified_gmt":"2010-10-11T00:00:00","slug":"document-de-poziie-privind-infiinarea-i-funcionarea-organizaiilor-neguvernamentale-2","status":"publish","type":"post","link":"https:\/\/apador.org\/en\/document-de-poziie-privind-infiinarea-i-funcionarea-organizaiilor-neguvernamentale-2\/","title":{"rendered":"DOCUMENT DE POZI&#354;IE  PRIVIND \u00ceNFIIN&#354;AREA &#350;I FUNC&#354;IONAREA ORGANIZA&#354;IILOR NEGUVERNAMENTALE"},"content":{"rendered":"<p class=\"qtranxs-available-languages-message qtranxs-available-languages-message-en\">Sorry, this entry is only available in <a href=\"https:\/\/apador.org\/ro\/wp-json\/wp\/v2\/posts\/1569\" class=\"qtranxs-available-language-link qtranxs-available-language-link-ro\" title=\"Rom\u00e2n\u0103\">Rom\u00e2n\u0103<\/a>. For the sake of viewer convenience, the content is shown below in the alternative language. You may click the link to switch the active language.<\/p><p><\/p>\n<p align=\"justify\">Dragi colegi,<\/p>\n<p align=\"justify\">APADOR-CH, \u00een cadrul proiectului \u201c<i>Facilitatea<br \/>\n    exercit&#259;rii dreptului la asociere \u00een Rom\u00e2nia<\/i>\u201d a identificat mai<br \/>\n    multe probleme privind \u00eenfiin&#355;area &#351;i func&#355;ionarea organiza&#355;iilor<br \/>\n  neguvernamentale &#351;i a propus un set de solu&#355;ii.<\/p>\n<p align=\"justify\">V&#259; rug&#259;m s&#259; citi&#355;i documentul de mai jos &#351;i s&#259; ne comunica&#355;i la adresa<br \/>\n    de email office@apador.org&nbsp; dac&#259;<br \/>\n    dori&#355;i s&#259; ne sus&#355;ine&#355;i pentru a face toate demersurile necesare pentru punerea<br \/>\n  \u00een aplicare a solu&#355;iilor propuse \u00een documentul de pozi&#355;ie. <\/p>\n<p align=\"justify\">Implicarea noastr&#259; a tuturor poate determina autori&#355;&#259;&#355;iile s&#259; ne<br \/>\n  trateze altfel!<\/p>\n<p align=\"justify\">Mu&#355;umim celor care au accepat deja s&#259; fac&#259; parte din proiectul nostru.<\/p>\n<p align=\"justify\">Pentru APADOR-CH<\/p>\n<p align=\"justify\">Avocat Nicoleta Popescu<\/p>\n<p align=center style='text-align:center'>DOCUMENT<br \/>\n  DE POZI&#354;IE <\/p>\n<p align=center style='text-align:center'>PRIVIND<br \/>\n  \u00ceNFIIN&#354;AREA &#350;I FUNC&#354;IONAREA \u00a0ORGANIZA&#354;IILOR<br \/>\n    NEGUVERNAMENTALE<\/p>\n<p align=\"justify\" style='text-align:justify'>Organiza&#355;iile<br \/>\n    neguvernamentale participante, la Bucure&#351;ti, \u00een perioada 5-6 octombrie 2010, la<br \/>\n    conferin&#355;a organizat&#259; de APADOR-CH \u00een cadrul proiectului \u201c<i>Facilitatea exercit&#259;rii dreptului la asociere \u00een Rom\u00e2nia<\/i>\u201d<br \/>\n    au identificat mai multe probleme privind \u00eenfiin&#355;area &#351;i func&#355;ionarea<br \/>\n  asocia&#355;iilor\/funda&#355;iilor &#351;i au\u00a0 propus urm&#259;toarele solu&#355;ii:<\/p>\n<p align=\"justify\" style='text-align:justify'><b>Cazierul<br \/>\n  fiscal<\/b><\/p>\n<p align=\"justify\" style='text-align:justify'>Problema: Solicitarea cazierului fiscal la \u00eenfiin&#355;area organiza&#355;iei<br \/>\n  neguvernamentale (ONG) &#351;i la primirea de noi membri<\/p>\n<p align=\"justify\" style='text-align:justify'>Solu&#355;ii:<br \/>\n    -Eliminarea din lege (OG nr.75\/2001) a acestei obliga&#355;ii = modificare<br \/>\n  legislativ&#259;<\/p>\n<p align=\"justify\" style='text-align:justify'>\u00a0\u00a0\u00a0\u00a0\u00a0\u00a0\u00a0\u00a0\u00a0\u00a0\u00a0\u00a0 Alternative:<\/p>\n<p align=\"justify\" style='text-align:justify'>\u00a0\u00a0\u00a0\u00a0\u00a0\u00a0\u00a0\u00a0\u00a0\u00a0\u00a0\u00a0\u00a0 &#8211; Eliminarea<br \/>\n  din lege a acestei obliga&#355;ii pentru noii membri = modificare legislativ&#259;<\/p>\n<p align=\"justify\" style='text-align:justify'>\u00a0\u00a0\u00a0\u00a0\u00a0\u00a0\u00a0\u00a0\u00a0\u00a0\u00a0\u00a0<br \/>\n    -Restr\u00e2ngerea obliga&#355;iei prezent&#259;rii cazierului fiscal doar la categoria<br \/>\n  reprezenta&#355;ilor legali ai ONG\u00a0 = modificare legislativ&#259;<\/p>\n<p align=\"justify\" style='text-align:justify'>\u00a0\u00a0\u00a0\u00a0\u00a0\u00a0\u00a0\u00a0\u00a0\u00a0\u00a0\u00a0 &#8211;<br \/>\n    Solicitarea certificatului de cazier fiscal s&#259; se fac&#259; de instan&#355;&#259;, din oficiu<br \/>\n    (ca \u00een cazul solicit&#259;rii de instan&#355;&#259;, din oficiu, a cazierului judiciar) =<br \/>\n  modificare legislativ&#259;<\/p>\n<p align=justify style='text-align:center'>*<\/p>\n<p align=\"justify\" style='text-align:justify'>Problema: Solicitarea<br \/>\n    cazierului fiscal al tuturor membrilor (inclusiv al fondatorilor) &#351;i cu ocazia<br \/>\n  \u00eenregistr&#259;rii primirii de noi membri. <\/p>\n<p align=\"justify\" style='text-align:justify'>\u00a0Solu&#355;ii: Sesizare<br \/>\n  Ministerul Justi&#355;iei pentru clarificare<\/p>\n<p align=justify style='text-align:center'>*<\/p>\n<p align=\"justify\" style='text-align:justify'>Problema: Durata<br \/>\n    de valabilitate prea mic&#259; a cazierului fiscal (30 de zile\u2013 art. 9 din OG nr.75\/2001)<br \/>\n  \u00een raport de durata termenelor date de instan&#355;e (peste 30 de zile) <\/p>\n<p align=\"justify\" style='text-align:justify'>Solu&#355;ii:\u00a0\u00a0\u00a0\u00a0\u00a0<br \/>\n    Prelungirea duratei de valabilitate a cazierului fiscal de la 30 la 90 de zile<br \/>\n  = modificare legislativ&#259; <\/p>\n<p align=justify style='text-align:center'>*<\/p>\n<p align=\"justify\" style='text-align:justify'>Problema:<br \/>\n    Practica neunitar&#259; a instan&#355;elor cu privire la<br \/>\n    obligativitatea\/neobligativitatea cazierului fiscal \u00een cazul primirii de noi<br \/>\n  membri.\u00a0 <\/p>\n<p align=\"justify\" style='text-align:justify'>Solu&#355;ii: &#8211; Sesizarea<br \/>\n    Parchetului de pe l\u00e2ng&#259; \u00cenalt&#259; Curte de Casa&#355;ie &#351;i Justi&#355;ie \u00een vederea<br \/>\n  promov&#259;rii unui recurs \u00een interesul legii <\/p>\n<p align=\"justify\" style='text-align:justify;'>Cumulativ: <\/p>\n<p align=\"justify\" style='text-align:justify;'>\u00a0&#8211; Sesizarea Ministerului<br \/>\n  Justi&#355;iei pentru a cere parchetului promovarea unui recurs \u00een interesul legii <\/p>\n<p align=justify style='text-align:center;'>*<\/p>\n<p align=\"justify\" style='text-align:justify'>Problema: Lipsa reglement&#259;rii<br \/>\n    prin lege a efectelor produse de men&#355;iunile din cazierul fiscal \u00een privin&#355;a<br \/>\n  \u00eenfiin&#355;&#259;rii\/func&#355;ion&#259;rii ONG. <\/p>\n<p align=\"justify\" style='text-align:justify'>Solu&#355;ii: Completarea<br \/>\n    legii \u00een acest sens (enumerarea, \u00een lege, a efectelor men&#355;iunilor \u2013atunci c\u00e2nd<br \/>\n    e cazul- sau precizarea expres&#259; \u00een lege c&#259; men&#355;iunile\/anumite men&#355;iuni din<br \/>\n    cazierul fiscal nu\u00a0 produc efecte privind \u00eenfiin&#355;area\/func&#355;ionarea ONG). Ar fi<br \/>\n    util&#259; &#351;i o reglementare a reabilit&#259;rii fiscale, \u00een genul reabilit&#259;rii \u00een cazul<br \/>\n    infrac&#355;iunilor (prin care, dup&#259; trecerea unui termen, se \u00eenl&#259;tur&#259; toate<br \/>\n  consecin&#355;ele condamn&#259;rii\/sanc&#355;ion&#259;rii) = modificare legislativ&#259;<\/p>\n<p align=justify style='text-align:center'>*<\/p>\n<p align=\"justify\" style='text-align:justify'><b>Denumirea<\/b><\/p>\n<p align=\"justify\" style='text-align:justify'>Problema:<br \/>\n    Cu ocazia eliber&#259;rii disponibilit&#259;&#355;ii de denumire, Ministerul Justi&#355;iei<br \/>\n    efectueaz&#259;, pe l\u00e2ng&#259; un control tehnic (verificarea existen&#355;ei asem&#259;n&#259;rilor sau<br \/>\n    identit&#259;&#355;ii de denumire, pentru evitarea confuziei cu alt&#259; persoan&#259; juridic&#259;)<br \/>\n    &#351;i o cenzur&#259; a denumirii ONG (prezen&#355;a unor termeni \u201ctabu\u201d \u00een denumire);<br \/>\n    dreptul de a cenzura denumirea nu ar trebui s&#259; apar&#355;in&#259; executivului (nici la<br \/>\n  eliberarea disponibilit&#259;&#355;ii de denumire), ci doar puterii judec&#259;tore&#351;ti <\/p>\n<p align=\"justify\" style='text-align:justify'>Solu&#355;ii:<br \/>\n    -Modificarea art. 3 din OG nr.26\/2000 (varianta de text modificat: \u201c<i>Este interzis ca denumirea asocia&#355;iei s&#259; fie identic&#259;<br \/>\n    sau asem&#259;n&#259;toare p\u00e2n&#259; la confuzie cu denumirea altei\u00a0 persoane juridice.<\/i>\u201d)<br \/>\n  = modificare legislativ&#259;<\/p>\n<p align=\"justify\" style='text-align:justify'>\u00a0\u00a0\u00a0\u00a0\u00a0\u00a0\u00a0\u00a0\u00a0\u00a0\u00a0\u00a0\u00a0\u00a0 Cumulativ:<\/p>\n<p align=\"justify\" style='text-align:justify;'>&#8211;&nbsp;&nbsp;&nbsp;&nbsp;&nbsp;&nbsp;&nbsp;&nbsp; Abrogarea art. 7 alin 3\/1 din OG nr. 26\/2000, care<br \/>\n  prevede termenii \u201ctabu\u201d= modificare legislativ&#259;<\/p>\n<p align=justify style='text-align:center'>*<\/p>\n<p align=\"justify\" style='text-align:justify'>Problema: Obliga&#355;ia, introdus&#259; \u00een OG nr.26\/2000 \u00een acest an, de a ob&#355;ine<br \/>\n    acordul prealabil al unei structuri executive (Secretariatul General al<br \/>\n  Guvernului) pentru folosirea \u00een denumire a cuvintelor \u201cna&#355;ional\u201d sau \u201crom\u00e2n\u201d.<\/p>\n<p align=\"justify\" style='text-align:justify'>Solu&#355;ia: -Abrogarea art 7 alin. 3\/2 din OG nr. 26\/2000, care cuprinde aceasta<br \/>\n  obliga&#355;ie = modificare legislativ&#259;<\/p>\n<p align=justify style='text-align:center'><b>*<\/b><\/p>\n<p align=\"justify\" style='text-align:justify'><b>Combaterea<br \/>\n  sp&#259;l&#259;rii banilor (&#351;i a terorismului)<\/b><\/p>\n<p align=\"justify\" style='text-align:justify'>Problema: Extinderea aplic&#259;rii Legii nr. 656\/2002, privind combaterea sp&#259;l&#259;rii<br \/>\n  banilor &#351;i a terorismului,\u00a0 &#351;i cu privire la asocia&#355;ii &#351;i funda&#355;ii\u00a0 <\/p>\n<p align=\"justify\" style='text-align:justify'>Solu&#355;ia: -Revenirea\u00a0 la situa&#355;ia din perioada 2002 \u2013 2005, c\u00e2nd pentru<br \/>\n    asocia&#355;ii &#351;i funda&#355;ii nu erau prev&#259;zute obliga&#355;ii \u00een Legea nr. 656\/2002.<br \/>\n    Practic, trebuie abrogat art. 8 lit. j din Legea nr. 656\/2002 = modificare<br \/>\n  legislativ&#259;<\/p>\n<p align=\"justify\" style='text-align:justify'>\u00a0\u00a0\u00a0\u00a0\u00a0\u00a0\u00a0\u00a0\u00a0\u00a0\u00a0\u00a0\u00a0 Alternativa<br \/>\n  la varianta abrog&#259;rii art. 8 lit. j:<\/p>\n<p align=\"justify\" style='text-align:justify'>\u00a0\u00a0\u00a0\u00a0\u00a0\u00a0\u00a0\u00a0\u00a0\u00a0\u00a0 &#8211; Reducerea<br \/>\n    cuantumului amenzilor contraven&#355;ionale prev&#259;zute \u00een lege (nu pot fi suportate<br \/>\n  de ONG, care, oricum, au probleme cu finan&#355;&#259;rile) = modificare legislativ&#259;<\/p>\n<p align=\"justify\" style='text-align:justify'>\u00a0\u00a0\u00a0\u00a0\u00a0\u00a0\u00a0\u00a0\u00a0\u00a0\u00a0\u00a0\u00a0\u00a0 Cumulativ:<\/p>\n<p align=\"justify\" style='text-align:justify;'>&#8211;&nbsp;&nbsp;&nbsp;&nbsp;&nbsp;&nbsp;&nbsp;&nbsp; Definirea prin lege a no&#355;iunii de \u201cclientel&#259;\u201d,<br \/>\n  pentru a asigura previzibilitate legii = modificare legislativ&#259;<\/p>\n<p align=\"justify\" style='text-align:justify;'>&#8211;&nbsp;&nbsp;&nbsp;&nbsp;&nbsp;&nbsp;&nbsp;&nbsp; \u00centocmirea de c&#259;tre Oficiul Na&#355;ional de Prevenire<br \/>\n    &#351;i Combatere a Sp&#259;l&#259;rii Banilor (Oficiul), a unui ghid practic pentru<br \/>\n    \u00eendeplinirea obliga&#355;iilor prev&#259;zute de Legea nr. 656\/2002, care s&#259; con&#355;in&#259; &#351;i<br \/>\n    modele de proceduri pentru fiecare categorie de obliga&#355;ii, precum &#351;i exemple<br \/>\n    concrete. Ghidul, de preferat \u00een format electronic, va trebui<br \/>\n    distribuit c&#259;tre ONG. Se va adresa Oficiului o solicitare \u00een acest sens = bune<br \/>\n  practici.<\/p>\n<p align=justify style='text-align:center'>*<\/p>\n<p align=\"justify\" style='text-align:justify'><b>Protec&#355;ia<br \/>\n  datelor cu caracter personal<\/b><\/p>\n<p align=\"justify\" style='text-align:justify'>Problema: Obliga&#355;ia (repetabil&#259;) a notific&#259;rii prelucr&#259;rii datelor cu caracter<br \/>\n    personal, c&#259;tre Autoritatea Na&#355;ional&#259; de Supraveghere a Prelucr&#259;rii<br \/>\n    Datelor cu Caracter Personal (Autoritatea), potrivit art. 22 din Legea nr.<br \/>\n  667\/2001.<\/p>\n<p align=\"justify\" style='text-align:justify'>Solu&#355;ia: &#8211; \u00cenlocuirea obliga&#355;iei notific&#259;rii, \u00een cazul ONG, cu obliga&#355;ia<br \/>\n    instan&#355;ei care dispune \u00eenscrierea asocia&#355;iei\/funda&#355;iei de a comunica &#351;i<br \/>\n    Autorit&#259;&#355;ii un exemplar al \u00eencheierii irevocabile de admitere. Asocia&#355;iile &#351;i<br \/>\n    funda&#355;iile deja \u00eenfiin&#355;ate s&#259; aib&#259; obliga&#355;ia de a comunica Autorit&#259;&#355;ii, o singur&#259;<br \/>\n    dat&#259;, un exemplar al \u00eencheierii irevocabile de admitere, obliga&#355;ie care o va<br \/>\n  \u00eenlocui pe cea a notific&#259;rii = modificare legislativ&#259;.<\/p>\n<p align=justify style='text-align:center'>*<\/p>\n<p align=\"justify\" style='text-align:justify'><b>Transparen&#355;a<\/b><\/p>\n<p align=\"justify\" style='text-align:justify'>Problema: Lipsa de transparen&#355;&#259; din partea Administra&#355;iilor financiare cu<br \/>\n    privire la procesarea formularelor de redirec&#355;ionare a sumei de 2% din<br \/>\n    impozitul datorat statului c&#259;tre organiza&#355;iile<br \/>\n  neguvernamentale<\/p>\n<p align=\"justify\" style='text-align:justify'>Solu&#355;ia:\u00a0<br \/>\n    Sesizare ANAF pentru stabilirea unei proceduri transparente prin care s&#259; se<br \/>\n    poat&#259; verifica dac&#259; formularele \u00eenregistrate au fost procesate<br \/>\n  sau nu.<\/p>\n<p align=justify style='text-align:center'>*<\/p>\n<p align=\"justify\" style='text-align:justify'><b>Organiza&#355;ii<br \/>\n  neguvernamentale de utilitate public&#259;<\/b><\/p>\n<p align=\"justify\" style='text-align:justify'>Problema: Acordarea unor facilit&#259;&#355;i nesemnificative pentru organiza&#355;iile<br \/>\n  neguvernamentale de utilitate public&#259;<\/p>\n<p align=\"justify\" style='text-align:justify'>Solu&#355;ia:\u00a0 Solicitare adresat&#259; Guvernului pentru adoptarea unei hot&#259;r\u00e2ri care s&#259;<br \/>\n    prevad&#259; criteriile de atribuire \u00een folosin&#355;&#259; gratuit&#259; a bunurilor proprietate<br \/>\n    public&#259;, \u00een cazul organiza&#355;iilor neguvernamentale de utilitate public&#259; =<br \/>\n  interven&#355;ie legislativ&#259;<\/p>\n<p align=justify style='text-align:center'>*<\/p>\n<p align=\"justify\" style='text-align:justify'><b>Voluntariatul<\/b><\/p>\n<p align=\"justify\" style='text-align:justify'>Problema: Prevederile contradictorii din Legea nr. 195\/2001 cu privire la<br \/>\n    caracterul obligatoriu sau neobligatoriu al contractului (special) de<br \/>\n    voluntariat pentru desf&#259;&#351;urarea unei activit&#259;&#355;i de voluntariat (art. 2 lit. c<br \/>\n    prevede c&#259; nu este obligatoriu un astfel de contract, \u00een timp ce art. 8 alin. 1<br \/>\n    prevede c&#259; voluntariatul se poate desf&#259;&#351;ura doar pe baza unui contract \u00eencheiat<br \/>\n  \u00een form&#259; scris&#259;)<\/p>\n<p align=\"justify\" style='text-align:justify'>Solu&#355;ia<b>: \u00a0<\/b>Modificarea art. 8<br \/>\n    alin. 1 \u00een sensul unei redact&#259;ri mai precise, care s&#259; nu exclud&#259; posibilitatea<br \/>\n    prev. \u00een art. 2 lit. c ca voluntariatul s&#259; se desf&#259;&#351;oare &#351;i f&#259;r&#259; \u00eencheierea<br \/>\n    contractului (special) de voluntariat\u00a0 (Variant&#259; a textului propus:\u00a0 \u201e<i>Atunci c\u00e2nd voluntariatul se desf&#259;&#351;oar&#259; pe baza unui<br \/>\n    contract, forma scris&#259; este obligatorie&#8230;\u201d<\/i>) = modificare<br \/>\n  legislativ&#259;.<\/p>\n<p align=justify style='text-align:center'>*<\/p>\n<p align=\"justify\" style='text-align:justify'><b>Dona&#355;ii<\/b><\/p>\n<p align=\"justify\" style='text-align:justify'>Problema: Nu exist&#259; deducere fiscal&#259; din impozitul pe venituri &#351;i nici alte<br \/>\n    stimulente financiare pentru persoane fizice sau juridice care fac dona&#355;ii<br \/>\n  (spre deosebire de sponsoriz&#259;ri).<\/p>\n<p align=\"justify\" style='text-align:justify'>Solu&#355;ia: &#8211; Introducerea \u201ecotei unice de reducere de 16%\u201d pentru dona&#355;ii c&#259;tre<br \/>\n    asocia&#355;ii\/funda&#355;ii, care const&#259; \u00een\u00a0 reducerea bazei impozabile cu echivalentul dona&#355;iilor,<br \/>\n  f&#259;r&#259; a depa&#351;i 16% din baza impozabil&#259; = modificare legislativ&#259;<\/p>\n<p align=justify style='text-align:center'>*<\/p>\n<p align=\"justify\" style='text-align:justify'>Problema: Reglementarea ambigu&#259;, restrictiv&#259; &#351;i impredictibil&#259; a \u201edarului<br \/>\n    manual\u201d \u00een noul Cod civil (Legea nr. 287 din 17 iulie 2009), \u00eenc&#259; neintrat \u00een<br \/>\n  vigoare.<\/p>\n<p align=\"justify\" style='text-align:justify'>Solu&#355;ia: Modificarea art. 1011 din noul Cod civil = modificare legislativ&#259;<\/p>\n<p align=justify style='text-align:center'>*<\/p>\n<p align=\"justify\" style='text-align:justify'><b>Sponsorizarea<\/b><\/p>\n<p align=\"justify\" style='text-align:justify'>Problema: Stimulente financiare insuficiente pentru sponsori<\/p>\n<p align=\"justify\" style='text-align:justify'>Solu&#355;ia: &#8211; Modificarea art. 8 din Legea nr. 32\/1994 prin introducerea unei<br \/>\n    cote unice de reducere de 16% din baza impozabil&#259; pentru sponsoriz&#259;ri<br \/>\n    (reducerea bazei impozabile cu echivalentul sponsoriz&#259;rilor, f&#259;r&#259; a depa&#351;i 16%<br \/>\n  din baza impozabil&#259;) = modificare legislativ&#259;<\/p>\n<p align=justify style='text-align:center'>*<\/p>\n<p align=\"justify\" style='text-align:justify'>Organiza&#355;iile neguvernamentale<br \/>\n    participante la conferin&#355;a din 5-6 octombrie 2010 \u00eemputernicesc APADOR-CH\u00a0 s&#259;<br \/>\n    efectueze demersurile necesare pentru punerea \u00een practic&#259; a prezentului document<br \/>\n  de pozi&#355;ie.<\/p>\n<p><\/p>","protected":false},"excerpt":{"rendered":"<p>APADOR-CH, \u00een cadrul proiectului \u201cFacilitatea exercit&#259;rii dreptului la asociere \u00een Rom\u00e2nia\u201d a identificat mai multe probleme privind \u00eenfiin&#355;area &#351;i func&#355;ionarea organiza&#355;iilor neguvernamentale &#351;i a propus un set de solu&#355;ii<\/p>\n","protected":false},"author":2,"featured_media":0,"comment_status":"closed","ping_status":"open","sticky":false,"template":"","format":"standard","meta":{"footnotes":""},"categories":[29],"tags":[],"class_list":["post-1569","post","type-post","status-publish","format-standard","hentry","category-comunicate"],"_links":{"self":[{"href":"https:\/\/apador.org\/en\/wp-json\/wp\/v2\/posts\/1569","targetHints":{"allow":["GET"]}}],"collection":[{"href":"https:\/\/apador.org\/en\/wp-json\/wp\/v2\/posts"}],"about":[{"href":"https:\/\/apador.org\/en\/wp-json\/wp\/v2\/types\/post"}],"author":[{"embeddable":true,"href":"https:\/\/apador.org\/en\/wp-json\/wp\/v2\/users\/2"}],"replies":[{"embeddable":true,"href":"https:\/\/apador.org\/en\/wp-json\/wp\/v2\/comments?post=1569"}],"version-history":[{"count":0,"href":"https:\/\/apador.org\/en\/wp-json\/wp\/v2\/posts\/1569\/revisions"}],"wp:attachment":[{"href":"https:\/\/apador.org\/en\/wp-json\/wp\/v2\/media?parent=1569"}],"wp:term":[{"taxonomy":"category","embeddable":true,"href":"https:\/\/apador.org\/en\/wp-json\/wp\/v2\/categories?post=1569"},{"taxonomy":"post_tag","embeddable":true,"href":"https:\/\/apador.org\/en\/wp-json\/wp\/v2\/tags?post=1569"}],"curies":[{"name":"wp","href":"https:\/\/api.w.org\/{rel}","templated":true}]}}