{"id":1577,"date":"2010-12-20T00:00:00","date_gmt":"2010-12-20T00:00:00","guid":{"rendered":"http:\/\/www.apador.org\/seamus\/rmas-bun-marian-2\/"},"modified":"2010-12-20T00:00:00","modified_gmt":"2010-12-20T00:00:00","slug":"rmas-bun-marian-2","status":"publish","type":"post","link":"https:\/\/apador.org\/en\/rmas-bun-marian-2\/","title":{"rendered":"R&#259;mas bun, Marian!"},"content":{"rendered":"<p class=\"qtranxs-available-languages-message qtranxs-available-languages-message-en\">Sorry, this entry is only available in <a href=\"https:\/\/apador.org\/ro\/wp-json\/wp\/v2\/posts\/1577\" class=\"qtranxs-available-language-link qtranxs-available-language-link-ro\" title=\"Rom\u00e2n\u0103\">Rom\u00e2n\u0103<\/a>. For the sake of viewer convenience, the content is shown below in the alternative language. You may click the link to switch the active language.<\/p><p><\/p>\n<p align=\"justify\" style='text-align:justify'>Cu triste&#355;e &#351;i profund&#259; durere anun&#355;&#259;m dispari&#355;ia colegului nostru, Marian Pancu, a c&#259;rui via&#355;&#259; s-a confundat cu cea a Asocia&#355;iei pentru Ap&#259;rarea Drepturilor Omului \u00een Rom\u00e2nia \u2013 Comitetul Helsinki (APADOR-CH) pentru aproape 20 de ani. Sinceritatea, intransigen&#355;a, dedica&#355;ia &#351;i spiritul s&#259;u critic au fost de nepre&#355;uit pentru noi, pentru organiza&#355;ie, precum &#351;i pentru ap&#259;rarea &#351;i promovarea drepturilor omului \u00een Rom\u00e2nia.\n<\/p>\n<p align=\"justify\" style='text-align:justify'>\nCondolean&#355;ele noastre familiei \u00eendurate!\n<\/p>\n<p align=\"justify\" style='text-align:justify'>\nTrupul ne\u00eensufle&#355;it va fi depus la Biserica Sf. Maria (Str. Iani Buzoianu nr.2 &#8211; l\u00e2nga Podul Grant), \u00een ziua de mar&#355;i, 21 decembrie, \u00eencep\u00e2nd cu ora 12.00. \u00cenmorm\u00e2ntarea va avea loc miercuri, <\/p>\n<p><\/p>","protected":false},"excerpt":{"rendered":"<p>Cu triste&#355;e &#351;i profund&#259; durere anun&#355;&#259;m dispari&#355;ia colegului nostru, Marian Pancu, a c&#259;rui via&#355;&#259; s-a confundat cu cea a Asocia&#355;iei pentru Ap&#259;rarea Drepturilor Omului \u00een Rom\u00e2nia \u2013 Comitetul Helsinki (APADOR-CH) pentru aproape 20 de ani<\/p>\n","protected":false},"author":2,"featured_media":0,"comment_status":"closed","ping_status":"open","sticky":false,"template":"","format":"standard","meta":{"footnotes":""},"categories":[29],"tags":[],"class_list":["post-1577","post","type-post","status-publish","format-standard","hentry","category-comunicate"],"_links":{"self":[{"href":"https:\/\/apador.org\/en\/wp-json\/wp\/v2\/posts\/1577","targetHints":{"allow":["GET"]}}],"collection":[{"href":"https:\/\/apador.org\/en\/wp-json\/wp\/v2\/posts"}],"about":[{"href":"https:\/\/apador.org\/en\/wp-json\/wp\/v2\/types\/post"}],"author":[{"embeddable":true,"href":"https:\/\/apador.org\/en\/wp-json\/wp\/v2\/users\/2"}],"replies":[{"embeddable":true,"href":"https:\/\/apador.org\/en\/wp-json\/wp\/v2\/comments?post=1577"}],"version-history":[{"count":0,"href":"https:\/\/apador.org\/en\/wp-json\/wp\/v2\/posts\/1577\/revisions"}],"wp:attachment":[{"href":"https:\/\/apador.org\/en\/wp-json\/wp\/v2\/media?parent=1577"}],"wp:term":[{"taxonomy":"category","embeddable":true,"href":"https:\/\/apador.org\/en\/wp-json\/wp\/v2\/categories?post=1577"},{"taxonomy":"post_tag","embeddable":true,"href":"https:\/\/apador.org\/en\/wp-json\/wp\/v2\/tags?post=1577"}],"curies":[{"name":"wp","href":"https:\/\/api.w.org\/{rel}","templated":true}]}}