{"id":1584,"date":"2011-02-22T00:00:00","date_gmt":"2011-02-21T22:00:00","guid":{"rendered":"http:\/\/www.apador.org\/seamus\/comunicat-al-apador-ch-cu-privire-la-hotrarea-curii-europene-a-drepturilor-omului-in-cazul-mugurel-soare-i-alii-c-romaniei-2\/"},"modified":"2019-05-27T20:51:35","modified_gmt":"2019-05-27T18:51:35","slug":"comunicat-al-apador-ch-cu-privire-la-hotrarea-curii-europene-a-drepturilor-omului-in-cazul-mugurel-soare-i-alii-c-romaniei-2","status":"publish","type":"post","link":"https:\/\/apador.org\/en\/comunicat-al-apador-ch-cu-privire-la-hotrarea-curii-europene-a-drepturilor-omului-in-cazul-mugurel-soare-i-alii-c-romaniei-2\/","title":{"rendered":"Comunicat al APADOR-CH cu privire la hot&#259;r\u00e2rea Cur&#355;ii Europene a Drepturilor Omului \u00een cazul Mugurel Soare &#351;i al&#355;ii c. Rom\u00e2niei"},"content":{"rendered":"<p class=\"qtranxs-available-languages-message qtranxs-available-languages-message-en\">Sorry, this entry is only available in <a href=\"https:\/\/apador.org\/ro\/wp-json\/wp\/v2\/posts\/1584\" class=\"qtranxs-available-language-link qtranxs-available-language-link-ro\" title=\"Rom\u00e2n\u0103\">Rom\u00e2n\u0103<\/a>. For the sake of viewer convenience, the content is shown below in the alternative language. You may click the link to switch the active language.<\/p><p><\/p>\n<p align=\"justify\" style='text-align:justify'>Ast&#259;zi, 22 februarie 2011, CEDO s-a pronun&#355;at<br \/>\n    asupra cazului <i>Mugurel Soare &#351;i al&#355;ii<br \/>\n    \u00eempotriva Statului Rom\u00e2n<\/i>. APADOR-CH a preluat cazul \u00eenc&#259; de la<br \/>\n    \u00eenceput, a efectuat propriile investiga&#355;ii extrajudiciare, a asigurat asisten&#355;&#259;<br \/>\n    juridic&#259; pe \u00eentreaga durat&#259; a procedurilor interne\u00a0 &#351;i apoi \u00een fa&#355;a Cur&#355;ii<br \/>\n  Europene a Drepturilor Omului.<\/p>\n<p align=\"justify\" style='text-align:justify'>\u00cen fapt, pe 19 mai 2000, Mugurel Soare, atunci \u00een<br \/>\n    v\u00e2rst&#259; de 19 ani, a fost b&#259;tut &#351;i \u00eempu&#351;cat \u00een cap de un poli&#355;ist \u00een civil.<br \/>\n    Incidentul s-a petrecut \u00een jurul orei 19.00, \u00een plin&#259; strad&#259; (\u00een apropiere de<br \/>\n    Spitalul Caritas din Bucure&#351;ti), \u00een prezen&#355;a unor martori oculari. \u201eVina\u201d<br \/>\n    victimei a fost c&#259; alerga pe strad&#259; dup&#259; cumnatul s&#259;u care\u00a0 \u00ee&#351;i abandonase<br \/>\n    so&#355;ia (sora lui Mugurel) &#351;i copilul. Transportat la Spitalul de Urgen&#355;&#259;,<br \/>\n    Mugurel Soare a fost \u00een com&#259; timp de 5 zile, apoi\u00a0 operat dar a r&#259;mas paralizat<br \/>\n    pe partea drept&#259; a corpului &#351;i cu afectarea foarte grav&#259; a centrilor vorbirii.<br \/>\n    Dup&#259; mai multe tratamente &#351;i-a rec&#259;p&#259;tat, \u00een bun&#259; m&#259;sur&#259;, capacitatea de a se<br \/>\n    deplasa f&#259;r&#259; ajutor, dar nu &#351;i darul vorbirii, handicap ce a afectat\u00a0 profund<br \/>\n  via&#355;a sa &#351;i a familiei.<\/p>\n<p align=\"justify\" style='text-align:justify'>La evenimentul din 19 mai 2000 au fost prezen&#355;i<br \/>\n    &#351;i doi martori oculari care au fost priva&#355;i ilegal de libertate (au fost &#355;inu&#355;i<br \/>\n    timp de 10 ore \u00een sediul poli&#355;iei pentru \u201edeclara&#355;ii\u201d) &#351;i trata&#355;i inuman (au<br \/>\n    r&#259;mas \u00een sediul poli&#355;iei toat&#259; noaptea de 19 spre 20 mai, f&#259;r&#259; ap&#259; &#351;i f&#259;r&#259;<br \/>\n    hran&#259;, sub presiune psihic&#259; permanent&#259;\u00a0 pentru a-i determina s&#259; dea declara&#355;ii<br \/>\n    favorabile poli&#355;i&#351;tilor). Dup&#259; epuizarea c&#259;ilor de atac interne, cei doi<br \/>\n  martori oculari s-au adresat CEDO \u00eempreun&#259; cu Mugurel Soare.<\/p>\n<p align=\"justify\" style='text-align:justify'>Curtea European&#259; a examinat pl\u00e2ngerea primului<br \/>\n    reclamant pe terenul articolului 2 al Conven&#355;iei Europene care protejeaz&#259;<br \/>\n    dreptul la via&#355;&#259; &#351;i a criticat legisla&#355;ia rom\u00e2n&#259; \u00een vigoare la momentul<br \/>\n    faptelor deoarece nu reglementeaz&#259; strict folosirea armelor de foc \u00een cadrul<br \/>\n    opera&#355;iunilor de poli&#355;ie &#351;i nici modul de preg&#259;tire a unor astfel de<br \/>\n    opera&#355;iuni. Curtea a apreciat c&#259; folosirea for&#355;ei letale a fost excesiv&#259; \u00een<br \/>\n    cauz&#259; &#351;i a \u00eenl&#259;turat ap&#259;rarea Guvernului rom\u00e2n care sus&#355;inuse c&#259; poli&#355;istul \u00een<br \/>\n    cauz&#259; fusese de fapt atacat de reclamant cu un cu&#355;it &#351;i \u00een consecin&#355;&#259; ac&#355;ionase<br \/>\n    \u00een legitim&#259; ap&#259;rare deoarece Guvernul nu a furnizat suficiente elemente de<br \/>\n    prob&#259; pentru a-&#351;i sus&#355;ine aceast&#259; ap&#259;rare. \u00cen concluzie, Curtea a constatat violarea<br \/>\n    articolului 2 din perspectiv&#259; material&#259;. Curtea a mai constatat violarea<br \/>\n    articolului 2 din perspectiv&#259; procedural&#259; deoarece statul rom\u00e2n nu a desf&#259;&#351;urat<br \/>\n    \u00een urma evenimentelor din mai 2000 o anchet&#259; efectiv&#259;, apt&#259; s&#259; identifice &#351;i s&#259;<br \/>\n    pedepseasc&#259; persoanele responsabile, ancheta \u00eempotriva poli&#355;i&#351;tilor implica&#355;i<br \/>\n    finaliz\u00e2ndu-se cu o solu&#355;ie de ne\u00eencepere a urm&#259;ririi penale. Curtea a<br \/>\n    constatat de asemenea \u00eenc&#259;lcarea articolului 13 (dreptul la un recurs efectiv)<br \/>\n    combinat cu articolul 2 din Conven&#355;ia European&#259; deoarece din cauza solu&#355;iei<br \/>\n    favorabile poli&#355;i&#351;ilor de ne\u00eencepere a urm&#259;ririi penale reclamantul nu a putut<br \/>\n  ini&#355;ia o ac&#355;iune civil&#259; \u00een daune.<\/p>\n<p align=\"justify\" style='text-align:justify'>Curtea European&#259; a mai pronun&#355;at violarea<br \/>\n    articolului 3 din Conven&#355;ia European&#259; \u00een ce prive&#351;te pe ceilal&#355;i doi reclaman&#355;i<br \/>\n    &#351;i a concluzionat c&#259; faptul c&#259; ace&#351;tia au fost &#355;inu&#355;i \u00een sediul poli&#355;iei \u00een<br \/>\n    noaptea de 19 spre 20 mai f&#259;r&#259; ap&#259; &#351;i hran&#259; reprezint&#259; un tratament degradant<br \/>\n  contrar prevederilor Conven&#355;iei.<\/p>\n<p align=\"justify\" style='text-align:justify'>Textul integral al hot&#259;r\u00e2rii este disponibil \u00een<br \/>\n  limba francez&#259; pe site-ul www.echr.coe.int.<\/p>\n<p align=\"justify\" style='text-align:justify'>22 februarie 2011<\/p>\n<p align=\"justify\" style='text-align:justify'>APADOR-CH<\/p>\n<p align=\"justify\" style='text-align:justify'>Pentru detalii suplimentare: Diana-Olivia<br \/>\n  Hatneanu \u2013 director executiv APADOR-CH, telefon 0733.078.718<\/p>\n<p><\/p>","protected":false},"excerpt":{"rendered":"<p>Ast&#259;zi, 22 februarie 2011, CEDO s-a pronun&#355;at asupra cazului Mugurel Soare &#351;i al&#355;ii \u00eempotriva Statului Rom\u00e2n. APADOR-CH a preluat cazul \u00eenc&#259; de la \u00eenceput, a efectuat propriile investiga&#355;ii extrajudiciare, a asigurat asisten&#355;&#259; juridic&#259; pe \u00eentreaga durat&#259; a procedurilor interne\u00a0&#351;i apoi \u00een fa&#355;a Cur&#355;ii Europene a Drepturilor Omului.<\/p>\n","protected":false},"author":2,"featured_media":0,"comment_status":"closed","ping_status":"open","sticky":false,"template":"","format":"standard","meta":{"footnotes":""},"categories":[29,839],"tags":[],"class_list":["post-1584","post","type-post","status-publish","format-standard","hentry","category-comunicate","category-procese-castigate-la-cedo"],"_links":{"self":[{"href":"https:\/\/apador.org\/en\/wp-json\/wp\/v2\/posts\/1584","targetHints":{"allow":["GET"]}}],"collection":[{"href":"https:\/\/apador.org\/en\/wp-json\/wp\/v2\/posts"}],"about":[{"href":"https:\/\/apador.org\/en\/wp-json\/wp\/v2\/types\/post"}],"author":[{"embeddable":true,"href":"https:\/\/apador.org\/en\/wp-json\/wp\/v2\/users\/2"}],"replies":[{"embeddable":true,"href":"https:\/\/apador.org\/en\/wp-json\/wp\/v2\/comments?post=1584"}],"version-history":[{"count":0,"href":"https:\/\/apador.org\/en\/wp-json\/wp\/v2\/posts\/1584\/revisions"}],"wp:attachment":[{"href":"https:\/\/apador.org\/en\/wp-json\/wp\/v2\/media?parent=1584"}],"wp:term":[{"taxonomy":"category","embeddable":true,"href":"https:\/\/apador.org\/en\/wp-json\/wp\/v2\/categories?post=1584"},{"taxonomy":"post_tag","embeddable":true,"href":"https:\/\/apador.org\/en\/wp-json\/wp\/v2\/tags?post=1584"}],"curies":[{"name":"wp","href":"https:\/\/api.w.org\/{rel}","templated":true}]}}