{"id":1585,"date":"2011-03-07T00:00:00","date_gmt":"2011-03-07T00:00:00","guid":{"rendered":"http:\/\/www.apador.org\/seamus\/protestul-apador-ch-cu-privire-la-iniiativa-modificrii-legii-nr-5442001-prvind-liberul-acces-la-informaiile-de-interes-public-2\/"},"modified":"2011-03-07T00:00:00","modified_gmt":"2011-03-07T00:00:00","slug":"protestul-apador-ch-cu-privire-la-iniiativa-modificrii-legii-nr-5442001-prvind-liberul-acces-la-informaiile-de-interes-public-2","status":"publish","type":"post","link":"https:\/\/apador.org\/en\/protestul-apador-ch-cu-privire-la-iniiativa-modificrii-legii-nr-5442001-prvind-liberul-acces-la-informaiile-de-interes-public-2\/","title":{"rendered":"PROTESTUL APADOR-CH CU PRIVIRE LA INI&#354;IATIVA MODIFIC&#258;RII LEGII NR. 544\/2001 PRVIND LIBERUL ACCES LA INFORMA&#354;IILE DE INTERES PUBLIC"},"content":{"rendered":"<p class=\"qtranxs-available-languages-message qtranxs-available-languages-message-en\">Sorry, this entry is only available in <a href=\"https:\/\/apador.org\/ro\/wp-json\/wp\/v2\/posts\/1585\" class=\"qtranxs-available-language-link qtranxs-available-language-link-ro\" title=\"Rom\u00e2n\u0103\">Rom\u00e2n\u0103<\/a>. For the sake of viewer convenience, the content is shown below in the alternative language. You may click the link to switch the active language.<\/p><p><\/p>\n<p align=\"justify\" style='text-align:justify'>APADOR-CH \u00ee&#351;i<br \/>\n    exprim&#259; protestul &#351;i solicit&#259; <b>respingerea<br \/>\n    propunerii legislative de modificare a Legii nr. 544\/2001 privind liberul acces<br \/>\n    la informa&#355;iile de interes public, ini&#355;iat&#259; de deputatul Mihai Boldea<\/b>,<br \/>\n    \u00eentruc\u00e2t prin aceasta <b>este afectat&#259;<br \/>\n    libertatea presei, garantat&#259; prin articolul 10 din Conven&#355;ia European&#259; a<br \/>\n  Drepturilor Omului (CEDO).<\/b><\/p>\n<p align=\"justify\" style='text-align:justify'>Practic, prin<br \/>\n    aceast&#259; ini&#355;iativ&#259; legislativ&#259; i se interzice presei s&#259; mai ofere &#351;i s&#259;<br \/>\n    comenteze informa&#355;ii \u00een leg&#259;tur&#259; cu orice proces penal, at\u00e2t \u00een faza de<br \/>\n  urm&#259;rire penal&#259; (la parchet), c\u00e2t &#351;i \u00een faza de judecat&#259; (la instan&#355;&#259;).<\/p>\n<p align=\"justify\" style='text-align:justify'>Pretextul invocat<br \/>\n    este protejarea vie&#355;ii private a celui cercetat\/judecat, f&#259;r&#259; a se &#355;ine cont de<br \/>\n    faptul c&#259; presei nu i se poate interzice, cu titlu general, s&#259; difuzeze<br \/>\n    informa&#355;ii &#351;i opinii referitoare la un proces (civil sau penal), \u00eentruc\u00e2t<br \/>\n    aceasta constituie o restr\u00e2ngere a libert&#259;&#355;ii presei, contrar&#259; articolul 10 din<br \/>\n  CEDO. <\/p>\n<p align=\"justify\" style='text-align:justify'>\u00cen multe cazuri,<br \/>\n    procesele penale au ca obiect chestiuni importante la nivelul \u00eentregii<br \/>\n    comunit&#259;&#355;i (buna gestionare a fondurilor\/resurselor publice, conduita de&#355;in&#259;torilor<br \/>\n    de func&#355;ii publice) sau pot ridica probleme legate de buna func&#355;ionare a justi&#355;iei<br \/>\n    (inclusiv abuzuri pe durata procedurilor). \u00centr-o societate democratic&#259;, nu se<br \/>\n    poate admite eliminarea din dezbaterea public&#259; a unor chestiuni de interes<br \/>\n  public, nici chiar a celor privind procedurile judiciare \u00een cauzele penale.<\/p>\n<p align=\"justify\" style='text-align:justify'>\u00cen acest sens,<br \/>\n    s-a pronun&#355;at Curtea European&#259; a Drepturilor Omului, care a re&#355;inut, \u00een cauza <i>Sunday Times c. Marea Britanie<\/i>, c&#259; numai<br \/>\n    prin \u00eenc&#259;lcarea art. 10 din CEDO ar putea fi stabilit&#259; o interdic&#355;ie general&#259;<br \/>\n    ca presa s&#259; relateze despre procesele aflate \u00een curs. Curtea European&#259; a<br \/>\n    insistat \u00eentr-o cauz&#259; recent&#259;, <i>Stoll c.<br \/>\n    Elve&#355;ia,<\/i> c&#259;, \u00een chestiuni de interes general, revine presei un important<br \/>\n    rol de informare a publicului &#351;i c&#259; restr\u00e2ngerea acestui rol nu se justific&#259;<br \/>\n    dec\u00e2t \u00een condi&#355;iile \u00een care deontologia profesiei jurnalistice nu este<br \/>\n  respectat&#259;.<\/p>\n<p align=\"justify\" style='text-align:justify'>Mai mult, Curtea<br \/>\n    European&#259;, accept\u00e2nd c&#259; dezbaterea \u00een pres&#259; poate crea unele inconveniente \u00een<br \/>\n    administrarea justi&#355;iei, a hot&#259;r\u00e2t c&#259; trebuie s&#259; se dea prioritate libert&#259;&#355;ii<br \/>\n    presei, \u00eentruc\u00e2t, astfel, &#351;i justi&#355;iabilii f&#259;r&#259; preg&#259;tire juridic&#259; pot<br \/>\n    beneficia de pe urma relat&#259;rilor din pres&#259;, fiind de preferat ca publicul larg<br \/>\n  s&#259; fie bine informat.<\/p>\n<p align=\"justify\" style='text-align:justify'>APADOR-CH\u00a0<br \/>\n    consider&#259; excesiv&#259; ini&#355;iativa legislativ&#259; &#351;i \u00een raport cu faptul c&#259; \u00een Legea<br \/>\n    nr. 544\/2001 exist&#259; deja reglement&#259;ri care nu permit comunicarea informa&#355;iilor care<br \/>\n    privesc date personale, care pericliteaz&#259; rezultatul anchetei ori via&#355;a\/s&#259;n&#259;tatea<br \/>\n  unei persoane sau care aduc atingere caracterului echitabil al procesului. <\/p>\n<p align=\"justify\" style='text-align:justify'>APADOR-CH atrage<br \/>\n    aten&#355;ia c&#259; adaugarea de noi &#351;i noi restric&#355;ii de aplicare a legii liberului<br \/>\n    acces la informa&#355;iile de interes public nu reprezint&#259; altceva dec\u00e2t \u00eencerc&#259;ri<br \/>\n    \u2013repetate- de a anula, practic, obliga&#355;ia de transparen&#355;&#259; a activit&#259;&#355;ii<br \/>\n  autorit&#259;&#355;ilor &#351;i institu&#355;iilor publice.\u00a0 <\/p>\n<p align=\"justify\" style='text-align:justify'>07 martie 2011<\/p>\n<p align=\"justify\" style='text-align:justify'>APADOR-CH<\/p>\n<p align=\"justify\" style='text-align:justify'>Pentru detalii<br \/>\n    suplimentare: Diana-Olivia Hatneanu \u2013 director executiv APADOR-CH, telefon<br \/>\n  0733.078.718<\/p>\n<p><\/p>","protected":false},"excerpt":{"rendered":"<p>APADOR-CH \u00ee&#351;i exprim&#259; protestul &#351;i solicit&#259; respingerea propunerii legislative de modificare a Legii nr. 544\/2001 privind liberul acces la informa&#355;iile de interes public, ini&#355;iat&#259; de deputatul Mihai Boldea, \u00eentruc\u00e2t prin aceasta este afectat&#259; libertatea presei, garantat&#259; prin articolul 10 din Conven&#355;ia European&#259; a Drepturilor Omului (CEDO).<\/p>\n","protected":false},"author":2,"featured_media":0,"comment_status":"closed","ping_status":"open","sticky":false,"template":"","format":"standard","meta":{"footnotes":""},"categories":[29],"tags":[],"class_list":["post-1585","post","type-post","status-publish","format-standard","hentry","category-comunicate"],"_links":{"self":[{"href":"https:\/\/apador.org\/en\/wp-json\/wp\/v2\/posts\/1585","targetHints":{"allow":["GET"]}}],"collection":[{"href":"https:\/\/apador.org\/en\/wp-json\/wp\/v2\/posts"}],"about":[{"href":"https:\/\/apador.org\/en\/wp-json\/wp\/v2\/types\/post"}],"author":[{"embeddable":true,"href":"https:\/\/apador.org\/en\/wp-json\/wp\/v2\/users\/2"}],"replies":[{"embeddable":true,"href":"https:\/\/apador.org\/en\/wp-json\/wp\/v2\/comments?post=1585"}],"version-history":[{"count":0,"href":"https:\/\/apador.org\/en\/wp-json\/wp\/v2\/posts\/1585\/revisions"}],"wp:attachment":[{"href":"https:\/\/apador.org\/en\/wp-json\/wp\/v2\/media?parent=1585"}],"wp:term":[{"taxonomy":"category","embeddable":true,"href":"https:\/\/apador.org\/en\/wp-json\/wp\/v2\/categories?post=1585"},{"taxonomy":"post_tag","embeddable":true,"href":"https:\/\/apador.org\/en\/wp-json\/wp\/v2\/tags?post=1585"}],"curies":[{"name":"wp","href":"https:\/\/api.w.org\/{rel}","templated":true}]}}