{"id":1594,"date":"2011-06-24T00:00:00","date_gmt":"2011-06-24T00:00:00","guid":{"rendered":"http:\/\/www.apador.org\/seamus\/26-iunie-ziua-internaional-pentru-susinerea-victimelor-torturii-2\/"},"modified":"2011-06-24T00:00:00","modified_gmt":"2011-06-24T00:00:00","slug":"26-iunie-ziua-internaional-pentru-susinerea-victimelor-torturii-2","status":"publish","type":"post","link":"https:\/\/apador.org\/en\/26-iunie-ziua-internaional-pentru-susinerea-victimelor-torturii-2\/","title":{"rendered":"26 iunie\u00a0&#8211; Ziua Interna&#355;ional&#259; pentru Sus&#355;inerea Victimelor Torturii\u00a0"},"content":{"rendered":"<p class=\"qtranxs-available-languages-message qtranxs-available-languages-message-en\">Sorry, this entry is only available in <a href=\"https:\/\/apador.org\/ro\/wp-json\/wp\/v2\/posts\/1594\" class=\"qtranxs-available-language-link qtranxs-available-language-link-ro\" title=\"Rom\u00e2n\u0103\">Rom\u00e2n\u0103<\/a>. For the sake of viewer convenience, the content is shown below in the alternative language. You may click the link to switch the active language.<\/p><p><\/p>\n<p align=\"justify\" style='text-align:justify'>Statele membre<br \/>\n    ale Organiza&#355;iei Na&#355;iunilor Unite \u00a0aniverseaz&#259; \u00een fiecare an la data de 26<br \/>\n    iunie Ziua Interna&#355;ional&#259; pentru Sus&#355;inerea Victimelor Torturii.\u00a0 \u00cen calitatea<br \/>\n    de membru ONU, Rom\u00e2nia a ratificat \u00een 1990 Conven&#355;ia \u00eempotriva torturii &#351;i altor pedepse ori tratamente cu<br \/>\n    cruzime, inumane sau degradante. De asemenea, ca stat european,\u00a0 Rom\u00e2nia este<br \/>\n    parte la Conven&#355;ia European&#259; pentru Ap&#259;rarea Drepturilor Omului &#351;i a<br \/>\n    Libert&#259;&#355;ilor Fundamentale, care la articolul 3 \u2013 interzicerea torturii \u2013<br \/>\n    statueaz&#259; c&#259; nimeni nu poate fi supus torturii, nici pedepselor ori<br \/>\n  tratamentelor inumane sau degradante. <\/p>\n<p align=\"justify\" style='text-align:justify'>\u00cen<br \/>\n    acest context APADOR-CH reaminte&#351;te c&#259; de&#355;inerea unei persoane private de<br \/>\n    libertate \u00een condi&#355;ii contrare demnit&#259;&#355;ii umane contravine conven&#355;iilor<br \/>\n    interna&#355;ionale. Astfel, Rom\u00e2nia a fost condamnat&#259; \u00een repetate r\u00e2nduri de Curtea<br \/>\n    Eurpean&#259; de la Strasbourg pentru condi&#355;iile \u00een care sunt de&#355;inute persoane \u00een<br \/>\n    diverse penitenciare rom\u00e2ne&#351;ti. Principalele aspecte avute \u00een vedere de Curtea<br \/>\n    European&#259; sunt cele referitoare la supraaglomerare, la precaritatea condi&#355;iilor<br \/>\n    de igien&#259; sau la lipsa unor \u00eengrijiri medicale adecvate. \u00a0\u00cen prezent Curtea<br \/>\n    European&#259; analizeaz&#259; caracterul sistemic al problemei condi&#355;iilor de de&#355;inere<br \/>\n    din penitenciarele rom\u00e2ne&#351;ti \u00een eventualitatea demar&#259;rii unei proceduri-pilot<br \/>\n    \u00eempotriva Rom\u00e2niei. APADOR-CH a ac&#355;ionat ca ter&#355; intervenient \u00een aceast&#259;<br \/>\n    procedur&#259; \u00een cazurile <i>Sasu c. Rom\u00e2niei<\/i> &#351;i <i>Stanciu c. Rom\u00e2niei<\/i>,<br \/>\n    argument\u00e2nd \u00een favoarea demar&#259;rii procedurii-pilot c&#259; problemele legate de<br \/>\n    condi&#355;iile de deten&#355;ie \u00een penitenciare sunt cvasigenerale &#351;i structurale &#351;i c&#259;.<br \/>\n  tr&#259;ind \u00een acele condi&#355;ii, de&#355;inu&#355;ii sunt victime ale unor\u00a0 rele tratamente.\u00a0 \u00a0<\/p>\n<p align=\"justify\" style='text-align:justify'>Cu ocazia Zilei<br \/>\n    Interna&#355;ionale pentru Sus&#355;inerea Victimelor Torturii. APADOR-CH reaminte&#351;te<br \/>\n    publicului &#351;i autorit&#259;&#355;ilor faptul c&#259; Rom\u00e2nia &#351;i-a asumat \u00een anul 2009\u00a0 un nou<br \/>\n    angajament cu privire la eradicarea torturii ratific\u00e2nd Protocolul op&#355;ional la<br \/>\n    Conven&#355;ia \u00eempotriva torturii &#351;i a altor pedepse ori tratamente cu cruzime,<br \/>\n    inumane sau degradante. Conform acestui angajament Rom\u00e2nia s-a obligat ca p\u00e2n&#259;<br \/>\n    cel mai t\u00e2rziu \u00een 1una mai\u00a0 a anului 2012 s&#259; instituie un mecanism func&#355;ional<br \/>\n    care, prin vizitarea spa&#355;iilor privative de libertate, s&#259; monitorizeze<br \/>\n    tratamentul aplicat persoanelor private de libertate \u00een scopul prevenirii<br \/>\n    torturii. Asocia&#355;ia atrage aten&#355;ia asupra faptului c&#259; mecanismul de prevenire a<br \/>\n    torturii va avea competen&#355;e nu doar \u00een penitenciare ci \u00een orice loc \u00een care se<br \/>\n    afl&#259; o persoan&#259; privat&#259; de libertate \u00een sensul definit \u00een art. 4 al<br \/>\n    Protocolului care descrie privarea<br \/>\n    de libertate ca fiind orice form&#259; de deten&#355;ie sau \u00eenchisoare ori plasarea unei<br \/>\n    persoane \u00eentr-un loc public sau privat de re&#355;inere pe care nu \u00eel poate p&#259;r&#259;si<br \/>\n    dup&#259; voia sa, prin ordinul oric&#259;rei autorit&#259;&#355;i judiciare, administrative sau de<br \/>\n    alt&#259; natur&#259;. APADOR-CH solicit&#259; factorilor de decizie s&#259; acorde<br \/>\n    aten&#355;ia cuvenit&#259;\u00a0 prevenirii oric&#259;ror forme de tortur&#259; &#351;i, \u00een acest sens, s&#259;<br \/>\n    urgenteze demersurile pentru instituirea unui mecanism na&#355;ional eficient de<br \/>\n  prevenire a torturii . <\/p>\n<p align=\"justify\" style='text-align:justify'>Persoan&#259; de<br \/>\n  contact: Maria-Nicoleta Andreescu, 0733.078.721 <\/p>\n<p><\/p>","protected":false},"excerpt":{"rendered":"<p>Statele membre ale Organiza&#355;iei Na&#355;iunilor Unite aniverseaz&#259; \u00een fiecare an la data de 26 iunie Ziua Interna&#355;ional&#259; pentru Sus&#355;inerea Victimelor Torturii.\u00a0<\/p>\n","protected":false},"author":2,"featured_media":0,"comment_status":"closed","ping_status":"open","sticky":false,"template":"","format":"standard","meta":{"footnotes":""},"categories":[29],"tags":[],"class_list":["post-1594","post","type-post","status-publish","format-standard","hentry","category-comunicate"],"_links":{"self":[{"href":"https:\/\/apador.org\/en\/wp-json\/wp\/v2\/posts\/1594","targetHints":{"allow":["GET"]}}],"collection":[{"href":"https:\/\/apador.org\/en\/wp-json\/wp\/v2\/posts"}],"about":[{"href":"https:\/\/apador.org\/en\/wp-json\/wp\/v2\/types\/post"}],"author":[{"embeddable":true,"href":"https:\/\/apador.org\/en\/wp-json\/wp\/v2\/users\/2"}],"replies":[{"embeddable":true,"href":"https:\/\/apador.org\/en\/wp-json\/wp\/v2\/comments?post=1594"}],"version-history":[{"count":0,"href":"https:\/\/apador.org\/en\/wp-json\/wp\/v2\/posts\/1594\/revisions"}],"wp:attachment":[{"href":"https:\/\/apador.org\/en\/wp-json\/wp\/v2\/media?parent=1594"}],"wp:term":[{"taxonomy":"category","embeddable":true,"href":"https:\/\/apador.org\/en\/wp-json\/wp\/v2\/categories?post=1594"},{"taxonomy":"post_tag","embeddable":true,"href":"https:\/\/apador.org\/en\/wp-json\/wp\/v2\/tags?post=1594"}],"curies":[{"name":"wp","href":"https:\/\/api.w.org\/{rel}","templated":true}]}}