{"id":1598,"date":"2011-07-07T00:00:00","date_gmt":"2011-07-07T00:00:00","guid":{"rendered":"http:\/\/www.apador.org\/seamus\/protestul-apador-ch-cu-privire-la-inclcarea-legii-nr-522003-legea-transparenei-decizionale-in-cazul-adoptrii-de-ctre-guvern-a-proiectului-de-lege-prin-care-este-introdus2-2\/"},"modified":"2011-07-07T00:00:00","modified_gmt":"2011-07-07T00:00:00","slug":"protestul-apador-ch-cu-privire-la-inclcarea-legii-nr-522003-legea-transparenei-decizionale-in-cazul-adoptrii-de-ctre-guvern-a-proiectului-de-lege-prin-care-este-introdus2-2","status":"publish","type":"post","link":"https:\/\/apador.org\/en\/protestul-apador-ch-cu-privire-la-inclcarea-legii-nr-522003-legea-transparenei-decizionale-in-cazul-adoptrii-de-ctre-guvern-a-proiectului-de-lege-prin-care-este-introdus2-2\/","title":{"rendered":"PROTESTUL APADOR-CH CU PRIVIRE LA \u00ceNC&#258;LCAREA LEGII NR. 52\/2003, LEGEA TRANSPAREN&#354;EI DECIZIONALE, \u00ceN CAZUL ADOPT&#258;RII DE C&#258;TRE GUVERN A PROIECTULUI DE LEGE PRIN CARE ESTE INTRODUS&#258; \u00ceN CODUL PENAL M&#258;SURA CONFISC&#258;RII EXTINSE"},"content":{"rendered":"<p class=\"qtranxs-available-languages-message qtranxs-available-languages-message-en\">Sorry, this entry is only available in <a href=\"https:\/\/apador.org\/ro\/wp-json\/wp\/v2\/posts\/1598\" class=\"qtranxs-available-language-link qtranxs-available-language-link-ro\" title=\"Rom\u00e2n\u0103\">Rom\u00e2n\u0103<\/a>. For the sake of viewer convenience, the content is shown below in the alternative language. You may click the link to switch the active language.<\/p><p><\/p>\n<p align=\"justify\">APADOR-CH\u00a0 \u00ee&#351;i  exprim&#259; protestul fa&#355;&#259; de \u00eenc&#259;lcarea de c&#259;tre Guvern a Legii nr. 52\/2003,  privind transparen&#355;a decizional&#259;, \u00een cazul proiectului de lege privind  introducerea \u00een Codul penal a m&#259;surii confisc&#259;rii extinse.<\/p>\n<p align=\"justify\">Potrivit art. 6 din Legea nr. 52\/2003, \u00eenainte de  a fi adoptat de executiv, proiectul unei legi trebuie publicat pe site-ul  ini&#355;iatorului cu cel pu&#355;in 30 de zile \u00eenainte de adoptare, iar, \u00een cadrul  acestui termen, trebuie acordat un termen de minimum 10 zile pentru trimiterea  de c&#259;tre cei interesa&#355;i (cet&#259;&#355;eni, organiza&#355;ii negurvernamentale) de observa&#355;ii,  comentarii, propuneri.<\/p>\n<p align=\"justify\">\u00cen cazul confisc&#259;rii extinse, Guvernul a afi&#351;at  proiectul pe pagina de internet a Ministerului Justi&#355;iei la data de 5 iulie iar  dup&#259; numai o zi, cu \u00eenc&#259;lcarea v&#259;dit&#259; a Legii nr. 52\/2003 &#351;i a drepturilor  cet&#259;&#355;ene&#351;ti, a adoptat proiectul \u00een &#351;edin&#355;a din 6 iulie.<\/p>\n<p align=\"justify\">APADOR-CH subliniaz&#259; c&#259; avea preg&#259;tite comentarii  &#351;i observa&#355;ii cu privire la acest proiect de lege, dar, din cauza faptului c&#259;  Guvernul a \u00eenc&#259;lcat flagrant legea, a fost lipsit&#259; de dreptul de a formula  observa&#355;ii &#351;i de a cere organizarea unei \u00eentruniri publice pe tema proiectului  de lege, la care s&#259; participe cet&#259;&#355;enii &#351;i organiza&#355;iile legal constituite.<\/p>\n<p align=\"justify\">\u00cen acest context, APADOR-CH\u00a0 atrage aten&#355;ia ca proiectul de lege adoptat  de Guvern \u00eencalc&#259; multe dintre prevederile deciziei-cadru pe care o transpune.  Mai mult, noua reglementare a  confisc&#259;rii extinse \u201estimuleaz&#259;\u201d deschiderea unui num&#259;r ridicat de dosare  penale, doar \u00een scopul de a determina o persoan&#259; s&#259; fac&#259; dovada provenien&#355;ei  bunurilor, \u00eentruc\u00e2t inversarea sarcinii probei specific&#259; Legii nr. 18\/1968  este\u00a0 posibil&#259; doar \u00een cadrul unui proces  penal.<\/p>\n<p align=\"justify\">APADOR-CH condamn&#259; faptul c&#259; din motive exclusiv  politice, const\u00e2nd \u00een \u00eentrecerea de tip pionieresc dintre Guvern &#351;i opozi&#355;ie cu  privire la grupul care \u00ee&#351;i promoveaza primul proiectul de lege privind  confiscarea extins&#259;, Guvernul \u00eencalc&#259; flagrant obliga&#355;ia legal&#259; de a supune  dezbaterii publice un proiect de lege cu consecin&#355;e grave pentru cet&#259;&#355;eni.<\/p>\n<p align=\"justify\">Conduita Guvernului este cu at\u00e2t mai nejustificat&#259;  cu c\u00e2t Parlamentul este \u00een vacan&#355;&#259;, astfel c&#259;, graba \u2013 nelegal&#259; \u2013 a Guvernului  are ca singur&#259; posibil&#259; explica&#355;ie dorin&#355;a de a nu primi observa&#355;ii, comentarii  &#351;i propuneri de la cet&#259;&#355;eni &#351;i de la organiza&#355;iile neguvernamentale, la care,  potrivit aceleia&#351;i legi, ar fi fost obligat s&#259; r&#259;spund&#259;. <\/p>\n<p align=\"justify\">APADOR-CH cere Parlamentului s&#259; nu ia \u00een dezbatere  acest proiect al Guvernului adoptat cu \u00eenc&#259;lcarea legii, pentru a da un semnal  executivului c&#259; &#351;i acesta are obliga&#355;ia de a respecta legea &#351;i nu doar \u201esimplii\u201d  cet&#259;&#355;eni.\u00a0\u00a0\u00a0\u00a0\u00a0\u00a0\u00a0\u00a0\u00a0\u00a0\u00a0\u00a0\u00a0\u00a0\u00a0 <\/p>\n<p align=\"justify\">APADOR-CH, 7 iulie 2011<br \/>\n  Bucure&#351;ti<\/p>\n<p align=\"justify\">Persoane de contact:<br \/>\n  Maria-Nicoleta Andreescu, 0733.078.721<br \/>\n  Raluca St&#259;ncescu, 0733.078.722\n<\/p>\n<p><\/p>","protected":false},"excerpt":{"rendered":"<p>APADOR-CH\u00a0\u00ee&#351;i exprim&#259; protestul fa&#355;&#259; de \u00eenc&#259;lcarea de c&#259;tre Guvern a Legii nr. 52\/2003, privind transparen&#355;a decizional&#259;, \u00een cazul proiectului de lege privind introducerea \u00een Codul penal a m&#259;surii confisc&#259;rii extinse.<\/p>\n","protected":false},"author":2,"featured_media":0,"comment_status":"closed","ping_status":"open","sticky":false,"template":"","format":"standard","meta":{"footnotes":""},"categories":[29],"tags":[],"class_list":["post-1598","post","type-post","status-publish","format-standard","hentry","category-comunicate"],"_links":{"self":[{"href":"https:\/\/apador.org\/en\/wp-json\/wp\/v2\/posts\/1598","targetHints":{"allow":["GET"]}}],"collection":[{"href":"https:\/\/apador.org\/en\/wp-json\/wp\/v2\/posts"}],"about":[{"href":"https:\/\/apador.org\/en\/wp-json\/wp\/v2\/types\/post"}],"author":[{"embeddable":true,"href":"https:\/\/apador.org\/en\/wp-json\/wp\/v2\/users\/2"}],"replies":[{"embeddable":true,"href":"https:\/\/apador.org\/en\/wp-json\/wp\/v2\/comments?post=1598"}],"version-history":[{"count":0,"href":"https:\/\/apador.org\/en\/wp-json\/wp\/v2\/posts\/1598\/revisions"}],"wp:attachment":[{"href":"https:\/\/apador.org\/en\/wp-json\/wp\/v2\/media?parent=1598"}],"wp:term":[{"taxonomy":"category","embeddable":true,"href":"https:\/\/apador.org\/en\/wp-json\/wp\/v2\/categories?post=1598"},{"taxonomy":"post_tag","embeddable":true,"href":"https:\/\/apador.org\/en\/wp-json\/wp\/v2\/tags?post=1598"}],"curies":[{"name":"wp","href":"https:\/\/api.w.org\/{rel}","templated":true}]}}