{"id":1612,"date":"2012-01-18T00:00:00","date_gmt":"2012-01-18T00:00:00","guid":{"rendered":"http:\/\/www.apador.org\/seamus\/comunicat-privind-intervenia-jandarmilor-impotriva-protestatarilor-2\/"},"modified":"2012-01-18T00:00:00","modified_gmt":"2012-01-18T00:00:00","slug":"comunicat-privind-intervenia-jandarmilor-impotriva-protestatarilor-2","status":"publish","type":"post","link":"https:\/\/apador.org\/en\/comunicat-privind-intervenia-jandarmilor-impotriva-protestatarilor-2\/","title":{"rendered":"Comunicat privind interven&#355;ia jandarmilor \u00eempotriva protestatarilor"},"content":{"rendered":"<p class=\"qtranxs-available-languages-message qtranxs-available-languages-message-en\">Sorry, this entry is only available in <a href=\"https:\/\/apador.org\/ro\/wp-json\/wp\/v2\/posts\/1612\" class=\"qtranxs-available-language-link qtranxs-available-language-link-ro\" title=\"Rom\u00e2n\u0103\">Rom\u00e2n\u0103<\/a>. For the sake of viewer convenience, the content is shown below in the alternative language. You may click the link to switch the active language.<\/p><p><\/p>\n<p align=\"justify\" style='text-align:justify'>\u00cen leg&#259;tur&#259; cu protestele \u00eencepute \u00een data de 13 ianuarie 2012 &#351;i cu interven&#355;ia jandarmilor \u00eempotriva protestatarilor, APADOR-CH face urm&#259;toarele preciz&#259;ri:<\/p>\n<p align=\"justify\" style='text-align:justify;'>1.&nbsp;&nbsp;&nbsp;&nbsp;&nbsp;&nbsp;&nbsp;&nbsp;&nbsp;&nbsp;&nbsp; Jandarmii nu au dreptul discre&#355;ionar de a lovi pe cine vor, c\u00e2t timp vor &#351;i cu intensitatea\/brutalitatea pe care o vor. Imobilizarea persoanei nu presupune lovirea acesteia ori supunerea la rele tratamente. Legea jandarmeriei prevede \u00een art. 33 c&#259; folosirea for&#355;ei nu trebuie s&#259; dep&#259;&#351;easc&#259; nevoile reale pentru imobilizarea persoanelor turbulente ori ac&#355;iunilor ilegale &#351;i va \u00eenceta de \u00eendat&#259; ce scopul misiunii a fost realizat. Situa&#355;ia manifesta&#355;iilor \u00eencepute \u00een 13 ianuarie este cu at\u00e2t mai grav&#259; cu c\u00e2t, \u00een mai multe imagini difuzate de televiziuni, au existat cazuri cu persoane c&#259;zute la p&#259;m\u00e2nt lovite cu picioarele, pumnii sau bastoanele de c&#259;tre jandarmi. Lovirea unei persoane de c&#259;tre jandarmi constituie infrac&#355;iune (dup&#259; caz, supunere la rele tratamente, tortur&#259; sau purtare abuziv&#259;).<\/p>\n<p align=\"justify\" style='text-align:justify'>Pentru tragerea la r&#259;spundere penal&#259; a celor vinovati de violen&#355;e \u00eempotriva manifestan&#355;ilor este necesar ca victimele agresiunilor s&#259; se prezinte la un serviciu de medicin&#259;-legal&#259; sau la Institutul de Medicin&#259; Legal&#259; &#351;i s&#259; ob&#355;in&#259; certificatul medico-legal, s&#259; identifice, \u00een m&#259;sura \u00een care este posibil, probe audio-video sau martori care au asistat la incident &#351;i s&#259; formuleze pl\u00e2ngere penal&#259;, pe care s&#259; o depun&#259; sau s&#259; o trimit&#259; prin po&#351;t&#259; parchetului din localitatea unde s-a \u00eent\u00e2mplat incidentul.<\/p>\n<p align=\"justify\" style='text-align:justify;'>2.&nbsp;&nbsp;&nbsp;&nbsp;&nbsp;&nbsp;&nbsp;&nbsp;&nbsp;&nbsp;&nbsp; Potrivit art. 35 din Legea jandarmeriei (Legea nr. 550\/2004), jandarmii nu au dreptul s&#259; conduc&#259; administrativ la sec&#355;ia de poli&#355;ie sau la unitatea de jandarmi persoane despre care nu pot dovedi c&#259; au s&#259;v\u00e2r&#351;it fapte contrare legii prin care au provocat dezordine\/tulbur&#259;ri &#351;i necesit&#259; imobilizare. Cu alte cuvinte, jandarmii nu au dreptul s&#259; \u00eencarce manifestan&#355;ii \u00een dube &#351;i s&#259;-i transporte la diferite sec&#355;ii de poli&#355;ie, urm\u00e2nd ca abia acolo s&#259; fac&#259; trierea persoanelor care au fost sau care nu au fost violente, care au comis sau nu fapte contrare legii. Nu pot fi condu&#351;i dec\u00e2t cei despre care jandarmeria are dovezi, \u00een momentul ridic&#259;rii, c&#259; se \u00eencadreaz&#259; \u00een condi&#355;iile men&#355;ionate mai sus, prev&#259;zute de lege, pentru conducere. \u00cen caz contrar, conducerea persoanei la sec&#355;ia de poli&#355;ie\/unitatea de jandarmi constituie infrac&#355;iunea de lipsire de libertate a persoanei \u00een mod ilegal. De asemenea, \u00eempiedicarea unei persoane de a se deplasa cu trenul sau alt mijloc de transport acolo unde dore&#351;te, f&#259;r&#259; o justificare legal&#259; a acestei \u00eempiedic&#259;ri, constituie tot infrac&#355;iunea de lipsire de libertate \u00een mod ilegal. <\/p>\n<p align=\"justify\" style='text-align:justify;'>3.&nbsp;&nbsp;&nbsp;&nbsp;&nbsp;&nbsp;&nbsp;&nbsp;&nbsp;&nbsp;&nbsp;&nbsp;&nbsp;&nbsp;&nbsp;&nbsp;&nbsp; Autorit&#259;&#355;ile statului sesizate cu astfel de pl\u00e2ngeri au obliga&#355;ia de a desf&#259;&#351;ura cu celeritate o anchet&#259; am&#259;nun&#355;it&#259;, apt&#259; s&#259; duc&#259; la identificarea &#351;i tragerea la r&#259;spundere a persoanelor vinovate.<\/p>\n<p align=\"justify\" style='text-align:justify'>Persoanele care au fost victimele unor abuzuri din partea jandarmilor &#351;i doresc s&#259; se adreseze APADOR-CH o pot face la office@apador.org, 021 312 45 28, 021 312 37 11.<\/p>\n<p><\/p>","protected":false},"excerpt":{"rendered":"<p>\u00cen leg&#259;tur&#259; cu protestele \u00eencepute \u00een data de 13 ianuarie 2012 &#351;i cu interven&#355;ia jandarmilor \u00eempotriva protestatarilor, APADOR-CH face urm&#259;toarele preciz&#259;ri:<\/p>\n","protected":false},"author":2,"featured_media":0,"comment_status":"closed","ping_status":"open","sticky":false,"template":"","format":"standard","meta":{"footnotes":""},"categories":[29],"tags":[],"class_list":["post-1612","post","type-post","status-publish","format-standard","hentry","category-comunicate"],"_links":{"self":[{"href":"https:\/\/apador.org\/en\/wp-json\/wp\/v2\/posts\/1612","targetHints":{"allow":["GET"]}}],"collection":[{"href":"https:\/\/apador.org\/en\/wp-json\/wp\/v2\/posts"}],"about":[{"href":"https:\/\/apador.org\/en\/wp-json\/wp\/v2\/types\/post"}],"author":[{"embeddable":true,"href":"https:\/\/apador.org\/en\/wp-json\/wp\/v2\/users\/2"}],"replies":[{"embeddable":true,"href":"https:\/\/apador.org\/en\/wp-json\/wp\/v2\/comments?post=1612"}],"version-history":[{"count":0,"href":"https:\/\/apador.org\/en\/wp-json\/wp\/v2\/posts\/1612\/revisions"}],"wp:attachment":[{"href":"https:\/\/apador.org\/en\/wp-json\/wp\/v2\/media?parent=1612"}],"wp:term":[{"taxonomy":"category","embeddable":true,"href":"https:\/\/apador.org\/en\/wp-json\/wp\/v2\/categories?post=1612"},{"taxonomy":"post_tag","embeddable":true,"href":"https:\/\/apador.org\/en\/wp-json\/wp\/v2\/tags?post=1612"}],"curies":[{"name":"wp","href":"https:\/\/api.w.org\/{rel}","templated":true}]}}