{"id":1614,"date":"2012-01-20T00:00:00","date_gmt":"2012-01-20T00:00:00","guid":{"rendered":"http:\/\/www.apador.org\/seamus\/apador-ch-cere-parchetului-s-investigheze-excesele-jandarmilor-in-piaa-universitii-2\/"},"modified":"2012-01-20T00:00:00","modified_gmt":"2012-01-20T00:00:00","slug":"apador-ch-cere-parchetului-s-investigheze-excesele-jandarmilor-in-piaa-universitii-2","status":"publish","type":"post","link":"https:\/\/apador.org\/en\/apador-ch-cere-parchetului-s-investigheze-excesele-jandarmilor-in-piaa-universitii-2\/","title":{"rendered":"APADOR-CH cere Parchetului s&#259; investigheze excesele jandarmilor \u00een Pia&#355;a Universit&#259;&#355;ii"},"content":{"rendered":"<p class=\"qtranxs-available-languages-message qtranxs-available-languages-message-en\">Sorry, this entry is only available in <a href=\"https:\/\/apador.org\/ro\/wp-json\/wp\/v2\/posts\/1614\" class=\"qtranxs-available-language-link qtranxs-available-language-link-ro\" title=\"Rom\u00e2n\u0103\">Rom\u00e2n\u0103<\/a>. For the sake of viewer convenience, the content is shown below in the alternative language. You may click the link to switch the active language.<\/p><p><\/p>\n<p align=\"justify\" style='text-align:justify'>APADOR-CH condamn&#259; lipsa de reac&#355;ie a parchetului \u00een leg&#259;tur&#259; cu interven&#355;iile zilnice ale jandarmilor \u00eempotriva manifestan&#355;ilor din Pia&#355;a Universit&#259;&#355;ii, caracterizate, \u00een mod constant, prin for&#355;&#259; excesiv&#259;, dispropor&#355;ie v&#259;dit&#259;, brutalitate. <\/p>\n<p align=\"justify\" style='text-align:justify'>APADOR-CH solicit&#259; parchetului militar s&#259; se sesizeze din oficiu pentru identificarea &#351;i tragerea la r&#259;spundere penal&#259; a jandarmilor care au comis abuzuri \u00eempotriva manifestan&#355;ilor. Infrac&#355;iunile comise de jandarmi pot fi cercetate din oficiu, deoarece nu necesit&#259; o pl\u00e2ngere prealabil&#259; a victimei. Abuzurile nu se rezum&#259; la folosirea excesiv&#259; a for&#355;ei &#351;i la brutalizarea participan&#355;ilor la miting, ci constau &#351;i \u00een lipsirea de libertate a persoanelor. <\/p>\n<p align=\"justify\" style='text-align:justify'>\u00cen acest sens, APADOR-CH precizeaz&#259; c&#259; ridicarea de pe strad&#259;, la \u00eent\u00e2mplare, a persoanelor care nu au comis nicio fapt&#259; contrar&#259; legii &#351;i transportarea lor, \u00een dube, la diverse sec&#355;ii de poli&#355;ie, urmate de trierea \u00eentre cei care au comis &#351;i nu au comis ilegalit&#259;&#355;i constituie infrac&#355;iunea de lipsire de libertate. <\/p>\n<p align=\"justify\" style='text-align:justify'>De asemenea, \u00een raport cu semnalele din pres&#259; privind \u00eentreruperea\/bruierea\u00a0 comunica&#355;iilor \u00een zona manifesta&#355;iilor, asocia&#355;ia cere parchetului s&#259; se sesizeze din oficiu &#351;i s&#259; deschid&#259; o anchet&#259; &#351;i sub acest aspect.<\/p>\n<p align=\"justify\">Persoanele care au fost victimele unor abuzuri din partea jandarmilor &#351;i doresc s&#259; se adreseze APADOR-CH o pot face la office@apador.org, 021 312 45 28, 021 312 37 11.<\/p>\n<p align=\"justify\" style='text-align:justify'>20 ianuarie 2012<\/p>\n<p align=\"justify\" style='text-align:justify'>Pentru mai multe informa&#355;ii: <\/p>\n<p align=\"justify\" style='text-align:justify'>Diana-Olivia Hatneanu, director executiv APADOR-CH, 0733 078 718<\/p>\n<p><\/p>","protected":false},"excerpt":{"rendered":"<p>APADOR-CH condamn&#259; lipsa de reac&#355;ie a parchetului \u00een leg&#259;tur&#259; cu interven&#355;iile zilnice ale jandarmilor \u00eempotriva manifestan&#355;ilor din Pia&#355;a Universit&#259;&#355;ii, caracterizate, \u00een mod constant, prin for&#355;&#259; excesiv&#259;, dispropor&#355;ie v&#259;dit&#259;, brutalitat<\/p>\n","protected":false},"author":2,"featured_media":0,"comment_status":"closed","ping_status":"open","sticky":false,"template":"","format":"standard","meta":{"footnotes":""},"categories":[29],"tags":[],"class_list":["post-1614","post","type-post","status-publish","format-standard","hentry","category-comunicate"],"_links":{"self":[{"href":"https:\/\/apador.org\/en\/wp-json\/wp\/v2\/posts\/1614","targetHints":{"allow":["GET"]}}],"collection":[{"href":"https:\/\/apador.org\/en\/wp-json\/wp\/v2\/posts"}],"about":[{"href":"https:\/\/apador.org\/en\/wp-json\/wp\/v2\/types\/post"}],"author":[{"embeddable":true,"href":"https:\/\/apador.org\/en\/wp-json\/wp\/v2\/users\/2"}],"replies":[{"embeddable":true,"href":"https:\/\/apador.org\/en\/wp-json\/wp\/v2\/comments?post=1614"}],"version-history":[{"count":0,"href":"https:\/\/apador.org\/en\/wp-json\/wp\/v2\/posts\/1614\/revisions"}],"wp:attachment":[{"href":"https:\/\/apador.org\/en\/wp-json\/wp\/v2\/media?parent=1614"}],"wp:term":[{"taxonomy":"category","embeddable":true,"href":"https:\/\/apador.org\/en\/wp-json\/wp\/v2\/categories?post=1614"},{"taxonomy":"post_tag","embeddable":true,"href":"https:\/\/apador.org\/en\/wp-json\/wp\/v2\/tags?post=1614"}],"curies":[{"name":"wp","href":"https:\/\/api.w.org\/{rel}","templated":true}]}}