{"id":1617,"date":"2012-02-08T00:00:00","date_gmt":"2012-02-08T00:00:00","guid":{"rendered":"http:\/\/www.apador.org\/seamus\/punct-de-vedere-cu-privire-la-propunerea-legislativ-privind-reinerea-datelor-generate-sau-prelucrate-de-furnizorii-de-reele-publice-de-comunicaii-electronice-i-de-furnizo-2\/"},"modified":"2012-02-08T00:00:00","modified_gmt":"2012-02-08T00:00:00","slug":"punct-de-vedere-cu-privire-la-propunerea-legislativ-privind-reinerea-datelor-generate-sau-prelucrate-de-furnizorii-de-reele-publice-de-comunicaii-electronice-i-de-furnizo-2","status":"publish","type":"post","link":"https:\/\/apador.org\/en\/punct-de-vedere-cu-privire-la-propunerea-legislativ-privind-reinerea-datelor-generate-sau-prelucrate-de-furnizorii-de-reele-publice-de-comunicaii-electronice-i-de-furnizo-2\/","title":{"rendered":"Punct de vedere cu privire la propunerea legislativ&#259; privind re&#355;inerea datelor generate sau prelucrate de furnizorii de re&#355;ele publice de comunica&#355;ii electronice &#351;i de furnizorii de servicii de comunica&#355;ii electronice destinate publicului)"},"content":{"rendered":"<p class=\"qtranxs-available-languages-message qtranxs-available-languages-message-en\">Sorry, this entry is only available in <a href=\"https:\/\/apador.org\/ro\/wp-json\/wp\/v2\/posts\/1617\" class=\"qtranxs-available-language-link qtranxs-available-language-link-ro\" title=\"Rom\u00e2n\u0103\">Rom\u00e2n\u0103<\/a>. For the sake of viewer convenience, the content is shown below in the alternative language. You may click the link to switch the active language.<\/p><p><\/p>\n<p align=\"justify\">Organiza&#539;iile semnatare ale prezentului document au ar&#259;tat &icirc;n repetate r&acirc;nduri, inclusiv prin lu&#259;ri de pozi&#539;ie publice la nivelul Uniunii Europene, c&#259; Directiva European&#259; 2006\/24\/EC privind p&#259;strarea datelor de trafic informa&#539;ional &#351;i implementarea sa &icirc;n Rom&acirc;nia constituie o &icirc;nc&#259;lcare flagrant&#259; a dreptului la via&#539;&#259; privat&#259; al cet&#259;&#539;enilor <\/p>\n<p align=\"justify\">&Icirc;n Rom&acirc;nia, decizia Cur&#539;ii Constitu&#539;ionale din 8 octombrie 2009 a declarat o lege similar&#259; cu prezentul proiect ca fiind neconstitu&#539;ional&#259; . Argumentele Cur&#539;ii s-au bazat &icirc;n principal pe &icirc;nc&#259;lcarea dreptului la via&#539;&#259; privat&#259; prin obliga&#539;ia general aplicabil&#259; de a p&#259;stra date care sunt legate &icirc;n mod direct de comunica&#539;iile private ale tuturor cet&#259;&#539;enilor. <\/p>\n<p align=\"justify\">De asemenea, readucem aminte &icirc;n aten&#355;ia ale&#351;ilor no&#351;tri c&#259; intrarea &icirc;n vigoare a legii 298\/2008 a fost primit&#259; &icirc;ntr-un mod negativ de opinia public&#259; &#351;i societatea civil&#259;, culmin&acirc;nd chiar cu proteste de strad&#259;. Av&acirc;nd &icirc;n vedere evenimentele din acest &icirc;nceput din Rom&acirc;nia nu credem ca avem nevoie de &icirc;nc&#259; un motiv pentru a st&acirc;rni nemul&#355;umirea popula&#355;iei &#351;i mai ales a utilizatorilor de Internet, deja radicaliza&#355;i de semnarea ACTA de c&#259;tre Rom&acirc;nia. <\/p>\n<p align=\"justify\">Noua propunere legislativ&#259;  aflat&#259; &icirc;n dezbaterea Camerei Deputa&#355;ilor nu doar c&#259; nu rezolv&#259; problemele de neconstitu&#355;ionalitate, ci chiar este o variant&#259; mai periculoas&#259; pentru drepturile cet&#259;&#355;enilor , cu o procedur&#259; vag&#259; &#351;i neclar&#259; de acces la date. De asemenea, amintim c&#259; Autoritatea Na&#355;ional&#259; de Supraveghere a Prelucr&#259;rii Datelor cu Caracter Personal a refuzat avizarea proiectului , Senatul a respins &icirc;n unanimitate de voturi acest proiect de lege , iar Guvernul Rom&acirc;niei a refuzat s&#259; &icirc;l sus&#355;in&#259; public. <\/p>\n<p align=\"justify\">Ca atare, cerem tuturor deputa&#355;ilor s&#259; resping&#259; aceast&#259; propunere legislativ&#259;, iar Comisiilor desemnate pentru raportul &icirc;n fond sau pentru aviz s&#259; propun&#259; respingerea proiectului. <\/p>\n<p align=\"justify\">Cu privire la solu&#355;ia pentru conflictul legat de neimplementarea directivei europene, amintim faptul c&#259; &#351;i alte state (Germania, Cehia, Cipru) au decizii similare din partea Cur&#355;ilor Constitu&#355;ionale &#351;i reiter&#259;m ideea c&#259; autorit&#259;&#539;ile rom&acirc;ne ar fi trebuit &#537;i &icirc;nc&#259; trebuie s&#259; ia o pozi&#539;ie public&#259; cu privire la Directiv&#259;, afirm&acirc;nd &icirc;n mod ferm necesitatea revizuirii acesteia &icirc;n sensul respect&#259;rii dreptului la via&#539;&#259; privat&#259; al cet&#259;&#539;enilor europeni. &Icirc;n contextul &icirc;n care alte autorit&#259;&#539;i din alte state (din care ultima ar fi Senatul olandez) au fost extrem de ferme &icirc;n acest sens, Rom&acirc;nia trebuie s&#259; ia o atitudine consecvent&#259; cu decizia Cur&#539;ii Constitu&#539;ionale &#351;i s&#259; militeze la nivel European pentru anularea Directivei. <\/p>\n<p align=\"justify\">Ave&#355;i ata&#351;at acestei pozi&#355;ii &#351;i o prezentare pe scurt a motivelor fundamentale pentru care consider&#259;m ca aceast&#259; propunere legislativ&#259; trebuie respins&#259;, dar ne exprim&#259;m disponibilitatea de a participa &#351;i la &#351;edin&#355;ele comisiilor Camerei Deputa&#355;ilor  pentru explicitarea pe larg a acestora. <\/p>\n<p align=\"justify\">Semnatari: <\/p>\n<p align=\"justify\">Asocia&#355;ia pentru Tehnologie &#351;i Internet (ApTI) <\/p>\n<p align=\"justify\">Asocia&#355;ia pentru Ap&#259;rarea Drepturilor Omului \u2013 Comitetul Helsinki (APADOR-CH) <\/p>\n<p align=\"justify\">Activewatch \u2013 Asocia&#355;ia de Monitorizare a Presei <\/p>\n<p align=\"justify\">Asocia&#355;ia Na&#355;ional&#259; a Internet Service Providerilor (ANISP) <\/p>\n<p align=\"justify\">Centrul pentru Jurnalism Independent (CJI) <\/p>\n<p align=\"justify\">Organiza&#355;ia Rom&acirc;n&#259; pentru Drepturile de Utilizator (ORDU) <\/p>\n<p align=\"justify\">Asociatia Copyratul Roman <\/p>\n<p align=\"justify\">Ceata &#8211; comunitate care sprijin&#259; programele libere &#351;i con&#355;inutul liber &icirc;n societatea digitala rom&acirc;neasca <\/p>\n<p align=\"justify\">\n<p align=\"justify\">Propunerea legislativ&#259; privind re&#355;inerea datelor generate sau prelucrate de furnizorii de re&#355;ele publice de comunica&#355;ii electronice &#351;i de furnizorii de servicii de comunica&#355;ii electronice destinate publicului  &icirc;i oblig&#259; pe furnizori s&#259; re&#355;in&#259;, pe o perioad&#259; de 6 luni, datele de trafic, de localizare &#351;i de identificare ale utilizatorilor &#351;i s&#259; le pun&#259; la dispozi&#355;ia organelor de urm&#259;rire penal&#259;, instan&#355;elor de judecat&#259; &#351;i organelor de stat cu atribu&#355;ii &icirc;n domeniul siguran&#355;ei na&#355;ionale. <\/p>\n<p align=\"justify\">Propunerea legislativ&#259; prezint&#259; o serie de probleme legate de: <\/p>\n<p align=\"justify\">&#149;&nbsp; Restr&acirc;ngerea drepturilor &#351;i libert&#259;&#355;ilor cet&#259;&#355;ene&#351;ti <\/p>\n<p align=\"justify\">Datele re&#355;inute includ: identitatea ini&#355;iatorului &#351;i destinatarului unei comunic&#259;ri, data, ora &#351;i durata unei comunic&#259;ri, tipul de comunicare, echipamentul de comunica&#355;ie folosit, loca&#355;ia echipamentului folosit. Re&#355;inerea acestor date este de natur&#259; s&#259; afecteze exercitarea dreptului la via&#355;&#259; privat&#259;, protec&#355;ia datelor cu caracter personal &#351;i libertatea de exprimare &icirc;ntruc&acirc;t : <\/p>\n<p align=\"justify\">&#8211; combinate, aceste date pot oferi informa&#355;ii detaliate despre via&#355;a privat&#259; a individului; <\/p>\n<p align=\"justify\">&#8211; m&#259;sura de re&#355;inere a datelor se aplic&#259; tuturor utilizatorilor, &icirc;n mod permanent, devenind astfel o regul&#259; general&#259;, &#351;i nu o excep&#355;ie de la obliga&#355;ia respect&#259;rii drepturilor cet&#259;&#355;ene&#351;ti; <\/p>\n<p align=\"justify\">&#8211; re&#355;inerea datelor pentru to&#355;i utilizatorii &icirc;i transform&#259; pe ace&#351;tia automat &icirc;n persoane susceptibile de s&#259;v&acirc;r&#351;irea unor infrac&#355;iuni, fiind afectat&#259; astfel prezum&#355;ia de nevinov&#259;&#355;ie; <\/p>\n<p align=\"justify\">&#8211; este afectat dreptul la via&#355;&#259; privat&#259; nu doar al ini&#355;iatorului unei comunic&#259;ri, ci &#351;i al destinatarului comunic&#259;rii, acesta fiind identificat doar pentru c&#259; a fost contactat de c&#259;tre ini&#355;iatorul comunic&#259;rii. <\/p>\n<p align=\"justify\">Limitarea acestor drepturi este permis&#259; de c&#259;tre Constitu&#355;ie numai &icirc;n cazul &icirc;n care m&#259;sura este necesar&#259; &#351;i propor&#355;ional&#259; cu situa&#355;ia care a determinat-o. Necesitatea m&#259;surii nu a fost &icirc;ns&#259; demonstrat&#259; cu date concrete, iar propor&#355;ionalitatea nu este asigurat&#259; , &icirc;ntruc&acirc;t re&#355;inerea datelor este permanent&#259; &#351;i se aplic&#259; tuturor utilizatorilor. <\/p>\n<p align=\"justify\">&#149;&nbsp; Securitatea datelor re&#355;inute <\/p>\n<p align=\"justify\">Datele re&#355;inute sunt date cu caracter sensibil &#351;i este necesar&#259; o protec&#355;ie adecvat&#259; a lor fa&#355;&#259; de o accesare ilegal&#259;. Propunerea legislativ&#259; nu con&#355;ine &icirc;ns&#259; suficiente garan&#355;ii pentru asigurarea securit&#259;&#355;ii  acestor date pe durata stoc&#259;rii lor la nivelul furnizorilor, &#351;i nu abordeaz&#259; problema securit&#259;&#355;ii datelor &icirc;n momentul transmiterii lor c&#259;tre organele competente, sau pe durata stoc&#259;rii &#351;i utiliz&#259;rii. <\/p>\n<p align=\"justify\">&#149;&nbsp; Accesul la datele re&#355;inute <\/p>\n<p align=\"justify\">Propunerea legislativ&#259; con&#355;ine prevederi neclare, &#351;i, deci, interpretabile, referitoare la organele de stat care pot solicita accesul la datele re&#355;inute &#351;i la condi&#355;iile &icirc;n care se poate realiza acest acces. Se pot crea astfel premisele unor abuzuri din partea autorit&#259;&#355;ilor statului, &icirc;n special a celor cu atribu&#355;ii &icirc;n domeniul securit&#259;&#355;ii na&#355;ionale care nu sunt enumerate exhaustiv. <\/p>\n<p align=\"justify\">De&#351;i se men&#355;ioneaz&#259; c&#259; organele competente utilizeaz&#259; datele re&#355;inute pentru prevenirea, cercetarea, descoperirea &#351;i urm&#259;rirea infrac&#355;iunilor grave, nu exist&#259; nicio prevedere care s&#259; garanteze faptul c&#259; organele de stat nu pot solicita &#351;i utiliza datele &#351;i &icirc;n alte scopuri. <\/p>\n<p align=\"justify\">&#149;&nbsp; Costuri suplimentare pentru furnizori &#351;i utilizatori <\/p>\n<p align=\"justify\">Crearea &#351;i administrarea bazelor de date necesare pentru re&#355;inerea datelor presupune o serie de cheltuieli majore pentru furnizori, care cel mai probabil se vor reflecta &icirc;n tarifele percepute utilizatorilor. <\/p>\n<p align=\"justify\">Este extrem de posibil s&#259; se produc&#259; &#351;i o distorsionare a pie&#355;ei de comunica&#355;ii , ca urmare a incapacit&#259;&#355;ii operatorilor mici &#351;i mijloci de a suporta aceste cheltuieli. <\/p>\n<p><\/p>","protected":false},"excerpt":{"rendered":"<p>Organiza&#539;iile semnatare ale prezentului document au ar&#259;tat \u00een repetate r\u00e2nduri, inclusiv prin lu&#259;ri de pozi&#539;ie publice la nivelul Uniunii Europene, c&#259; Directiva European&#259; 2006\/24\/EC privind p&#259;strarea datelor de trafic informa&#539;ional &#351;i implementarea sa \u00een Rom\u00e2nia constituie o \u00eenc&#259;lcare flagrant&#259; a dreptului la via&#539;&#259; privat&#259; al cet&#259;&#539;enilor<\/p>\n","protected":false},"author":2,"featured_media":0,"comment_status":"closed","ping_status":"open","sticky":false,"template":"","format":"standard","meta":{"footnotes":""},"categories":[29],"tags":[],"class_list":["post-1617","post","type-post","status-publish","format-standard","hentry","category-comunicate"],"_links":{"self":[{"href":"https:\/\/apador.org\/en\/wp-json\/wp\/v2\/posts\/1617","targetHints":{"allow":["GET"]}}],"collection":[{"href":"https:\/\/apador.org\/en\/wp-json\/wp\/v2\/posts"}],"about":[{"href":"https:\/\/apador.org\/en\/wp-json\/wp\/v2\/types\/post"}],"author":[{"embeddable":true,"href":"https:\/\/apador.org\/en\/wp-json\/wp\/v2\/users\/2"}],"replies":[{"embeddable":true,"href":"https:\/\/apador.org\/en\/wp-json\/wp\/v2\/comments?post=1617"}],"version-history":[{"count":0,"href":"https:\/\/apador.org\/en\/wp-json\/wp\/v2\/posts\/1617\/revisions"}],"wp:attachment":[{"href":"https:\/\/apador.org\/en\/wp-json\/wp\/v2\/media?parent=1617"}],"wp:term":[{"taxonomy":"category","embeddable":true,"href":"https:\/\/apador.org\/en\/wp-json\/wp\/v2\/categories?post=1617"},{"taxonomy":"post_tag","embeddable":true,"href":"https:\/\/apador.org\/en\/wp-json\/wp\/v2\/tags?post=1617"}],"curies":[{"name":"wp","href":"https:\/\/api.w.org\/{rel}","templated":true}]}}