{"id":1634,"date":"2012-07-24T00:00:00","date_gmt":"2012-07-24T00:00:00","guid":{"rendered":"http:\/\/www.apador.org\/seamus\/comunicat-al-apador-ch-cu-privire-la-hotrarea-curii-europene-a-drepturilor-omului-in-cazul-iacov-stanciu-c-romania-2\/"},"modified":"2012-07-24T00:00:00","modified_gmt":"2012-07-24T00:00:00","slug":"comunicat-al-apador-ch-cu-privire-la-hotrarea-curii-europene-a-drepturilor-omului-in-cazul-iacov-stanciu-c-romania-2","status":"publish","type":"post","link":"https:\/\/apador.org\/en\/comunicat-al-apador-ch-cu-privire-la-hotrarea-curii-europene-a-drepturilor-omului-in-cazul-iacov-stanciu-c-romania-2\/","title":{"rendered":"Comunicat al APADOR-CH cu privire la hot&#259;r\u00e2rea Cur&#355;ii Europene a Drepturilor Omului \u00een cazul Iacov Stanciu c. Rom\u00e2nia"},"content":{"rendered":"<p class=\"qtranxs-available-languages-message qtranxs-available-languages-message-en\">Sorry, this entry is only available in <a href=\"https:\/\/apador.org\/ro\/wp-json\/wp\/v2\/posts\/1634\" class=\"qtranxs-available-language-link qtranxs-available-language-link-ro\" title=\"Rom\u00e2n\u0103\">Rom\u00e2n\u0103<\/a>. For the sake of viewer convenience, the content is shown below in the alternative language. You may click the link to switch the active language.<\/p><p><\/p>\n<p align=\"justify\" style='text-align:justify'>Ast&#259;zi, 24 iulie 2012, Curtea European&#259; a Drepturilor Omului a pronun&#355;at o hot&#259;r\u00e2re \u00een cauza <i>Iacov Stanciu c. Rom\u00e2niei (35972\/05),<\/i> a condamnat statul rom\u00e2n pentru \u00eenc&#259;lcarea articolului 3 al Conven&#539;iei, dreptul de a nu fi supus unui tratament degradant, &#537;i a decis c&#259; problemele legate de condi&#539;iile de deten&#539;ie din penitenciarele rom\u00e2ne&#537;ti sunt recurente. APADOR-CH s-a implicat \u00een aceast&#259; spe&#539;&#259; \u00een calitate de ter&#539; intervenient, a prezentat Cur&#539;ii situa&#539;ia condi&#539;iilor de deten&#539;ie din penitenciarele rom\u00e2ne&#537;ti &#537;i a sus&#539;inut c&#259; problemele semnalate sunt sistemice. <\/p>\n<p align=\"justify\" style='text-align:justify'>\u00cen cauza solu&#539;ionat&#259; azi reclamantul s-a pl\u00e2ns Cur&#355;ii Europene de condi&#355;iile de de&#355;inere din mai multe penitenciare printre care Ploie&#537;ti, Jilava, Rahova, M&#259;rgineni, Bac&#259;u, precum &#537;i de lipsa unui tratament medical adecvat afec&#539;iunilor de care suferea. Curtea a constatat c&#259;\u00a0 supraaglomerarea din penitenciare, lipsa igienei &#537;i inadecvarea tratamentului medical au reprezentat pentru solicitant tratament inuman &#537;i degradant. <\/p>\n<p align=\"justify\" style='text-align:justify'>Analiz\u00e2nd sus&#539;inerile p&#259;r&#539;ilor &#537;i av\u00e2nd \u00een vedere &#537;i numeroasele cazuri anterioare \u00een care au fost pronun&#539;ate hot&#259;r\u00e2ri legate de condi&#539;iile de deten&#539;ie din &#539;ara noastr&#259;, Curtea European&#259; a constatat c&#259; problema este una recurent&#259;. Ca urmare, s-a pronun&#539;at \u00een temeiul articolului 46 al Conven&#539;iei Europene, referitor la unele m&#259;suri generale pe care va trebui s&#259; le aduc&#259; la indeplinire Rom\u00e2nia pentru a remedia situa&#539;ia. <\/p>\n<p align=\"justify\" style='text-align:justify'>Concret, Curtea a apreciat c&#259; sistemul juridic intern trebuie amendat astfel \u00eenc\u00e2t s&#259; asigure repararea efectiv&#259; a prejudiciilor suferite ca urmare a condi&#539;iilor inadecvate de deten&#539;ie, at\u00e2t prin \u00eencetarea situa&#539;iei care duce la \u00eenc&#259;lcarea articolului 3 din Conven&#539;ie, c\u00e2t &#537;i prin acordarea de desp&#259;gubiri morale \u00een cuantumuri asem&#259;n&#259;toare cu cele folosite de Curtea European&#259; (lui Iacov Stanciu i-au fost acordate desp&#259;gubiri \u00een valoare de 20.000 de euro). \u00cen cazul \u00een care autorit&#259;&#539;ile na&#539;ionale competente decid s&#259; nu acorde compensa&#539;ii sau cuantumul acestora este mic, decizia trebuie s&#259; fie serios &#537;i conving&#259;tor motivat&#259;.<\/p>\n<p align=\"justify\" style='text-align:justify'>Textul integral al hot&#259;r\u00e2rii este disponibil pe pagina de Internet a Cur&#539;ii la adresa http:\/\/hudoc.echr.coe.int\/sites\/eng\/pages\/search.aspx?i=001-112420 <\/p>\n<p align=\"justify\" style='text-align:justify'>Pentru detalii suplimentare: Diana-Olivia Hatneanu \u2013 Director executiv APADOR-CH, telefon 0733.078.718<\/p>\n<p><\/p>","protected":false},"excerpt":{"rendered":"<p>Curtea European&#259; a Drepturilor Omului a pronun&#355;at o hot&#259;r\u00e2re \u00een cauza Iacov Stanciu c. Rom\u00e2niei (35972\/05), a condamnat statul rom\u00e2n pentru \u00eenc&#259;lcarea articolului 3 al Conven&#539;iei, dreptul de a nu fi supus unui tratament degradant, &#537;i a decis c&#259; problemele legate de condi&#539;iile de deten&#539;ie din penitenciarele rom\u00e2ne&#537;ti sunt recurente<\/p>\n","protected":false},"author":2,"featured_media":0,"comment_status":"closed","ping_status":"open","sticky":false,"template":"","format":"standard","meta":{"footnotes":""},"categories":[29],"tags":[],"class_list":["post-1634","post","type-post","status-publish","format-standard","hentry","category-comunicate"],"_links":{"self":[{"href":"https:\/\/apador.org\/en\/wp-json\/wp\/v2\/posts\/1634","targetHints":{"allow":["GET"]}}],"collection":[{"href":"https:\/\/apador.org\/en\/wp-json\/wp\/v2\/posts"}],"about":[{"href":"https:\/\/apador.org\/en\/wp-json\/wp\/v2\/types\/post"}],"author":[{"embeddable":true,"href":"https:\/\/apador.org\/en\/wp-json\/wp\/v2\/users\/2"}],"replies":[{"embeddable":true,"href":"https:\/\/apador.org\/en\/wp-json\/wp\/v2\/comments?post=1634"}],"version-history":[{"count":0,"href":"https:\/\/apador.org\/en\/wp-json\/wp\/v2\/posts\/1634\/revisions"}],"wp:attachment":[{"href":"https:\/\/apador.org\/en\/wp-json\/wp\/v2\/media?parent=1634"}],"wp:term":[{"taxonomy":"category","embeddable":true,"href":"https:\/\/apador.org\/en\/wp-json\/wp\/v2\/categories?post=1634"},{"taxonomy":"post_tag","embeddable":true,"href":"https:\/\/apador.org\/en\/wp-json\/wp\/v2\/tags?post=1634"}],"curies":[{"name":"wp","href":"https:\/\/api.w.org\/{rel}","templated":true}]}}