{"id":1635,"date":"2012-08-01T00:00:00","date_gmt":"2012-08-01T00:00:00","guid":{"rendered":"http:\/\/www.apador.org\/seamus\/scrisoare-de-protest-declaraiile-ovine-contravin-principiilor-unei-societi-democratice-2\/"},"modified":"2012-08-01T00:00:00","modified_gmt":"2012-08-01T00:00:00","slug":"scrisoare-de-protest-declaraiile-ovine-contravin-principiilor-unei-societi-democratice-2","status":"publish","type":"post","link":"https:\/\/apador.org\/en\/scrisoare-de-protest-declaraiile-ovine-contravin-principiilor-unei-societi-democratice-2\/","title":{"rendered":"SCRISOARE DE PROTEST &#8211; DECLARA&#354;IILE &#350;OVINE CONTRAVIN PRINCIPIILOR UNEI SOCIET&#258;&#354;I DEMOCRATICE !"},"content":{"rendered":"<p class=\"qtranxs-available-languages-message qtranxs-available-languages-message-en\">Sorry, this entry is only available in <a href=\"https:\/\/apador.org\/ro\/wp-json\/wp\/v2\/posts\/1635\" class=\"qtranxs-available-language-link qtranxs-available-language-link-ro\" title=\"Rom\u00e2n\u0103\">Rom\u00e2n\u0103<\/a>. For the sake of viewer convenience, the content is shown below in the alternative language. You may click the link to switch the active language.<\/p><p><\/p>\n<p align=\"justify\">Organiza&#355;iile semnatare condamn&#259; declara&#355;iile &#351;ovine ale pre&#351;edintelui interimar Crin Antonescu &#351;i ale premierului Victor Ponta cu privire la rata sc&#259;zut&#259; de participare la referendum \u00een jude&#355;ele cu procent semnificativ de popula&#355;ie maghiar&#259;, &#351;i cerem celor doi politicieni s&#259; retracteze de \u00eendat&#259; &#351;i necondi&#355;ionat aceste afirma&#355;ii.<\/p>\n<p align=\"justify\">Afirma&#355;ia domnului Crin Antonescu conform c&#259;reia mare parte a cet&#259;&#355;enilor de origine maghiar&#259; din Rom\u00e2nia a boicotat referendumul pentru demiterea pre&#351;edintelui suspendat Traian B&#259;sescu genereaz&#259; impresia c&#259; cet&#259;&#355;enii rom\u00e2ni de etnie maghiar&#259; poart&#259; responsabilitatea e&#351;ecului campaniei de demitere a acestuia. De asemenea, consider&#259;m inacceptabile declara&#355;iile primului ministru Victor Ponta conform c&#259;rora, \u00een stabilirea cvorumului necesar valid&#259;rii referendumului, nu ar trebui lua&#355;i \u00een considerare cet&#259;&#355;enii de etnie maghiar&#259;.<\/p>\n<p align=\"justify\">Asemenea declara&#355;ii \u00eencalc&#259; \u00een mod flagrant principiul egalit&#259;&#355;ii de tratament, consacrat de Constitu&#355;ia Rom\u00e2niei &#351;i de legisla&#355;ia interna&#355;ional&#259;, cu at\u00e2t mai mult cu c\u00e2t la nivel european a fost adoptat&#259; Carta Partidelor Politice Europene pentru o Societate Nerasist&#259;, document ce are ca obiectiv eliminarea atitudinilor rasiste din discursul politic.<\/p>\n<p align=\"justify\">Mai mult, astfel de practic&#259; de prezentare a unui &#355;ap isp&#259;&#351;itor pot genera atitudini ostile fa&#355;&#259; de minoritatea maghiar&#259; &#351;i sunt deosebit de periculoase \u00een condi&#355;iile \u00een care popula&#355;ia Rom\u00e2niei este extrem de polarizat&#259; de lupta politic&#259; din ultimele luni.<\/p>\n<p align=\"justify\">Dorim s&#259; le atragem aten&#355;ia domnilor Crin Antonescu &#351;i Victor Ponta c&#259; nu doar cet&#259;&#355;eni de etnie maghiar&#259; au refuzat s&#259; participe la referendumul de suspendare a pre&#351;edintelui Traian B&#259;sescu &#351;i c&#259; prezentarea la vot nu este o obliga&#355;ie. De aceea, \u00een calitate de<\/p>\n<p align=\"justify\">pre&#351;edinte interimar, nu are dreptul de a contesta decizia unor cet&#259;&#355;eni rom\u00e2ni, indiferent de etnia acestora, de a nu vota, at\u00e2ta timp c\u00e2t legisla&#355;ia \u00een vigoare permite aceast&#259; op&#355;iune.<\/p>\n<p align=\"justify\">Asemenea atitudini, \u00een special c\u00e2nd ele provin din partea unor lideri de opinie, sunt deosebit de periculoase la adresa valorilor ce stau la baza unei societ&#259;&#355;i democratice, sens \u00een care le reamintim celor doi lideri politici c&#259; statutul lor \u00eei oblig&#259; s&#259; aib&#259; o pozi&#355;ie echidistant&#259;, care s&#259; respecte toate op&#355;iunile politice &#351;i care s&#259; nu genereze atitudini &#351;ovine fa&#355;&#259; de minorit&#259;&#355;ile na&#355;ionale.<\/p>\n<p align=\"justify\">Facem apel c&#259;tre \u00eentreaga clas&#259; politic&#259; s&#259; se ab&#355;in&#259; de la a face declara&#355;ii iresponsabile care pot legitima &#351;i genera la r\u00e2ndul lor atitudini &#351;ovine fa&#355;&#259; de minorit&#259;&#355;ile na&#355;ionale din Rom\u00e2nia.<\/p>\n<p align=\"justify\">Irina Ni&#355;&#259;, Director executiv ACCEPT<\/p>\n<p align=\"justify\">Mircea Toma, Pre&#351;edinte ActiveWatch &#8211; Agen&#355;ia de Monitorizare a Presei<\/p>\n<p align=\"justify\">Diana-Olivia Hatneanu, Director executiv APADOR-CH<\/p>\n<p align=\"justify\">Ioana Av&#259;dani, Director executiv Centrul pentru Jurnalism Independent<\/p>\n<p align=\"justify\">Iustina Ionescu, ECPI &#8211; Centrul Euroregional pentru Ini&#355;iative Publice<\/p>\n<p align=\"justify\">Oana Preda, Director executiv, CeRe<\/p>\n<p align=\"justify\">Violeta Alexandru, Institutul pentru Politici Publice<\/p>\n<p align=\"justify\">Eugen Crai, Director executiv, Roma Education Fund Romania<\/p>\n<p align=\"justify\">Marian Mandache, Director executiv Romani CRISS<\/p>\n<p>  Raspunsul Presedintelui interimar Crin Antonescu<\/p>\n<p align=\"justify\">\n<p><\/p>","protected":false},"excerpt":{"rendered":"<p>Organiza&#355;iile semnatare condamn&#259; declara&#355;iile &#351;ovine ale pre&#351;edintelui interimar Crin Antonescu &#351;i ale premierului Victor Ponta cu privire la rata sc&#259;zut&#259; de participare la referendum \u00een jude&#355;ele cu procent semnificativ de popula&#355;ie maghiar&#259;, &#351;i cerem celor doi politicieni s&#259; retracteze de \u00eendat&#259; &#351;i necondi&#355;ionat aceste afirma&#355;ii.<\/p>\n","protected":false},"author":2,"featured_media":0,"comment_status":"closed","ping_status":"open","sticky":false,"template":"","format":"standard","meta":{"footnotes":""},"categories":[29],"tags":[],"class_list":["post-1635","post","type-post","status-publish","format-standard","hentry","category-comunicate"],"_links":{"self":[{"href":"https:\/\/apador.org\/en\/wp-json\/wp\/v2\/posts\/1635","targetHints":{"allow":["GET"]}}],"collection":[{"href":"https:\/\/apador.org\/en\/wp-json\/wp\/v2\/posts"}],"about":[{"href":"https:\/\/apador.org\/en\/wp-json\/wp\/v2\/types\/post"}],"author":[{"embeddable":true,"href":"https:\/\/apador.org\/en\/wp-json\/wp\/v2\/users\/2"}],"replies":[{"embeddable":true,"href":"https:\/\/apador.org\/en\/wp-json\/wp\/v2\/comments?post=1635"}],"version-history":[{"count":0,"href":"https:\/\/apador.org\/en\/wp-json\/wp\/v2\/posts\/1635\/revisions"}],"wp:attachment":[{"href":"https:\/\/apador.org\/en\/wp-json\/wp\/v2\/media?parent=1635"}],"wp:term":[{"taxonomy":"category","embeddable":true,"href":"https:\/\/apador.org\/en\/wp-json\/wp\/v2\/categories?post=1635"},{"taxonomy":"post_tag","embeddable":true,"href":"https:\/\/apador.org\/en\/wp-json\/wp\/v2\/tags?post=1635"}],"curies":[{"name":"wp","href":"https:\/\/api.w.org\/{rel}","templated":true}]}}