{"id":166,"date":"2012-01-24T18:36:57","date_gmt":"2012-01-24T18:36:57","guid":{"rendered":"http:\/\/www.apador.org\/blog\/?p=166"},"modified":"2012-01-24T18:36:57","modified_gmt":"2012-01-24T18:36:57","slug":"augustus-costache-jandarmeria-pasiva-fata-de-vandali-si-abuziva-cu-oamenii-pasnici","status":"publish","type":"post","link":"https:\/\/apador.org\/en\/augustus-costache-jandarmeria-pasiva-fata-de-vandali-si-abuziva-cu-oamenii-pasnici\/","title":{"rendered":"Augustus Costache: Jandarmeria, pasiv\u0103 fa\u021b\u0103 de vandali \u0219i abuziv\u0103 cu oamenii pa\u0219nici"},"content":{"rendered":"<p><img loading=\"lazy\" decoding=\"async\" class=\"alignleft size-medium wp-image-326\" title=\"Augustus Costache, urcat \u00een duba jandarmeriei\" src=\"http:\/\/www.apador.org\/blog\/wp-content\/uploads\/2012\/01\/augustus_costache-300x168.jpg\" alt=\"\" width=\"300\" height=\"168\" srcset=\"https:\/\/apador.org\/wp-content\/uploads\/2012\/01\/augustus_costache-300x168.jpg 300w, https:\/\/apador.org\/wp-content\/uploads\/2012\/01\/augustus_costache.jpg 500w\" sizes=\"auto, (max-width: 300px) 100vw, 300px\" \/>O \u021bar\u0103 \u00eentreag\u0103 a v\u0103zut duminic\u0103 seara, 15 ianuarie, la televizor, cum indivizi pu\u0219i pe har\u021b\u0103 cu for\u021bele de ordine au aruncat cu pietre, au smuls garduri, au incendiat chio\u0219curi, au spart geamuri \u0219i au devastat magazine, ore \u00een \u0219ir, p\u00e2n\u0103 c\u00e2nd Jandarmeria s-a decis s\u0103 intervin\u0103 \u0219i s\u0103 \u00eempr\u0103\u0219tie gloata. O seara mai t\u00e2rziu, c\u00e2nd violen\u021ba sc\u0103zuse deja aproape de zero, tot pe micile ecrane s-a putut vedea cum sute de oameni erau re\u021binu\u021bi \u0219i urca\u021bi \u00een dube de reprezentan\u021bii aceleia\u0219i institu\u021bii de ordine public\u0103.<\/p>\n<p>Ceea ce a lipsit de pe micile ecrane este \u00eens\u0103 ce s-a \u00eent\u00e2mplat cu ace\u0219ti oameni, despre care s-a spus c\u0103 ar fi fost \u00abprotestatari \u00een drum spre Pia\u021ba Universit\u0103\u021bii\u00bb.<\/p>\n<p>\u00cent\u00e2mplarea a f\u0103cut s\u0103 fiu unul dintre cei re\u021binu\u021bi \u0219i s\u0103 am \u00abonoarea\u00bb de a fi v\u0103zut \u00een direct \u00een timp ce eram b\u0103gat \u00een dub\u0103, fapt de natur\u0103 s\u0103-mi \u00eensp\u0103im\u00e2nte familia \u0219i prietenii afla\u021bi la acea or\u0103 \u00een fa\u021ba televizoarelor.<\/p>\n<p><strong>Fuga e mai sigur\u0103 dec\u00e2t nevinov\u0103\u021bia<\/strong><\/p>\n<p>Tocmai m\u0103 a\u0219ezasem la coad\u0103 la un cunoscut chio\u0219c non-stop de cornule\u021be \u0219i pizza, vizavi de magazinul Cocor din centrul Bucure\u0219tiului, cu g\u00e2ndul ca apoi s\u0103 m\u0103 \u00eendrept spre domiciliu, c\u00e2nd \u00een jurul oamenilor de l\u00e2ng\u0103 mine a r\u0103s\u0103rit ca din p\u0103m\u00e2nt o ceat\u0103 de scutieri. Jandarmii au alergat c\u0103\u021biva pa\u0219i dupa cei care au rupt-o la fug\u0103 instinctiv sau poate simtindu-se cu vreo musc\u0103 pe c\u0103ciul\u0103, apoi, \u00een c\u00e2teva secunde, au format un larg cordon \u00een jurul celor care au stat calmi pe loc. Ne-au ordonat s\u0103 ne aliniem l\u00e2ng\u0103 zidul cl\u0103dirii \u0219i au urmat c\u00e2teva minute \u00een care ei au stat nemi\u0219cati, t\u0103cu\u021bi, \u00een jurul nostru. Mi-am \u00eenchipuit, probabil la fel ca \u0219i ceilal\u021bi, c\u0103 ne vor verifica buletinele, ne vor buzun\u0103ri s\u0103 vad\u0103 dac\u0103 n-avem arme \u0219i ne vor l\u0103sa \u00een pace, av\u00e2nd \u00een vedere c\u0103 pe o raz\u0103 de cel pu\u021bin c\u00e2teva zeci de metri nimeni nu vociferase, nu scandase nimic \u0219i nici nu f\u0103cuse vreun gest agresiv \u00een minutele premerg\u0103toare apari\u021biei scutierilor.<\/p>\n<p>Dup\u0103 vreun sfert de or\u0103 de tensiune \u00een cre\u0219tere printre re\u021binu\u021bi, c\u00e2nd \u00een spatele cordonului de jandarmi \u0219i-au f\u0103cut apari\u021bia camere profesioniste de luat vederi, iar pe trotuarul de vizavi s-a adunat o mul\u021bime care huiduia nestingherit\u0103, ni s-a comunicat c\u0103 vom fi du\u0219i la sec\u021bia de poli\u021bie pentru verific\u0103ri.<\/p>\n<p>\u00cen dub\u0103 am ajuns dupa o or\u0103 de stat pe loc, \u00een picioare, or\u0103 punctat\u0103 din c\u00e2nd \u00een c\u00e2nd, gratuit, cu spray-uri lacrimogene f\u00e2s\u00e2ite \u00een aer, de\u0219i nimeni nu se comporta agresiv. De altfel, din cauza gazelor, unul dintre re\u021binu\u021bi a avut o criz\u0103, pare-se de astm, \u0219i a ajuns \u00eentr-o salvare. Al\u0103turi de al\u021bi de 42 de re\u021binu\u021bi, printre care se num\u0103ra \u0219i o femeie \u00een v\u00e2rst\u0103 \u00eempreun\u0103 cu fiul ei, evident debil, urma s\u0103 fiu dus la Sec\u021bia 3 de pe strada G-ral Berthelot \u2013 a c\u0103rei adres\u0103 le-am furnizat-o jandarmilor deoarece ace\u0219tia nu \u0219tiau unde trebuie s\u0103 ajung\u0103 \u0219i b\u00e2jb\u00e2iau cu duba prin centrul Capitalei.<\/p>\n<p>\u00cen pofida a\u0219tept\u0103rilor cunoscu\u021bilor care m-au sunat pe mobil imediat ce m-au v\u0103zut \u00ab\u00een direct\u00bb urcat \u00een dub\u0103, la sec\u021bie n-am observat s\u0103 fi fost cineva bruftuluit, insultat sau agresat, \u00een timpul celor trei ore petrecute \u00abpentru identificare\u00bb \u00eentr-un beci congelat.<\/p>\n<p><strong>Cine v-a pus s\u0103 ie\u0219iti din cas\u0103?<\/strong><\/p>\n<p>Surpriza venea \u00eens\u0103 abia la final, c\u00e2nd descopereai c\u0103 absolut tuturor re\u021binu\u021bilor li se completau procese-verbale de amendare pentru tulburarea lini\u0219tii publice.<\/p>\n<p>Protestelor celor care spuneau c\u0103 n-au tulburat lini\u0219tea public\u0103 \u00een nici un fel li se r\u0103spundea cu explica\u021bii de genul: \u00abCine v-a pus s\u0103 ie\u0219iti din cas\u0103?\u00bb, \u00ab\u0218ti\u021bi ceva, suntem de patru zile \u00een continuu la serviciu, n-avem chef de discu\u021bii\u00bb sau \u00abNoi a\u0219a consider\u0103m, ave\u021bi posibilitatea s\u0103 contestati amenda la judec\u0103torie\u00bb. Posibilitate dificil\u0103, dac\u0103 nu chiar imposibil\u0103 deoarece, a\u0219a cum orice jurist \u0219tie, este mult mai greu s\u0103 dovede\u0219ti c\u0103 nu ai f\u0103cut ceva dec\u00e2t c\u0103 ai f\u0103cut ceva, iar \u00een condi\u021biile \u00een care re\u021binu\u021bii nu se cuno\u0219teau unii cu al\u021bii \u0219i mul\u021bi dintre ei erau, ca \u0219i mine, singuri pe strad\u0103, cum ar putea cineva g\u0103si martori c\u0103 nu vocifera?<\/p>\n<p>\u00cen ceea ce m\u0103 prive\u0219te, jandarmul care-mi completa procesul verbal mi-a m\u0103surat cu privirea paltonul lung, negru, evident nepotrivit pe un eventual r\u0103zvr\u0103tit, s-a uitat pe cartea de identitate care atest\u0103 o v\u00e2rst\u0103 mult trecut\u0103 de adolescen\u021b\u0103, mi-a ascultat explica\u021biile despre coada la chio\u0219c \u0219i mi-a f\u0103cut semn s\u0103 m\u0103 aplec spre el. \u00cen sala plin\u0103 de re\u021binu\u021bi, mi-a \u0219optit confiden\u021bial: \u00abAm s\u0103 v\u0103 dau doar avertisment\u00bb \u0219i m-a privit cu sub\u00een\u021beles, parc\u0103 pentru a-mi sugera c\u0103 cineva, undeva sus, a\u0219teapta s\u0103 i se raporteze sute de sanc\u021biona\u021bi pentru tulburarea lini\u0219tii publice \u0219i c\u0103 norma trebuie \u00eendeplinit\u0103 cu orice pre\u021b, nu conteaz\u0103 cum, chiar \u0219i pe spinarea oamenilor pa\u0219nici.<\/p>\n<p>Am fost pus a\u0219adar \u00een fa\u021ba unei dileme morale \u2013 s\u0103 semnez avertismentul, adic\u0103 \u00abs\u0103 recunosc \u0219i s\u0103 regret\u00bb o fapt\u0103 pe care nu am comis-o \u0219i s\u0103 plec astfel umilit sau s\u0103 refuz recunoa\u0219terea \u00abfaptei\u00bb \u0219i s\u0103 m\u0103 aleg cu o amend\u0103 (minimum 200 lei) \u0219i mai nedreapt\u0103, dar imposibil practic de contestat. La 3 diminea\u021ba, dup\u0103 ore de stat \u00een picioare \u0219i d\u00e2rd\u00e2it \u00een beciul friguros al sec\u021biei de poli\u021bie, am cedat \u0219i am semnat.<\/p>\n<p>\u00cens\u0103 nu \u00een\u021beleg s\u0103 tac \u00een fa\u021ba acestui abuz, mai ales c\u0103 \u00een decembrie 1989 am fost unul din cei care au avut norocul s\u0103 scape de gloan\u021bele pe care le-au \u00eenfruntat tocmai pentru ca astfel de abuzuri s\u0103 nu mai aib\u0103 loc.<\/p>\n<p>De aceea, solicit public ministrului de interne Traian Iga\u0219 s\u0103 ne arate c\u0103 nu tr\u0103im \u00eentr-un regim dictatorial \u0219i s\u0103 dispun\u0103 o anchet\u0103 serioas\u0103 asupra modului \u00een care s-au acordat sanc\u021biunile contraven\u021bionale sus-men\u021bionate, iar Jandarmeriei s\u0103 prezinte public scuze celor de care \u0219i-a b\u0103tut joc, sub masca legalit\u0103\u021bii, \u00een seara \u0219i \u00een noaptea de 16 spre 17 ianuarie 2012.<\/p>\n<p align=\"right\"><em>Augustus Costache, 17 ianuarie 2012<\/em><\/p>\n<p>&nbsp;<\/p>\n","protected":false},"excerpt":{"rendered":"<p>Am fost pus \u00een fa\u021ba unei dileme morale \u2013 s\u0103 semnez avertismentul, adic\u0103 \u00abs\u0103 recunosc \u0219i s\u0103 regret\u00bb o fapt\u0103 pe care nu am comis-o \u0219i s\u0103 plec umilit sau s\u0103 refuz recunoa\u0219terea \u00abfaptei\u00bb \u0219i s\u0103 m\u0103 aleg cu o amend\u0103 (minimum 200 lei) \u0219i mai nedreapt\u0103. La 3 diminea\u021ba, dup\u0103 ore de stat \u00een picioare \u0219i d\u00e2rd\u00e2it \u00een beciul friguros al sec\u021biei de poli\u021bie, am cedat \u0219i am semnat.<\/p>\n","protected":false},"author":5,"featured_media":0,"comment_status":"open","ping_status":"open","sticky":false,"template":"","format":"standard","meta":{"footnotes":""},"categories":[1030],"tags":[38,380,52,437],"class_list":["post-166","post","type-post","status-publish","format-standard","hentry","category-scoateti-legea-duba","tag-abuz","tag-conducere-la-sectie","tag-jandarmi","tag-proteste"],"_links":{"self":[{"href":"https:\/\/apador.org\/en\/wp-json\/wp\/v2\/posts\/166","targetHints":{"allow":["GET"]}}],"collection":[{"href":"https:\/\/apador.org\/en\/wp-json\/wp\/v2\/posts"}],"about":[{"href":"https:\/\/apador.org\/en\/wp-json\/wp\/v2\/types\/post"}],"author":[{"embeddable":true,"href":"https:\/\/apador.org\/en\/wp-json\/wp\/v2\/users\/5"}],"replies":[{"embeddable":true,"href":"https:\/\/apador.org\/en\/wp-json\/wp\/v2\/comments?post=166"}],"version-history":[{"count":0,"href":"https:\/\/apador.org\/en\/wp-json\/wp\/v2\/posts\/166\/revisions"}],"wp:attachment":[{"href":"https:\/\/apador.org\/en\/wp-json\/wp\/v2\/media?parent=166"}],"wp:term":[{"taxonomy":"category","embeddable":true,"href":"https:\/\/apador.org\/en\/wp-json\/wp\/v2\/categories?post=166"},{"taxonomy":"post_tag","embeddable":true,"href":"https:\/\/apador.org\/en\/wp-json\/wp\/v2\/tags?post=166"}],"curies":[{"name":"wp","href":"https:\/\/api.w.org\/{rel}","templated":true}]}}