{"id":1673,"date":"2013-11-01T00:00:00","date_gmt":"2013-11-01T00:00:00","guid":{"rendered":"http:\/\/www.apador.org\/seamus\/dei-ccr-a-declarat-neconstitutional-ordonana-de-urgen-privind-insolvena-pericolul-discriminrii-instituiilor-media-persist-2\/"},"modified":"2014-03-10T09:29:21","modified_gmt":"2014-03-10T09:29:21","slug":"dei-ccr-a-declarat-neconstitutional-ordonana-de-urgen-privind-insolvena-pericolul-discriminrii-instituiilor-media-persist-2","status":"publish","type":"post","link":"https:\/\/apador.org\/en\/dei-ccr-a-declarat-neconstitutional-ordonana-de-urgen-privind-insolvena-pericolul-discriminrii-instituiilor-media-persist-2\/","title":{"rendered":"De\u0219i CCR a declarat neconstitutional\u0103 ordonan\u021ba de urgen\u021b\u0103 privind insolven\u021ba, pericolul discrimin\u0103rii institu\u021biilor media persist\u0103"},"content":{"rendered":"<p class=\"qtranxs-available-languages-message qtranxs-available-languages-message-en\">Sorry, this entry is only available in <a href=\"https:\/\/apador.org\/ro\/wp-json\/wp\/v2\/posts\/1673\" class=\"qtranxs-available-language-link qtranxs-available-language-link-ro\" title=\"Rom\u00e2n\u0103\">Rom\u00e2n\u0103<\/a>. For the sake of viewer convenience, the content is shown below in the alternative language. You may click the link to switch the active language.<\/p><p><\/p>\n<p align=\"justify\">APADOR-CH \u0219i ActiveWatch salut\u0103 Decizia Cur\u021bii Constitu\u021bionale nr. 447 din 29 octombrie 2013 prin care a fost declarat\u0103 neconstitu\u021bional\u0103 OUG nr. 91\/2013 privind insolven\u021ba. Decizia este de apreciat \u00eentruc\u00e2t a impiedicat s\u0103 produc\u0103 efecte un act normativ care aducea prejudicii grave libert\u0103\u021bii presei.<\/p>\n<p align=\"justify\">Este de salutat \u0219i c\u0103 \u00een acesat\u0103 decizie a Cur\u021bii, \u00een care se consemneaz\u0103 pentru prima dat\u0103 explicit (la fila cu nr. 10) faptul c\u0103 o organiza\u021bie neguvernamental\u0103 a depus, \u00een calitate de amicus curiae , o opinie \u00een sprijinul excep\u021biei de neconstitu\u021bionalitate. Aceast\u0103 consemnare are semnifica\u021bia consacr\u0103rii institu\u021biei juridice amicus curiae \u00een jurispruden\u021ba Cur\u021bii Constitu\u021bionale \u0219i deschide calea altor organiza\u021bii civice s\u0103 transmit\u0103 Cur\u021bii opinii\/puncte de vedere \u00een leg\u0103tur\u0103 cu cauzele relevante aflate pe rol. APADOR-CH \u0219i ActiveWatch au decis s\u0103 se adreseze Cur\u021bii Constitu\u021bionale deoarece institu\u021bia abilitat\u0103 \u00een acest sens, Avocatul Poporului, a refuzat s\u0103-\u0219i completeze sesizarea de neconstitu\u021bionalitate conform cererii ce i-a fost adresat\u0103 de un num\u0103r de 10 organiza\u021bii neguvernamentale.<\/p>\n<p align=\"justify\">\u00cen acest context dorim s\u0103 reamintim c\u0103 prin amicus curiae depus de APADOR-CH, \u00een numele s\u0103u \u0219i al ActiveWatch, am solicitat declararea ca neconstitu\u021bional\u0103 a OUG nr. 91\/2013 \u00eentruc\u00e2t emiterea sa nu a avut la baz\u0103 o urgen\u021b\u0103 dovedit\u0103 \u0219i justificat\u0103 \u0219i pentru c\u0103, prin anumite dispozi\u021bii discriminatorii aducea prejudicii grave libert\u0103\u021bii de exprimare, \u00een special presei.<\/p>\n<p align=\"justify\">Cu toate acestea, APADOR-CH \u0219i ActiveWatch atrag aten\u021bia c\u0103 problema de fond a discrimin\u0103rii societ\u0103\u021bilor media nu a fost rezolvat\u0103 prin aceast\u0103 decizie a Cur\u021bii care nu a luat \u00een discu\u021bie \u0219i \u00eenc\u0103lcarea art. 16 alin (1) din Constitu\u021bie, articol care interzice discriminarea. De aceea, pericolul reintroducerii unor prevederi discriminatorii la adresa presei, de tipul suspend\u0103rii de drept a licen\u021bei audiovizuale odat\u0103 cu declararea insolven\u021bei, persist\u0103 \u00een eventualitatea \u00een care vor aduse modific\u0103ri la Codul Insolven\u021bei prin lege, iar nu prin ordonan\u021b\u0103 de urgen\u021b\u0103.<\/p>\n<p align=\"justify\">Din acest motiv APADOR-CH \u0219i ActiveWatch vor continua s\u0103 monitorizeze procesul legislativ \u00een aceast\u0103 materie.<\/p>\n<p><\/p>","protected":false},"excerpt":{"rendered":"<p class=\"qtranxs-available-languages-message qtranxs-available-languages-message-en\">Sorry, this entry is only available in <a href=\"https:\/\/apador.org\/ro\/wp-json\/wp\/v2\/posts\/1673\" class=\"qtranxs-available-language-link qtranxs-available-language-link-ro\" title=\"Rom\u00e2n\u0103\">Rom\u00e2n\u0103<\/a>. For the sake of viewer convenience, the content is shown below in the alternative language. You may click the link to switch the active language.<\/p>\n<p>APADOR-CH &#537;i ActiveWatch salut&#259; Decizia Cur&#539;ii Constitu&#539;ionale nr. 447 din 29 octombrie 2013 prin care a fost declarat&#259; neconstitu&#539;ional&#259; OUG nr. 91\/2013 privind insolven&#539;a. Decizia este de apreciat \u00eentruc\u00e2t a impiedicat s&#259; produc&#259; efecte un act normativ care aducea prejudicii grave libert&#259;&#539;ii presei.<\/p>\n","protected":false},"author":2,"featured_media":0,"comment_status":"closed","ping_status":"open","sticky":false,"template":"","format":"standard","meta":{"footnotes":""},"categories":[29],"tags":[],"class_list":["post-1673","post","type-post","status-publish","format-standard","hentry","category-comunicate"],"_links":{"self":[{"href":"https:\/\/apador.org\/en\/wp-json\/wp\/v2\/posts\/1673","targetHints":{"allow":["GET"]}}],"collection":[{"href":"https:\/\/apador.org\/en\/wp-json\/wp\/v2\/posts"}],"about":[{"href":"https:\/\/apador.org\/en\/wp-json\/wp\/v2\/types\/post"}],"author":[{"embeddable":true,"href":"https:\/\/apador.org\/en\/wp-json\/wp\/v2\/users\/2"}],"replies":[{"embeddable":true,"href":"https:\/\/apador.org\/en\/wp-json\/wp\/v2\/comments?post=1673"}],"version-history":[{"count":0,"href":"https:\/\/apador.org\/en\/wp-json\/wp\/v2\/posts\/1673\/revisions"}],"wp:attachment":[{"href":"https:\/\/apador.org\/en\/wp-json\/wp\/v2\/media?parent=1673"}],"wp:term":[{"taxonomy":"category","embeddable":true,"href":"https:\/\/apador.org\/en\/wp-json\/wp\/v2\/categories?post=1673"},{"taxonomy":"post_tag","embeddable":true,"href":"https:\/\/apador.org\/en\/wp-json\/wp\/v2\/tags?post=1673"}],"curies":[{"name":"wp","href":"https:\/\/api.w.org\/{rel}","templated":true}]}}