{"id":1900,"date":"2003-11-04T00:00:00","date_gmt":"2003-11-04T00:00:00","guid":{"rendered":"http:\/\/www.apador.org\/seamus\/raport-asupra-cazului-marian-predic\/"},"modified":"2003-11-04T00:00:00","modified_gmt":"2003-11-04T00:00:00","slug":"raport-asupra-cazului-marian-predic","status":"publish","type":"post","link":"https:\/\/apador.org\/en\/raport-asupra-cazului-marian-predic\/","title":{"rendered":"Raport asupra cazului Marian Predic&#259;"},"content":{"rendered":"<p class=\"qtranxs-available-languages-message qtranxs-available-languages-message-en\">Sorry, this entry is only available in <a href=\"https:\/\/apador.org\/ro\/wp-json\/wp\/v2\/posts\/1900\" class=\"qtranxs-available-language-link qtranxs-available-language-link-ro\" title=\"Rom\u00e2n\u0103\">Rom\u00e2n\u0103<\/a>. For the sake of viewer convenience, the content is shown below in the alternative language. You may click the link to switch the active language.<\/p><p>><b>Raport<br \/>\n    asupra cazului Marian Predic&#259;<\/b><\/p>\n<p align=center>&nbsp;<\/p>\n<p>Marian Predic&#259; (20<br \/>\n    de ani), de&#355;inut \u00een Penitenciarul de Maxim&#259; Siguran&#355;&#259;<br \/>\n    Bucure&#351;ti &#8211; Rahova, a decedat \u00een data de 5 octombrie 2003 la Spitalul<br \/>\n    Universitar Bucure&#351;ti, unde a fost internat \u00een stare de com&#259;, ca<br \/>\n    urmare a unei hemoragii intracerebrale, la data de 1 octombrie 2003.<\/p>\n<p>\u00cen zilele de 3 &#351;i<br \/>\n    4 noiembrie 2003, doi reprezentan&#355;i ai APADOR-CH au discutat cu familia<br \/>\n    lui Marian Predic&#259; &#351;i, ulterior, s-au deplasat la Penitenciarul<br \/>\n    de Maxim&#259; Siguran&#355;&#259; Bucure&#351;ti &#8211; Rahova, la Spitalul Universitar<br \/>\n    Bucure&#351;ti &#351;i la Institutul de Medicin&#259; Legal&#259; &quot;Mina<br \/>\n    Minovici&quot; pentru a investiga circumstan&#355;ele decesului. <\/p>\n<p>1.&nbsp;&nbsp;&nbsp;&nbsp;&nbsp;<br \/>\n    Relatarea familiei Predic&#259;<\/p>\n<p>Marian Predic&#259; a<br \/>\n    fost arestat \u00een martie 2000 &#351;i \u00een anul 2003 a fost transferat la Penitenciarul<br \/>\n    Bucure&#351;ti &#8211; Rahova. \u00cen data de 21 septembrie 2003, p&#259;rin&#355;ii<br \/>\n    au fost \u00een vizit&#259; la Marian Predic&#259;, ocazie cu care au putut constata<br \/>\n    c&#259; acesta prezenta o stare bun&#259; de s&#259;n&#259;tate. \u00cen timpul<br \/>\n    vizitei, de&#355;inutul nu s-a pl\u00e2ns de vreo agresiune comis&#259; asupra<br \/>\n    sa, ci doar a men&#355;ionat c&#259; tratamenul aplicat de cadrele penitenciarului<br \/>\n    erau mai dure dec\u00e2t cele de la Penitenciarul Jilava, unde fusese \u00eencarcerat<br \/>\n    anterior.<\/p>\n<p>\u00cen data de 25 septembrie<br \/>\n    2003, Marian Predic&#259; a fost prezentat la Curtea Suprem&#259; de Justi&#355;ie,<br \/>\n    pentru judecarea recursul \u00een cauza \u00een care era arestat. Tat&#259;l s&#259;u,<br \/>\n    Ion Predic&#259;, a fost \u00een sal&#259; \u00een timpul judec&#259;&#355;ii &#351;i<br \/>\n    a putut constata c&#259; fiul s&#259;u nu prezenta urme de violen&#355;&#259;.<\/p>\n<p>\u00cen diminea&#355;a zilei<br \/>\n    de 6 octombrie 2003, Ion Predic&#259; a fost anun&#355;at de c&#259;tre doi<br \/>\n    subofi&#355;eri de poli&#355;ie s&#259; se prezinte de urgen&#355;&#259; la<br \/>\n    Penitenciarul Rahova. Aici a fost anun&#355;at c&#259; fiul s&#259;u a decedat<br \/>\n    &#351;i se afl&#259; la Spitalul Universitar. Deplas\u00e2ndu-se la spital, Ion<br \/>\n    Predic&#259; a aflat c&#259; Marian a fost internat \u00een data de 1 octombrie<br \/>\n    2003 &#351;i a decedat pe 5 octombrie 2003, \u00een jurul orelor 18.00. \u00cen data<br \/>\n    de 9 octombrie 2003, Ion Predic&#259;, \u00eenso&#355;it de so&#355;ia sa, Maria<br \/>\n    Predic&#259;, &#351;i de un fiul, Marcel Predic&#259;, au fost la I.M.L. pentru<br \/>\n    a proceda la identificarea corpului lui Marian Predic&#259;. Familia sus&#355;ine<br \/>\n    c&#259; Marian era complet desfigurat, partea st\u00e2ng&#259; a fe&#355;ei fiind<br \/>\n    zdrobit&#259;, c&#259; avea o gaur&#259; la baza nasului, pe care o b&#259;nuiesc<br \/>\n    ca a fi urmarea unei lovituri cu un corp contondent, &#351;i c&#259; \u00een zona<br \/>\n    m\u00e2inilor prezenta urme de c&#259;tu&#351;e, m\u00e2na st\u00e2ng&#259; fiind rupt&#259;<br \/>\n    la \u00eencheietur&#259;. De asemenea, Marian era ras \u00een cap. Datorit&#259; acestor<br \/>\n    modific&#259;ri ale fizionomiei lui Marian Predic&#259;, familia nu a putut<br \/>\n    s&#259;-l identifice. Abia ulterior, dup&#259; ce &#351;i-au amintit c&#259;<br \/>\n    avea un semn particular la o unghie la m\u00e2na st\u00e2ng&#259;, au putut confirma<br \/>\n    identitatea corpului fiului lor.<\/p>\n<p>Familia a precizat c&#259;<br \/>\n    Marian Predic&#259; era s&#259;n&#259;tos &#351;i c&#259; nu a prezentat semne<br \/>\n    c&#259; ar fi suferit de vreo afec&#355;iune anterior decesului.<\/p>\n<p>Din certificatul medical<br \/>\n    constatator al decesului din 8 octombrie 2003, eliberat de I.M.L. familiei<br \/>\n    decedatului, este men&#355;ionat&#259; drept cauz&#259; direct&#259; a decesului<br \/>\n    &quot;hemoragie meningo-cerebral&#259; &#351;i intraventricular&#259;&quot;,<br \/>\n    iar ca stare morbid&#259; ini&#355;ial&#259; &quot;traumatism cranio-facial<br \/>\n    agresiune&quot;.<\/p>\n<p>\u00cen aceste circumstan&#355;e,<br \/>\n    Ion Predic&#259; a \u00eenaintat o pl\u00e2ngere Parchetului Militar Bucure&#351;ti,<br \/>\n    cer\u00e2nd ini&#355;ierea unei anchete pentru a se afla cauzele decesului lui<br \/>\n    Marian Predic&#259; &#351;i stabilirea persoanelor care se fac vinovate de<br \/>\n    aceasta. Dosarul de cercetare de la Parchetul Militar Bucure&#351;ti este<br \/>\n    \u00eenregistrat sub num&#259;rul 404\/2003.<\/p>\n<p>2.&nbsp;&nbsp;&nbsp;&nbsp;&nbsp;<br \/>\n    Discu&#355;iile purtate cu angaja&#355;ii Penitenciarului de Maxim&#259; Siguran&#355;&#259;<br \/>\n    Bucure&#351;ti &#8211; Rahova, ai Spitalului Universitar Bucure&#351;ti &#351;i<br \/>\n    ai Institutului de Medicin&#259; Legal&#259; &quot;Mina Minovici&quot;<\/p>\n<p>La Penitenciarul Bucure&#351;ti<br \/>\n    &#8211; Rahova, reprezentan&#355;ii APADOR-CH au discutat cu directorul penitenciarului,<br \/>\n    cu medicul &#351;ef, cu colegii de camer&#259; ai lui Marian Predic&#259;,<br \/>\n    precum &#351;i cu V.L., &quot;coleg de fapt&#259;&quot; cu Marian &#351;i<br \/>\n    care a fost \u00eempreun&#259; cu acesta la instan&#355;&#259; \u00een data de 25 septembrie<br \/>\n    2003.<\/p>\n<p>Din discu&#355;ia cu conducerea<br \/>\n    penitenciarului &#351;i cu medicul &#351;ef, precum &#351;i din fi&#351;a<br \/>\n    medical&#259; prezentat&#259;, a rezultat c&#259; \u00een diminea&#355;a zilei<br \/>\n    de 1 octombrie 2003 Marian Predic&#259; a fost adus la cabinetul medical \u00een<br \/>\n    stare foarte grav&#259;, unde i s-a pus diagnosticul provizoriu de &quot;criz&#259;<br \/>\n    comi&#355;ial&#259;&quot;. \u00cen jurul orei 10.30, Marian Predic&#259; a fost<br \/>\n    internat \u00een Spitalul Penitenciar Rahova, de unde s-au \u00eentocmit formele pentru<br \/>\n    a fi transferat la Spitalul Clinic de Urgen&#355;&#259; Floreasca pentru consult<br \/>\n    de specialitate. Deoarece a intrat \u00een stare de com&#259;, pe parcursul trasportului<br \/>\n    Marian Predic&#259; a fost redirec&#355;ionat c&#259;tre cel mai apropiat<br \/>\n    spital, &#351;i anume Spitalul Universitar Bucure&#351;ti, unde a fost primit<br \/>\n    \u00een jurul orei 11.15. Medicul penitenciarului nu a putut explica agravarea<br \/>\n    foarte rapid&#259; a st&#259;rii de s&#259;n&#259;tate a lui Marian Predic&#259;<br \/>\n    dec\u00e2t prin producerea unui anevrism cerebral. De asemenea, medicul a confirmat<br \/>\n    c&#259; Marian Predic&#259; nu a fost niciodat&#259; bolnav &#351;i c&#259;<br \/>\n    nu a prezentat semne c&#259; ar fi suferit de vreo afec&#355;iune anterior<br \/>\n    zilei de 1 octombrie 2003. \u00cen ceea ce prive&#351;te faptul c&#259; Marian<br \/>\n    Predic&#259; era ras \u00een cap \u00een momentul decesului, at\u00e2t medicul c\u00e2t &#351;i<br \/>\n    directorul penitenciarului au afirmat c&#259; acest lucru nu s-a \u00eent\u00e2mplat<br \/>\n    \u00een penitenciar, unde nu se mai practic&#259; tunderea &quot;la zero&quot;<br \/>\n    ca pedeapsa, ci c&#259; a fost ras \u00een cap la Spitalul Universitar, pentru<br \/>\n    realizarea investiga&#355;iilor tomografice.<\/p>\n<p>Directorul penitenciarului<br \/>\n    i-a informat pe reprezentan&#355;ii APADOR-CH c&#259; nu a ini&#355;iat nici<br \/>\n    o anchet&#259; intern&#259; pentru a stabili circumstan&#355;ele decesului,<br \/>\n    deoarece acesta nu prezint&#259; suspiciuni din punctul de vedere al penitenciarului.<br \/>\n    De altfel, prin adresa din 16 octombrie 2003, trimis&#259; APADOR-CH, directorul<br \/>\n    Penitenciarului Rahova a informat c&#259; \u00eemprejur&#259;rile pe fondul c&#259;rora<br \/>\n    a survenit decesul sunt cercetate de c&#259;tre Parchetul de pe l\u00e2ng&#259;<br \/>\n    Tribunalul Militar Bucure&#351;ti &#351;i a anexat comunicatatul de pres&#259;<br \/>\n    al Direc&#355;iei Generale a Penitenciarelor \u00een care se men&#355;ioneaz&#259;<br \/>\n    c&#259; &quot;din primele cercet&#259;ri efectuate de c&#259;tre Penitenciarul<br \/>\n    Bucure&#351;ti Rahova nu exist&#259; suspiciuni \u00een leg&#259;tur&#259; cu moartea<br \/>\n    de&#355;inutului Predic&#259; Marian&quot;. \u00cen comunicatul de pres&#259; s-a<br \/>\n    mai precizat &#351;i c&#259; Penitenciarul \u201ca sesizat Parchetul de pe l\u00e2ng&#259;<br \/>\n    Tribunalul Bucure&#351;ti, \u00een vederea stabilirii cauzelor &#351;i \u00eemprejur&#259;rilor<br \/>\n    decesului\u201d. \u00cen timpul discu&#355;iilor purtate \u00een ziua de 3 noiembrie, directorul<br \/>\n    penitenciarului i-a informat pe reprezentan&#355;ii APADOR-CH c&#259; procurorul<br \/>\n    militar se afl&#259; \u00een penitenciar &#351;i poart&#259; discu&#355;ii cu colegii<br \/>\n    de camer&#259; ai lui Marian Predic&#259;.<\/p>\n<p>Dup&#259; plecarea procurorului<br \/>\n    militar, reprezentan&#355;ii APADOR-CH au vizitat camera \u00een care a fost de&#355;inut<br \/>\n    Marian Predic&#259; &#351;i au discutat cu colegii acestuia. De&#351;i Marian<br \/>\n    Predic&#259; avea 20 de ani, el era \u00eencarcerat \u00eempreun&#259; cu de&#355;inu&#355;i<br \/>\n    adul&#355;i. &quot;Reprezentantul de camer&#259;&quot; a povestit c&#259;<br \/>\n    \u00een diminea&#355;a zilei de 1 octombrie 2003, lui Marian Predic&#259; i s-a<br \/>\n    f&#259;cut r&#259;u &#351;i a le&#351;inat l\u00e2ng&#259; patul s&#259;u. \u00cen c&#259;dere<br \/>\n    nu s-a lovit de vreun obiect dur. Imediat au fost sesiza&#355;i gardienii,<br \/>\n    care l-au scos din camer&#259;, probabil cu scopul de a-l transporta la cabinetul<br \/>\n    medical. Colegii de camer&#259; au afirmat c&#259; \u00een ultimele dou&#259; s&#259;pt&#259;m\u00e2ni<br \/>\n    anterioare acestui eveniment, Marian Predic&#259; s-ar fi pl\u00e2ns de dureri<br \/>\n    de cap &#351;i c&#259; ei i-ar fi dat analgezice pentru calmarea durerilor.<br \/>\n    De asemnea, s-a afirmat c&#259; Marian Predic&#259; nu a intrat niciodat&#259;<br \/>\n    \u00een vreun conflict\/alterca&#355;ie cu ei, fiind o persoan&#259; retras&#259;,<br \/>\n    lini&#351;tit&#259;, care nu prea comunica cu cei din jur. Reprezentan&#355;ii<br \/>\n    APADOR-CH au putut constata c&#259; persoanele din camera \u00een care a fost de&#355;inut<br \/>\n    Marian Predic&#259; se temeau de posibilitatea ca decesul s&#259; fie pus<br \/>\n    \u00een sarcina lor. \u00cen acest sens, ei au afirmat c&#259; probabil decesul s-a<br \/>\n    produs ca urmare a unei lovituri mai vechi la cap, pe care Marian Predic&#259;<br \/>\n    s&#259; o fi suferit \u00een timp ce se afla \u00een Penitenciarul Jilava, datorit&#259;<br \/>\n    unei posibile alterca&#355;ii cu colegii de camer&#259; de acolo.<\/p>\n<p>Din discu&#355;iile purtate<br \/>\n    cu V.L. reprezentan&#355;ii APADOR-CH au aflat c&#259; acesta a fost \u00eempreun&#259;<br \/>\n    cu Marian Predic&#259;, \u00een ziua de 25 septembrie 2003, la instan&#355;&#259;,<br \/>\n    &#351;i c&#259; Marian nu s-a pl\u00e2ns \u00een leg&#259;tur&#259; cu vreo problem&#259;,<br \/>\n    cu aceast&#259; ocazie, de&#351;i ei sunt vecini de cartier &#351;i prieteni<br \/>\n    de mult timp. V.L. a afirmat c&#259;, at\u00e2t timp c\u00e2t a fost coleg de camer&#259;<br \/>\n    cu Marian Predic&#259; la Penitenciarul Jilava, acesta nu a luat parte la<br \/>\n    nici o alterca&#355;ie &#351;i c&#259;, de asemenea, exclude posibilitatea<br \/>\n    unei alterca&#355;ii cu colegii de camer&#259; de la Rahova. Aceasta deoarece<br \/>\n    era o persoan&#259; foarte lini&#351;tit&#259;, iar colegii lui de fapt&#259;<br \/>\n    sunt cunoscu&#355;i \u00een penitenciar &#351;i eventualii agresori ar fi avut<br \/>\n    probleme. \u00cen acela&#351;i timp, V.L. a afirmat c&#259; a auzit vorbindu-se<br \/>\n    c&#259; Marian Predic&#259; ar fi fost b&#259;tut de c&#259;tre angaja&#355;i<br \/>\n    ai penitenciarului &#351;i c&#259; din aceast&#259; cauz&#259; s-a produs<br \/>\n    decesul. Deoarce V.L. avea p&#259;rul tuns foarte scurt, reprezentan&#355;ii<br \/>\n    APADOR-CH l-au \u00eentrebat dac&#259; acest lucru este urmare a propriei dorin&#355;e.<br \/>\n    V.L. a afirmat c&#259; a fost ras \u00een cap cu for&#355;a \u00een ziua de 25 septembrie<br \/>\n    2003, dup&#259; ce a fost b&#259;tut \u00een punctul de primire de&#355;inu&#355;i,<br \/>\n    la \u00eentoarcerea de la instan&#355;&#259;. APADOR-CH aminte&#351;te faptul c&#259;<br \/>\n    un alt de&#355;inut din Penitenciarul Rahova, Dan Bejinaru, a sus&#355;inut<br \/>\n    c&#259; a fost b&#259;tut \u00een ziua de 25 septembrie 2003 \u00een punctul de primire<br \/>\n    de&#355;inu&#355;i (vezi raportul APADOR-CH \u00een cazul Bejinaru).<\/p>\n<p>La Spitalul Universitar<br \/>\n    Bucure&#351;ti, reprezentan&#355;ii asocia&#355;iei au discutat cu angaja&#355;i<br \/>\n    ai sec&#355;iei A.T.I., care au sus&#355;inut c&#259; realizarea unei tomografii<br \/>\n    nu presupune tunderea pacientului. \u00cen acela&#351;i timp, conducerea spitalului<br \/>\n    a pus la dispozi&#355;ia APADOR-CH o copie a raportului medical al pacientului<br \/>\n    Marian Predic&#259;, din care rezult&#259; c&#259;, la internarea \u00een clinica<br \/>\n    A.T.I. din 1 octombrie 2003, ora 14.17 (pacientul a fost transferat de la<br \/>\n    Departamentul Urgen&#355;e), diagnosticul a fost &quot;hemoragie intracerebral&#259;<br \/>\n    frontal st\u00e2nga cu inunda&#355;ie panventricular&#259;; sindrom de angajare<br \/>\n    cerebral&#259; frontal&#259; transtentorial&#259;; com&#259; profund&#259;<br \/>\n    GC=3 cu suferin&#355;&#259; sever&#259; de trunchi cerebral&quot;. Din epicriz&#259;<br \/>\n    rezult&#259; c&#259; \u00een data de 5 octombrie 2003, la ora 13.30, Marian Predic&#259;<br \/>\n    a f&#259;cut stop cardiac &#351;i c&#259; &quot;modific&#259;rile \u00eenregistrate<br \/>\n    pe durata intern&#259;rii se justific&#259; prin suferin&#355;a diencefalic&#259;<br \/>\n    sever&#259;, care a precedat moartea cerebral&#259; la un bolnav cu hemoragie<br \/>\n    cerebral&#259; masiv&#259; &#351;i deteriorare neurologic&#259; grav&#259;<br \/>\n    ireversibil&#259; semnalat&#259; la internarea bolnavului \u00een STI&quot;.<\/p>\n<p>La Institutul de Medicin&#259;<br \/>\n    Legal&#259; &quot;Mina Minovici&quot;, reprezentan&#355;ii APADOR-CH au discutat<br \/>\n    cu conducerea Institutului &#351;i cu angaja&#355;i ai acestuia. Din discu&#355;iile<br \/>\n    purtate a reie&#351;it c&#259; \u00een cazul unui traumatism cranio-facial prin<br \/>\n    agresiune (starea morbid&#259; ini&#355;ial&#259; men&#355;ionat&#259; \u00een<br \/>\n    certificatul medical constatator al decesului), un tratament imediat ar fi<br \/>\n    dus la evitarea evolu&#355;iei negative a s&#259;n&#259;t&#259;&#355;ii pacientului<br \/>\n    &#351;i, \u00een consecin&#355;&#259;, a decesului. De asemenea a rezultat c&#259;<br \/>\n    hemoragia cerebral&#259; de care a suferit Marian Predic&#259; se instaleaz&#259;,<br \/>\n    \u00eentr-un caz de traumatism cranio-facial, la 3-5 zile dup&#259; acesta. \u00cen<br \/>\n    acela&#351;i timp, din discu&#355;iile purtate a reie&#351;it c&#259; au fost<br \/>\n    exercitate presiuni asupra angaja&#355;ilor Institutului ca urmare a men&#355;ion&#259;rii<br \/>\n    &quot;traumatismului cranio-facial agresiune&quot; drept stare morbid&#259;<br \/>\n    ini&#355;ial&#259; \u00een certificatul medical constatator al decesului.<\/p>\n<p>3.&nbsp;&nbsp;&nbsp;&nbsp;&nbsp;<br \/>\n    Concluzii<\/p>\n<p>Asocia&#355;ia reaminte&#351;te<br \/>\n    c&#259;, potrivit articolului 2 din Conven&#355;ia european&#259; a drepturilor<br \/>\n    omului &#351;i a jurispruden&#355;ei Cur&#355;ii europene a drepturilor omului,<br \/>\n    autorit&#259;&#355;ile rom\u00e2ne aveau obliga&#355;ia de a proteja dreptul la<br \/>\n    via&#355;&#259; a lui Marian Predic&#259; &#351;i, \u00een acela&#351;i timp, au<br \/>\n    obliga&#355;ia de a \u00eenteprinde cercet&#259;ri efective, am&#259;nun&#355;ite<br \/>\n    &#351;i eficiente pentru stabilirea circumstan&#355;elor decesului. Totodat&#259;<br \/>\n    cercet&#259;rile trebuie s&#259; fie apte s&#259; conduc&#259; la identificarea<br \/>\n    persoanelor vinovate de producerea decesului, \u00een vederea angaj&#259;rii r&#259;spunderii<br \/>\n    lor.<\/p>\n<p>Din investiga&#355;iile<br \/>\n    APADOR-CH a rezultat c&#259; \u00eemprejur&#259;rile care au determinat producerea<br \/>\n    hemoragiei cerebrale masive ce a dus la decesul lui Marian Predic&#259; ridic&#259;<br \/>\n    suspiciuni. \u00cen opinia reprezentan&#355;ilor asocia&#355;iei, probabilitatea<br \/>\n    ca Marian Predic&#259; s&#259; fi suferit un traumatism cranio-facial \u00een perioada<br \/>\n    25 septembrie &#8211; 1 octombrie 2003 este ridicat&#259;. Nu exist&#259; nici un<br \/>\n    indiciu \u00een sensul producerii vreunei agresiuni asupra lui Marian Predic&#259;<br \/>\n    din partea colegilor de camer&#259;. Faptul c&#259; Marian Predic&#259; era<br \/>\n    ras \u00een cap la data decesului sugereaz&#259; c&#259; el a fost pedepsit de<br \/>\n    c&#259;tre cadrele din penitenciar &#351;i este posibil ca el s&#259; fi fost<br \/>\n    lovit cu aceea&#351;i ocazie. Totodat&#259;, indiferent de circumstan&#355;ele<br \/>\n    \u00een care s-a produs traumatismul cranio-facial, exista \u00een sarcina administra&#355;iei<br \/>\n    penitenciarului obliga&#355;ia de a acorda un tratament de specialitate \u00een<br \/>\n    cel mai scurt timp posibil, pentru evitarea unor eventuale complica&#355;ii.<\/p>\n<p>\u00cen consecin&#355;&#259;,<br \/>\n    APADOR-CH solicit&#259; organelor de cercetare (\u00een spe&#355;&#259;, Parchetului<br \/>\n    Militar Bucure&#351;ti) s&#259; investigheze circumstan&#355;ele producerii<br \/>\n    decesului lui Marian Predic&#259; potrivit standardelor impuse de Conven&#355;ia<br \/>\n    european&#259; a drepturilor omului.<\/p>\n<p>&nbsp;<\/p>\n<p>Diana-Olivia C&#259;linescu\u00a0\u00a0\u00a0\u00a0\u00a0\u00a0\u00a0\u00a0\u00a0<br \/>\n    \u00a0\u00a0\u00a0\u00a0\u00a0\u00a0\u00a0\u00a0\u00a0\u00a0\u00a0\u00a0\u00a0\u00a0\u00a0\u00a0\u00a0\u00a0\u00a0\u00a0\u00a0\u00a0\u00a0 \u00a0\u00a0\u00a0\u00a0\u00a0\u00a0\u00a0\u00a0\u00a0\u00a0\u00a0\u00a0\u00a0\u00a0\u00a0\u00a0\u00a0\u00a0\u00a0\u00a0\u00a0\u00a0\u00a0 \u00a0\u00a0\u00a0\u00a0\u00a0\u00a0\u00a0\u00a0\u00a0\u00a0\u00a0 Valerian Stan<\/p>\n<p><\/p>","protected":false},"excerpt":{"rendered":"<p>Marian Predic&#259; (20 de ani), de&#355;inut \u00een Penitenciarul de Maxim&#259; Siguran&#355;&#259; Bucure&#351;ti &#8211; Rahova, a decedat \u00een data de 5 octombrie 2003 la Spitalul Universitar Bucure&#351;ti, unde a fost internat \u00een stare de com&#259;, ca urmare a unei hemoragii intracerebrale, la data de 1 octombrie 2003.<\/p>\n","protected":false},"author":2,"featured_media":0,"comment_status":"closed","ping_status":"open","sticky":false,"template":"","format":"standard","meta":{"footnotes":""},"categories":[15],"tags":[],"class_list":["post-1900","post","type-post","status-publish","format-standard","hentry","category-monitorizarea-conditiilor-de-detentie-penitenciare"],"_links":{"self":[{"href":"https:\/\/apador.org\/en\/wp-json\/wp\/v2\/posts\/1900","targetHints":{"allow":["GET"]}}],"collection":[{"href":"https:\/\/apador.org\/en\/wp-json\/wp\/v2\/posts"}],"about":[{"href":"https:\/\/apador.org\/en\/wp-json\/wp\/v2\/types\/post"}],"author":[{"embeddable":true,"href":"https:\/\/apador.org\/en\/wp-json\/wp\/v2\/users\/2"}],"replies":[{"embeddable":true,"href":"https:\/\/apador.org\/en\/wp-json\/wp\/v2\/comments?post=1900"}],"version-history":[{"count":0,"href":"https:\/\/apador.org\/en\/wp-json\/wp\/v2\/posts\/1900\/revisions"}],"wp:attachment":[{"href":"https:\/\/apador.org\/en\/wp-json\/wp\/v2\/media?parent=1900"}],"wp:term":[{"taxonomy":"category","embeddable":true,"href":"https:\/\/apador.org\/en\/wp-json\/wp\/v2\/categories?post=1900"},{"taxonomy":"post_tag","embeddable":true,"href":"https:\/\/apador.org\/en\/wp-json\/wp\/v2\/tags?post=1900"}],"curies":[{"name":"wp","href":"https:\/\/api.w.org\/{rel}","templated":true}]}}