{"id":1902,"date":"2003-09-09T00:00:00","date_gmt":"2003-09-09T00:00:00","guid":{"rendered":"http:\/\/www.apador.org\/seamus\/raport-asupra-vizitei-la-centrul-de-reeducare-pentru-minori-geti\/"},"modified":"2003-09-09T00:00:00","modified_gmt":"2003-09-09T00:00:00","slug":"raport-asupra-vizitei-la-centrul-de-reeducare-pentru-minori-geti","status":"publish","type":"post","link":"https:\/\/apador.org\/en\/raport-asupra-vizitei-la-centrul-de-reeducare-pentru-minori-geti\/","title":{"rendered":"Raport asupra vizitei la Centrul de reeducare pentru minori G&#259;e&#351;ti"},"content":{"rendered":"<p class=\"qtranxs-available-languages-message qtranxs-available-languages-message-en\">Sorry, this entry is only available in <a href=\"https:\/\/apador.org\/ro\/wp-json\/wp\/v2\/posts\/1902\" class=\"qtranxs-available-language-link qtranxs-available-language-link-ro\" title=\"Rom\u00e2n\u0103\">Rom\u00e2n\u0103<\/a>. For the sake of viewer convenience, the content is shown below in the alternative language. You may click the link to switch the active language.<\/p><p> <\/p>\n<p>\u00cen ziua de 9 octombrie<br \/>\n    2003, doi reprezentan&#355;i ai APADOR-CH au vizitat Centrul de reeducare<br \/>\n    pentru minori G&#259;e&#351;ti.<\/p>\n<p>1.&nbsp;&nbsp;&nbsp;&nbsp;&nbsp;<br \/>\n    Aspecte generale<\/p>\n<p>La data vizitei, \u00een Centru<br \/>\n    se aflau 117 minori fa&#355;&#259; de care instan&#355;ele de judecat&#259;<br \/>\n    au dispus, \u00een conformitate cu dispozi&#355;iile art 104 din Codul penal, m&#259;sura<br \/>\n    educativ&#259; a intern&#259;rii \u00eentr-un centru de reeeducare (din cei 117<br \/>\n    minori, 101 era b&#259;ie&#355;i iar 16 fete). Dintre b&#259;ie&#355;i, 68<br \/>\n    aveau \u00eentre 14 &#351;i 16 ani, 32 \u00eentre 16 &#351;i 18 ani, iar 1 avea peste<br \/>\n    18 ani (fa&#355;&#259; de acesta din urm&#259; instan&#355;a dispusese prelungirea<br \/>\n    intern&#259;rii cu 1 an &#351;i jum&#259;tate, apreciind c&#259; men&#355;inerea<br \/>\n    acestei m&#259;suri este necesar&#259; pentru realizarea scopului intern&#259;rii<br \/>\n    (minorul avusese \u00een Centru, \u00een mai multe r\u00e2nduri, probleme serioase de disciplin&#259;).<br \/>\n    10 fete aveau \u00eentre 14 &#351;i 16 ani iar 6 \u00eentre 16 &#351;i 18 ani. \u00cen compara&#355;ie<br \/>\n    cu anii preceden&#355;i, num&#259;rul celor interna&#355;i \u00een Centru s-a redus<br \/>\n    substan&#355;ial (\u00een anul 1999, de exemplu, aici erau interna&#355;i peste<br \/>\n    500 de minori). Una din explica&#355;ii este c&#259; Centru este destinat<br \/>\n    \u00een prezent exclusiv execut&#259;rii &quot;m&#259;surii educative a intern&#259;rii<br \/>\n    \u00eentr-un centru de reeducare&quot;, pedepsele cu \u00eenchisoarea execut\u00e2du-se \u00een<br \/>\n    penitenciare speciale pentru minori &#351;i tineri. <\/p>\n<p>\u00cen toate cazurile \u00een care<br \/>\n    de la internarea \u00een Centru s-a \u00eemplinit un an, Consiliul profesoral analizeaz&#259;<br \/>\n    situa&#355;ia minorilor iar \u00een cazul \u00een care constat&#259; c&#259; ace&#351;tia<br \/>\n    au f&#259;cut dovada corect&#259;rii comportamentului, c&#259; au fost s\u00e2rguincio&#351;i<br \/>\n    la \u00eenv&#259;&#355;&#259;tur&#259; &#351;i \u00een \u00eensu&#351;irea preg&#259;tirii<br \/>\n    profesionale propun instan&#355;elor de judecat&#259; (acelora care au dispus<br \/>\n    m&#259;sura intern&#259;rii) liberarea minorilor \u00eenainte de a deveni majori.<br \/>\n    Situa&#355;ia fiec&#259;rui minor este de asemenea analizat&#259; la sf\u00e2r&#351;itul<br \/>\n    fiec&#259;rui an &#351;colar &#351;i \u00eenainte de \u00eemplinirea v\u00e2rstei de 18 ani.<br \/>\n    \u00cen cazul minorilor care \u00eemplinesc v\u00e2rsta de 18 ani &#351;i care nu au probleme<br \/>\n    disciplinare sau &#351;colare, Centrul \u00eei pune \u00een libertate f&#259;r&#259;<br \/>\n    a mai fi nevoie de \u00eencuviin&#355;area instan&#355;ei de judecat&#259;. La<br \/>\n    discu&#355;iile din cadrul Consiliului profesoral sunt invita&#355;i numai<br \/>\n    acei minori care au abateri sau care manifest&#259; dezinteres la \u00eenv&#259;&#355;&#259;tur&#259;.<br \/>\n    De asemenea minorii se prezint&#259; la instan&#355;ele de judecat&#259; numai<br \/>\n    \u00een cazurile c\u00e2nd acestea apreciaz&#259; c&#259;\u00a0 este necesar. Consiliul profesoral<br \/>\n    este compus din directorul Centrului, directorii adjunc&#355;i pentru \u00eenv&#259;&#355;&#259;m\u00e2nt<br \/>\n    &#351;i siguran&#355;&#259;, profesori, dirigintele clasei, sociolog, \u00eenv&#259;&#355;&#259;tori,<br \/>\n    mai&#351;tri etc. <\/p>\n<p>Condi&#355;iile \u00een care<br \/>\n    tr&#259;iesc &#351;i \u00eenva&#355;&#259; minorii sunt \u00een prezent mai bune dec\u00e2t<br \/>\n    \u00een anii trecu&#355;i pe de o parte pentru c&#259; num&#259;rul celor interna&#355;i<br \/>\n    aici este sensibil mai mic iar pe de alt&#259; parte pentru c&#259; \u00een cursul<br \/>\n    anilor 2002 &#351;i 2003 au fost f&#259;cute unele investi&#355;ii \u00een modernizarea<br \/>\n    spa&#355;iilor pentru cazare &#351;i &#351;coal&#259; (\u00een anul 2002 au fost<br \/>\n    reamenajate &#351;i modernizate sec&#355;iile pentru cazarea b&#259;ie&#355;ilor<br \/>\n    iar anul acesta au fost construite 2 pavilioane pentru fete \u2013 unul pentru<br \/>\n    cazare, av\u00e2nd inclusiv club &#351;i sal&#259; cu mese, iar altul pentru &#351;coala<br \/>\n    fetelor). Dormitoarele minorilor, \u00een care \u00eenainte erau cazate c\u00e2te 20 sau<br \/>\n    chiar 30 de persoane au fost reamenajate &#351;i modernizate, \u00een prezent \u00een<br \/>\n    fiecare din ele dormind 4 sau 6 minori.<\/p>\n<p>Personalul care \u00eencadreaz&#259;<br \/>\n    Centrul, num&#259;r\u00e2nd 247 de cadre, este \u00een general acoperitor at\u00e2t din punct<br \/>\n    de vedere numeric c\u00e2t &#351;i al specializ&#259;rii. \u00cen cadrul compartimentului<br \/>\n    de \u00eenv&#259;&#355;&#259;m\u00e2nt &#351;i calificare sunt \u00eencadrate 60 de persoane,<br \/>\n    \u00eentre care: 10 profesori, 20 de instructori educatori, 1 institutor, 3 \u00eenv&#259;&#355;&#259;tori,<br \/>\n    3 mai&#351;tri, 1 psiholog, 1 sociolog, 2 asisten&#355;i sociali, 1 preot<br \/>\n    etc. Un deficit care se resimte este acela al \u00eenc&#259; unui post de medic<br \/>\n    generalist la cabinetul medical, precum &#351;i al \u00eenc&#259; unui post de<br \/>\n    psiholog. Din discu&#355;ia cu responsabilii unit&#259;&#355;ii a reie&#351;it<br \/>\n    c&#259; pentru \u00eencadrarea celor dou&#259; posturi s-ar putea renun&#355;a,<br \/>\n    \u00een compensa&#355;ie, la dou&#259; sau trei din posturile \u00eencadrate \u00een prezent<br \/>\n    &#351;i care nu reprezint&#259; o necesitate la fel de stringent&#259; precum<br \/>\n    posturile de medic generalist &#351;i psiholog.<\/p>\n<p>2.&nbsp;&nbsp;&nbsp;&nbsp;&nbsp;<br \/>\n    Discu&#355;ia cu directorul adjunct pentru \u00eenv&#259;&#355;&#259;m\u00e2nt<\/p>\n<p>&#350;coala care func&#355;ioneaz&#259;<br \/>\n    \u00een cadrul Centrului se nume&#351;te \u201c&#350;coala special&#259; cu clasele<br \/>\n    I-VIII nr 5 G&#259;e&#351;ti\u201d. Toate actele &#351;i adeverin&#355;ele de absolvire<br \/>\n    care le sunt eliberate elevilor poart&#259; antetul Ministerului Educa&#355;iei,<br \/>\n    Cercet&#259;rii &#351;i Tineretului, fapt care \u00een principiu nu ar face posibil&#259;<br \/>\n    o individualizare cu consecin&#355;e negative asupra minorilor, dup&#259;<br \/>\n    punerea lor \u00een libertate. Totu&#351;i, reprezentan&#355;ii APADOR-CH au fost<br \/>\n    de p&#259;rere c&#259; particula \u201cspecial&#259;\u201d din denumirea &#351;colii<br \/>\n    este de natur&#259; s&#259; ridice suspiciuni &#351;i s&#259; genereze \u00eentreb&#259;ri<br \/>\n    din partea celor cu care minorii vor intra \u00een contact dup&#259; liberare,<br \/>\n    mai ales a celor c&#259;rora minorii li se vor adresa pentru ob&#355;inerea<br \/>\n    unui loc de munc&#259;. O individualizare de acest gen este cu at\u00e2t mai pu&#355;in<br \/>\n    de dorit cu c\u00e2t m&#259;sura educativ&#259; a intern&#259;rii \u00eentr-un centru<br \/>\n    de reeducare nu se \u00eenscrie \u00een eviden&#355;ele de cazier judiciar.<\/p>\n<p>\u00cen cadrul &#351;colii<br \/>\n    sunt 5 clase de \u00eenv&#259;&#355;&#259;m\u00e2nt primar, 4 de gimnaziu pentru b&#259;ie&#355;i<br \/>\n    &#351;i una de gimanziu &quot;f&#259;r&#259; frecven&#355;&#259;&quot; pentru<br \/>\n    fete. Exist&#259; &#351;i o \u201e&#351;coal&#259; de arte &#351;i meserii\u201d, cu<br \/>\n    durata de 2 ani, pentru b&#259;ie&#355;ii care au absolvit 8 clase &#351;i<br \/>\n    care se preg&#259;tesc ca l&#259;c&#259;tu&#351;i, mecanici &#351;i pentru<br \/>\n    construc&#355;ii-structuri. Pentru fetele nu exist&#259; o &quot;&#351;coal&#259;<br \/>\n    de arte &#351;i meserii&quot;, \u00eens&#259; cele din cursul gimnazial sunt calificate<br \/>\n    confec&#355;ionere de lenjerie.<\/p>\n<p>&#350;coala este planificat&#259;<br \/>\n    \u00eentre orele 8.00 &#351;i 12.00\/13.00, iar activit&#259;&#355;ile educativ-sportive<br \/>\n    &#351;i recreative \u00eentre 14.00 &#351;i 18.00 (\u00eentre orele 12.00 &#351;i 14.00<br \/>\n    se ia masa de pr\u00e2nz &#351;i este \u201etimp la dispozi&#355;ia minorilor\u201d) &#351;i<br \/>\n    s\u00e2mb&#259;ta &#351;i duminica.<\/p>\n<p>Activit&#259;&#355;ile<br \/>\n    cultural-educative &#351;i sportive sunt organizate pe mai multe \u201emodule\u201d:<br \/>\n    activit&#259;&#355;i de cunoa&#351;tere &#351;i culturale, activit&#259;&#355;i<br \/>\n    ocupa&#355;ionale &#351;i formarea de deprinderi practice (plantarea legumelor,<br \/>\n    traforaj, pirogravur&#259; etc), educa&#355;ie sanitar&#259;, activit&#259;&#355;i<br \/>\n    recreativ-sportive (jocuri sportive, timp de o or&#259; \u00een fiecare zi, \u00een<br \/>\n    plus fa&#355;&#259; de orele de educa&#355;ie fizic&#259; prev&#259;zute \u00een<br \/>\n    programa &#351;colar&#259;).\u00a0 <\/p>\n<p>\u00cen vara anului 2003, Centrul<br \/>\n    a reu&#351;it organizarea a 4 tabere &#351;colare: la Costine&#351;ti (au<br \/>\n    mers 10 minori), la Timi&#351;oara, \u00een colaborare cu Funda&#355;ia \u201eKeros\u201d<br \/>\n    (7 minori), la V\u00e2n&#259;toru, jude&#355;ul D\u00e2mbovi&#355;a (8 minori) &#351;i<br \/>\n    la Siriu, jude&#355;ul Buz&#259;u (12 minori). Reprezentan&#355;ii asocia&#355;iei<br \/>\n    au apreciat faptul c&#259; 37 de minori, practic o treime din total, au beneficiat<br \/>\n    de taberele &#351;colare (merit&#259; notat c&#259; cei 37 de minori au fost<br \/>\n    \u00een tabere \u00eempreun&#259; cu copii de v\u00e2rsta lor de la &#351;coli din afar&#259;).<br \/>\n    Selec&#355;ia pentru tabere s-a f&#259;cut mai ales pe baza rezultatelor la<br \/>\n    \u00eenv&#259;&#355;&#259;tur&#259; &#351;i comportamentului minorilor).<\/p>\n<p>\u00cen cadrul programului<br \/>\n    \u201eAcces comunitar\u201d, \u00een colaborare cu Prim&#259;ria G&#259;e&#351;ti, cu Casa<br \/>\n    de cultur&#259;, Clubul copiilor &#351;i elevilor &#351;i cu stadionul din<br \/>\n    ora&#351;, sunt organizate periodic, \u00een afara Centrului, activit&#259;&#355;i<br \/>\n    cultural-educative &#351;i sportive. O dat&#259; pe semestru sunt organizate<br \/>\n    excursii la Pite&#351;ti, Curtea de Arge&#351; &#351;i T\u00e2rgovi&#351;te.<\/p>\n<p>\u00cen cadrul programului<br \/>\n    \u201eReabilitarea prin credin&#355;&#259;\u201d sunt organizate vizite la m&#259;n&#259;stirile<br \/>\n    Dealu &#351;i Vifor\u00e2ta, precum &#351;i \u00een parohiile protoieriei G&#259;e&#351;ti.<\/p>\n<p>Colaborarea cu Serviciul<br \/>\n    de reintegrare &#351;i supraveghere de pe l\u00e2ng&#259; Tribunalul D\u00e2mbovi&#355;a<br \/>\n    const&#259; mai ales \u00een vizita pe care o persoan&#259; din cadrul respectivului<br \/>\n    serviciu\u00a0 o face \u00een Centru o dat&#259; la 2 &#8211; 3 s&#259;pt&#259;m\u00e2ni, ax\u00e2ndu-se<br \/>\n    mai ales pe \u201erefacerea acompaniamentului cu familia\u201d al minorilor care provind<br \/>\n    din jude&#355;ul D\u00e2mbovi&#355;a, \u00een special al celor cu anumite probleme din<br \/>\n    punctul acesta de vedere. Cu serviciile de la T\u00e2rgovi&#351;te &#351;i Bucure&#351;ti<br \/>\n    (cu care exist&#259; protocoale de colaborare), Centrul colaboreaz&#259;,<br \/>\n    \u00een unele cazuri, pentru a se asigura minorilor libera&#355;i o anumit&#259;<br \/>\n    asisten&#355;&#259; pentru reintegrarea social&#259;. \u00cen ziua de 10 octombrie,<br \/>\n    reprezentan&#355;ii asocia&#355;iei au vizitat Serviciul de reintegrare social&#259;<br \/>\n    &#351;i supraveghere de pe l\u00e2ng&#259; Tribunalul D\u00e2mbovi&#355;a, constat&#259;rile<br \/>\n    &#351;i concluziile acestei vizite fiind consemnate \u00eentr-un raport separat.<\/p>\n<p>O finan&#355;are de circa<br \/>\n    100.000 de euro, care se sper&#259; ca va fi ob&#355;inut&#259; nu peste mult<br \/>\n    timp, ar putea s&#259; acopere, cel pu&#355;in \u00een parte, resursele necesare<br \/>\n    pentru materialele didactice, echipamentele &#351;colare &#351;i atelierele<br \/>\n    de preg&#259;tire profesional&#259;.<\/p>\n<p>Directorul adjunct pentru<br \/>\n    \u00eenv&#259;&#355;&#259;m\u00e2nt este &#351;i pre&#351;edinte al comisiei de disciplin&#259;.<br \/>\n    \u00cen cursul anului 2003, cam 10% dintre elevi au fost pedepsi&#355;i disciplinar<br \/>\n    (potrivit estim&#259;rii directorului adjunct pentru \u00eenv&#259;&#355;&#259;m\u00e2nt,<br \/>\n    cam 10 dintre ace&#351;tia au fost sanc&#355;iona&#355;i cu \u201eizolare de colectiv\u201d).<br \/>\n    Domnul director a precizat c&#259; abaterile cele mai frecvente, pentru care<br \/>\n    se aplic&#259; pedepse disciplinare, sunt conflictele dintre minori &#351;i<br \/>\n    distrugerile de bunuri.<\/p>\n<p>Semestrial sunt organizate<br \/>\n    &#351;edin&#355;e cu p&#259;rin&#355;ii elevilor. Cu aceste ocazii, dar &#351;i<br \/>\n    de Pa&#351;te &#351;i Cr&#259;ciun, p&#259;rin&#355;ii pot s&#259; viziteze<br \/>\n    Centrul, inclusiv dormitoarele &#351;i s&#259;lile de clas&#259; &#351;i de<br \/>\n    mese ale elevilor.\u00a0 <\/p>\n<p>3.&nbsp;&nbsp;&nbsp;&nbsp;&nbsp;<br \/>\n    Vizita \u00een Centru<\/p>\n<p>3.1&nbsp; Blocul alimentar<\/p>\n<p>Inclusiv din cauza reducerii<br \/>\n    efectivelor, dar &#351;i a st&#259;rii sale proaste, blocul alimentar urmeaz&#259;<br \/>\n    s&#259; intre \u00een cur\u00e2nd \u00een reamenajare &#351;i renovare. La data vizitei,<br \/>\n    hrana minorilor era preg&#259;tit&#259; \u00een buc&#259;t&#259;ria popotei cadrelor,<br \/>\n    buc&#259;t&#259;ria mare &#351;i mai multe alte spa&#355;ii ale blocului alimentar<br \/>\n    fiind dezafectate (situa&#355;ia aceasta dura de circa un an &#351;i jum&#259;tate).<br \/>\n    \u00cen buc&#259;t&#259;ria \u00een care se g&#259;tea nu exista ventila&#355;ie iar<br \/>\n    pere&#355;ii aveau mucegai &#351;i condens.<\/p>\n<p>Pentru diminea&#355;a<br \/>\n    din ziua vizitei minorilor li se servise lapte, marmelad&#259; &#351;i margarin&#259;,<br \/>\n    la pr\u00e2nz ciorb&#259; de porc &#351;i iahnie de fasole cu carne de porc, iar<br \/>\n    seara urma s&#259; se serveasc&#259; ghiveci de legume &#351;i biscui&#355;i.<br \/>\n    Pentru masa de pr\u00e2nz \u00een actele contabile erau \u00eenscrise c&#259; s-au folosit<br \/>\n    14 kg de carne de porc &#351;i 14 kg de subproduse din carne de porc. \u00cen felul<br \/>\n    al doilea de la pr\u00e2nz, reprezentan&#355;ii asocia&#355;iei au constatat c&#259;<br \/>\n    erau mai ales sl&#259;nin&#259; &#351;i oase, fiind evident c&#259; \u00een cazan<br \/>\n    era sensibil mai pu&#355;in&#259; carne dec\u00e2t \u00een acte. Spre deosebire de por&#355;iile<br \/>\n    minorilor, fripturile care se frigeau pe plit&#259; pentru popota cadrelor<br \/>\n    erau numai carne macr&#259; &#351;i ar&#259;tau foarte bine.<\/p>\n<p>Blocul alimentar are \u00een<br \/>\n    permanen&#355;&#259; ap&#259; cald&#259;, mai ales dup&#259; ce \u00een anul 2001<br \/>\n    a fost trecut&#259; de pe combustibil lichid pe gaze. <\/p>\n<p>\u00cen sala de mese destinat&#259;<br \/>\n    carantinei &#351;i infirmeriei erau 4 mese, fiecare cu c\u00e2te 4 scaune. \u00cenc&#259;perea<br \/>\n    a fost renovat&#259; \u00een anul 2001, are gresie pe pere&#355;i &#351;i faian&#355;&#259;<br \/>\n    pe jos, iar mobilierul &#351;i celelalte dot&#259;ri erau noi &#351;i c\u00e2t<br \/>\n    se poate de func&#355;ionale. \u00cen sal&#259; exista un registru \u00een care echipe<br \/>\n    de c\u00e2te trei minori consemnau zilnic c&#259; m\u00e2ncarea a fost, invariabil,<br \/>\n    foarte bun&#259; &#351;i bun&#259;. Mai ales dup&#259; cele v&#259;zute la<br \/>\n    buc&#259;t&#259;rie, reprezentan&#355;ii asocia&#355;iei au r&#259;mas cu<br \/>\n    impresia c&#259; ideea \u201ccatalogului de note\u201d pentru m\u00e2ncare este una mai mult<br \/>\n    formal&#259; &#351;i protocolar&#259; &#351;i ajut\u00e2nd mai pu&#355;in (dac&#259;<br \/>\n    nu chiar deloc) la ameliorarea calit&#259;&#355;ii m\u00e2nc&#259;rii.<\/p>\n<p>3.2. Cabinetul medical<\/p>\n<p>Personalul serviciului<br \/>\n    medical este format din 2 medici generali&#351;ti, 1 stomatolog &#351;i 8<br \/>\n    asisten&#355;i medicali (1 de farmacie, 1 de igien&#259;, 4 de medicin&#259;<br \/>\n    general&#259;, 1 asistent stomatologie &#351;i asistentul medicului &#351;ef).<br \/>\n    Dintre asistentele medicale, dou&#259; se aflau \u00een concediu de maternitate,<br \/>\n    iar din cei 2 medici generali&#351;ti, 1 lipsea din prim&#259;vara anului<br \/>\n    1999, fiind plecat la reziden&#355;iat (acest stagiu dureaz&#259; 5 ani).\u00a0<br \/>\n    Blocarea pe o durat&#259; de timp at\u00e2t de \u00eendelungat&#259;, a unui post de<br \/>\n    medic este greu de acceptat &#351;i se impune ca DGP s&#259; g&#259;seasc&#259;<br \/>\n    c\u00e2t mai cur\u00e2nd posibil o solu&#355;ie pentru asemenea cazuri. Pe durata unei<br \/>\n    zile de lucru, un medic acord&#259; \u00een jur de 30 de consulta&#355;ii &#351;i<br \/>\n    tratamente.<\/p>\n<p>Cabinetul medical (inclusiv<br \/>\n    cel stomatologic) aveau o dotare corespunz&#259;toare cu instrumentar, materiale<br \/>\n    &#351;i medicamente.<\/p>\n<p>\u00cen aprilie 2003, \u00een unitate<br \/>\n    a fost f&#259;cut&#259; o testare HIV general&#259;, nefiind identificate<br \/>\n    cazuri de pacien&#355;i \u201cpozitivi\u201d. Testul a fost f&#259;cut practic de to&#355;i<br \/>\n    elevii, dup&#259; ce \u00een prealabil li s-a explicat ce presupune un asemenea<br \/>\n    examen &#351;i c&#259; pot fi supu&#351;i acestui text numai dac&#259; \u00ee&#351;i<br \/>\n    dau acordul scris (reprezentan&#355;ilor asocia&#355;iei le-au fost prezentate<br \/>\n    tabelele \u00een care elevii &#351;i-au dat acordul scris pentru testare; au existat<br \/>\n    &#351;i c\u00e2teva cazuri, cam 5% din efective, \u00een care minorii au refuzat s&#259;<br \/>\n    fac&#259; testul HIV, refuz consemnat de asemenea \u00een tabelele respective).\u00a0\u00a0\n    <\/p>\n<p>Serviciul colaboreaz&#259;<br \/>\n    bine cu spitalele din G&#259;e&#351;ti; minorii sunt interna&#355;i exclusiv<br \/>\n    \u00een spitale ale Ministerului S&#259;n&#259;t&#259;&#355;ii, &#351;i nu &#351;i<br \/>\n    \u00een cele ale sistemului penitenciar. Faptul acesta pune uneori unit&#259;&#355;ii<br \/>\n    probleme de personal, \u00eentruc\u00e2t fiecare minor trebuie \u00eenso&#355;it \u00een permanen&#355;&#259;<br \/>\n    de 2 subofi&#355;eri (c\u00e2te 2 \u00een fiecare schimb). Reprezentan&#355;ii APADOR-CH<br \/>\n    au fost de p&#259;rere c&#259; \u00een cazul specific al centrelor de educare se<br \/>\n    impun cu at\u00e2t mai mult demersuri pentru organizarea \u00een respectivele spitale<br \/>\n    civile de sec&#355;ii separate pentru minori. Un fapt pozitiv este c&#259;<br \/>\n    minorii nu sunt \u00eenc&#259;tu&#351;a&#355;i pe timpul intern&#259;rii \u00een spitale.\n    <\/p>\n<p>La primirea \u00een Centru,<br \/>\n    minorii sunt examina&#355;i medical, inclusiv pentru a vedea dac&#259; nu<br \/>\n    au fost agresa&#355;i pe timpul c\u00e2t s-au aflat \u00een custodia poli&#355;iei.<\/p>\n<p>La infirmerie se aflau<br \/>\n    minorii Nicu&#351;or-Lucian I., de 16 ani &#351;i jum&#259;tate, &#351;i Adrian<br \/>\n    D., de 17 ani. Primul suferise de cur\u00e2nd o depresie psihic&#259; (&#351;i<br \/>\n    era tratat cu doxeprim &#351;i clordelazin) iar cel&#259;lalt avea o \u201caprindere<br \/>\n    la pl&#259;m\u00e2ni\u201d. Centrul nu are un medic de psihiatrie infanto-juvenil&#259;,<br \/>\n    cazul lui Nicu&#351;or-Lucian I. ar&#259;t\u00e2nd c&#259; recomandarea f&#259;cut&#259;<br \/>\n    \u00een acest sens de Comisia european&#259; pentru prevenirea torturii (CPT),<br \/>\n    chiar la G&#259;e&#351;ti, \u00een 1999, r&#259;m\u00e2ne de actualitate. Fiind foarte<br \/>\n    departe de familie minorul Adrian D. poate fi vizitat foarte rar de ai s&#259;i.<br \/>\n    Familia are telefon acas&#259;, \u00eens&#259; pentru c&#259; minorul nu \u00ee&#351;i<br \/>\n    putuse procura o cartel&#259; nu avea cum s&#259; vorbeasc&#259; cu p&#259;rin&#355;ii<br \/>\n    \u00eentruc\u00e2t de cur\u00e2nd se interzisese, printr-un ordin al DGP, ca minorii s&#259;-&#351;i<br \/>\n    \u00eemprumute cartelele \u00eentre ei.<\/p>\n<p>3.2&nbsp; Sec&#355;ia<br \/>\n    pentru b&#259;ie&#355;i<\/p>\n<p>Din cele <b><i>dou&#259;<br \/>\n    camere destinate separ&#259;rii de colectiv<\/i><\/b> a celor pedepsi&#355;i<br \/>\n    disciplinar, era ocupat&#259; numai una. \u00cen camer&#259; se aflau 2 elevi,<br \/>\n    caza&#355;i \u00een 2 paturi (din metal, spre deosebire de cele din camerele obi&#351;nuite,<br \/>\n    care sunt din lemn; saltelele erau obi&#351;nuite, de asemenea diferite &#351;i<br \/>\n    ele de cele din celelalte camere, care sunt de tip \u201crelaxa\u201d; lenjeria de pat<br \/>\n    &#351;i cear&#351;afurile erau \u00een stare bun&#259; &#351;i curate). Camera<br \/>\n    era renovat&#259;, zugr&#259;vit&#259; recent, cu geamuri din termopan. Grupul<br \/>\n    sanitar avea o chiuvet&#259; (\u00een camer&#259;) &#351;i o cabin&#259; cu un<br \/>\n    WC turcesc.<\/p>\n<p>Elevul Valentin M., de<br \/>\n    16 ani &#351;i jum&#259;tate, se afla aici av\u00e2nd de executat o pedeaps&#259;<br \/>\n    cu izolarea de colectiv de 10 zile. Regula pentru minorii pedepsi&#355;i cu<br \/>\n    separarea de colectiv este c&#259; diminea&#355;a merg la &#351;coal&#259;<br \/>\n    iar dup&#259; amiaza particip&#259; la activit&#259;&#355;ile \u201cmodulului de<br \/>\n    interven&#355;ie educativ&#259; pentru minorii cu abateri repetate\u201d, activit&#259;&#355;i<br \/>\n    organizate mai ales de psiholog, sociolog &#351;i asisten&#355;ii sociali.<br \/>\n    Pentru c&#259; abaterea sa a fost considerat&#259; una mai grav&#259; (l-a<br \/>\n    \u00eempins pe unul dintre profesori), Valentin nu era scos dup&#259; amiaza la<br \/>\n    activit&#259;&#355;i cultural-educative &#351;i sportive, ci numai la o plimbare<br \/>\n    de 1 or&#259;. \u00cen discu&#355;ia cu Valentin, la care au fost de fa&#355;&#259;<br \/>\n    &#351;i responsabili ai Centrului, acesta a recunoscut c&#259; l-a \u00eempins<br \/>\n    pe\u00a0 profesor. \u00cens&#259; pe timpul discu&#355;iilor avute cu al&#355;i minori,<br \/>\n    de la alte camere, martori la incidentul pentru care Valentin fusese pedepsit,<br \/>\n    a rezultat c&#259; el l-a \u00eempins pe profesor din cauz&#259; c&#259;\u00a0 \u00een prealabil<br \/>\n    acesta \u00eel lovise.<\/p>\n<p>Minorul Tiberiu L., de<br \/>\n    15 ani &#351;i jum&#259;tate se afla aici, tot pentru 10 zile, pentru c&#259;<br \/>\n    \u00eel lovise pe un coleg, rup\u00e2ndu-i un dinte. Tiberiu ie&#351;ea at\u00e2t la orele<br \/>\n    de clas&#259;, diminea&#355;a, c\u00e2t &#351;i la activit&#259;&#355;ile cultural-educative<br \/>\n    &#351;i sportive de dup&#259; amiaza.<\/p>\n<p>Ambii minorii fuseser&#259;<br \/>\n    audia&#355;i de comisia de disciplin&#259;.<\/p>\n<p>\u00cen <b><i>camera 6<\/i><\/b>,<br \/>\n    6 minori (care tocmai ie&#351;eau la activit&#259;&#355;ile de dup&#259; amiaz&#259;<br \/>\n    \u2013 fotbal, tenis de mas&#259; &#351;i traforaj) erau caza&#355;i \u00een 6 paturi<br \/>\n    (din lemn &#351;i cu saltele relaxa). Camera era modernizat&#259;, cu geamuri<br \/>\n    termopan, av\u00e2nd &#351;i utilit&#259;&#355;i precum &#351;ifoniere, scaune<br \/>\n    &#351;i noptiere din lemn. Grupul sanitar avea 2 cabine cu WC turcesc, 3 chiuvete<br \/>\n    cu oglinzi &#351;i un du&#351; cu c&#259;di&#355;&#259;. Minorii fac baie<br \/>\n    de dou&#259; ori pe s&#259;pt&#259;m\u00e2n&#259;.<\/p>\n<p>Din discu&#355;iile cu<br \/>\n    ei a reie&#351;it c&#259; se \u00eent\u00e2mpl&#259; foarte rar s&#259; nu se fac&#259;<br \/>\n    orele de clas&#259;. Eu au semnalat \u00een schimb c&#259; nu sunt mul&#355;umi&#355;i<br \/>\n    de calitatea m\u00e2nc&#259;rii, \u00een special pentru c&#259; de cele mai multe ori<br \/>\n    carnea \u00eenseamn&#259; mai mult gr&#259;sime &#351;i sl&#259;nin&#259;. Aparatele<br \/>\n    de ras (1 pentru \u00eentreaga camer&#259; la 3 luni) &#351;i pasta de ras care<br \/>\n    li se distribuie sunt insuficiente. Interdic&#355;ia de a fuma le creaz&#259;<br \/>\n    cele mai mari probleme, fiind de multe ori cauza comiterii de abateri. Ei<br \/>\n    au cerut ca \u00een cazurile \u00een care le sunt confiscate pachetele cu &#355;ig&#259;ri<br \/>\n    (g&#259;site asupra lor sau \u00een pachetele primite de acas&#259;), acestea s&#259;<br \/>\n    nu le mai fie rupte, ci s&#259; le fie restituite \u2013 lor, la liberare, sau<br \/>\n    familiilor. Faptul c&#259; recent s-a introdus interdic&#355;ia ca minorii<br \/>\n    s&#259;-&#351;i mai \u00eemprumute cartelele telefonice \u00eentre ei creaz&#259; de<br \/>\n    asemenea nemul&#355;umire.<\/p>\n<p>Camera avea un televizor<br \/>\n    (al Centrului) &#351;i difuzoare. De circa 8 luni minorii nu primiser&#259;<br \/>\n    ziare.<\/p>\n<p><b><i>Camera 11<\/i><\/b><br \/>\n    avea 4 paturi, din lemn &#351;i de asemenea cu saltele \u201crelaxa\u201d. &#350;i camera<br \/>\n    11 era modernizat&#259;, asigur\u00e2nd minorilor condi&#355;ii civilizate de via&#355;&#259;<br \/>\n    (la momentul vizitei minorii se aflau la activit&#259;&#355;i cultural-sportive<br \/>\n    &#351;i recreative). Exista televizor, reprezentan&#355;ii Centrului preciz\u00e2nd<br \/>\n    c&#259; asemenea aparate exist&#259; \u00een toate camerele. <\/p>\n<p>Suprafa&#355;a spa&#355;iului<br \/>\n    destinat efectiv caz&#259;rii minorilor era \u00een jur de 20 de m.p., fiind respectate<br \/>\n    recomand&#259;rile CPT, f&#259;cute \u00een Raportul din 1999 cu privire la Rom\u00e2nia,<br \/>\n    potrivit c&#259;ruia acest spa&#355;iu ar trebui s&#259; aib&#259; o suprafa&#355;&#259;<br \/>\n    de cel pu&#355;in 4 m.p. pentru o persoan&#259;.<\/p>\n<p>3.3&nbsp; &#350;coala<br \/>\n    b&#259;ie&#355;ilor<\/p>\n<p>\u00centr-una din <b><i>s&#259;lile<br \/>\n    de cursuri pentru clasele I \u2013 IV<\/i><\/b> erau 10 elevi \u00eempreun&#259; cu \u00eenv&#259;&#355;&#259;torul<br \/>\n    lor (la clasa I erau 4 elevi, la a II-a 2, la a III-a 3 iar la a IV-a 1. Minorul<br \/>\n    Adrian T., de 16 ani &#351;i jum&#259;tate, fusese discutat la 25 septembrie<br \/>\n    2003 \u00een Cosiliul profesoral &#351;i se f&#259;cuse instan&#355;ei de judecat&#259;<br \/>\n    propunerea de liberare a acestuia \u00eenainte de \u00eemplinirea v\u00e2rstei de 18 ani<br \/>\n    (potrivit art 107 din Codul penal). Reintegrarea social&#259; a minorului<br \/>\n    nu ridica probleme deosebite \u00eentruc\u00e2t acesta urma s&#259; se \u00eentoarc&#259;<br \/>\n    \u00een familie (\u00een ora&#351;ul Ro&#351;iorii de Vede).<\/p>\n<p>To&#355;i minorii aveau<br \/>\n    haine de acas&#259;, pe care puteau s&#259; le poarte \u00een toate ocaziile. \u00cen<br \/>\n    cazul \u00een care ar exista minori care s&#259; nu aib&#259; haine proprii, Centrul<br \/>\n    le poate asigura \u00eembr&#259;c&#259;minte &#351;i \u00eenc&#259;l&#355;&#259;minte<br \/>\n    adecvate anotimpului (minorii interna&#355;i mai apeleaz&#259; uneori la \u00eenc&#259;l&#355;&#259;mintea<br \/>\n    pus&#259; la dispozi&#355;ie de Centru).<\/p>\n<p>Minorul Marian P., de<br \/>\n    16 ani &#351;i 4 luni, fusese pedepsit disciplinar \u00een luna august 2003 cu<br \/>\n    5 zile de separare de colectiv pentru c&#259; jignise un de&#355;inut (dintre<br \/>\n    cei afla&#355;i la deservirea GAZ-ului) &#351;i sp&#259;rsese un geam. Potrivit<br \/>\n    responsabililor Centrului, Marian a primit aceast&#259; sanc&#355;iune dup&#259;<br \/>\n    ce cu pu&#355;in timp \u00eenainte de abaterea respectiv&#259; mai primise o \u201cmustrare\u201d<br \/>\n    pentru c&#259; stropise cu ap&#259; (din gre&#351;eal&#259;, a spus el) un<br \/>\n    ofi&#355;er &#351;i preotul Centrului. \u00cen ambele cazuri, Marian fusese audiat<br \/>\n    de comisia de disciplin&#259;.<\/p>\n<p>Marian &#351;i cei mai<br \/>\n    mul&#355;i dintre colegii s&#259;i au spus c&#259; de multe ori sunt predispu&#351;i<br \/>\n    abaterilor din cauz&#259; c&#259; \u00een Centru le este interzis s&#259; fumeze<br \/>\n    (ca de altfel &#351;i tuturor\u00a0 minorilor din afar&#259;). Reprezentan&#355;ii<br \/>\n    asocia&#355;iei au identificat \u00een cele spuse de minori o problem&#259; c\u00e2t<br \/>\n    se poate de real&#259; &#351;i sensibil&#259;. Ei nu au pledat pentru nerespectarea<br \/>\n    legii sub acest aspect &#351;i nici pentru minimalizarea adev&#259;rului arhi-&#351;tiut<br \/>\n    c&#259; fumatul d&#259;uneaz&#259; grav s&#259;n&#259;t&#259;&#355;ii (consecin&#355;ele<br \/>\n    acestuia fiind cu at\u00e2t mai nocive \u00een cazul copiilor). \u00cen schimb au exprimat<br \/>\n    opinia c&#259;, sub aspectul acestei interdic&#355;ii (destul de greu de suportat<br \/>\n    mai ales de c&#259;tre cei care au fumat \u00eenainte de internarea \u00een Centru),<br \/>\n    personalul ar trebui s&#259; \u201ccircumstan&#355;ieze\u201d mai serios atunci c\u00e2nd<br \/>\n    judec&#259; &#351;i pedepsesc o abatere sau alta comis&#259; de minori, de<br \/>\n    multe ori sub imperiul frustr&#259;rii cauzate de interdic&#355;ia de a fuma.<br \/>\n    Respectiva frustrare este \u00eentr-un fel amplificat&#259; &#351;i de faptul c&#259;<br \/>\n    minorii &#351;tiu bine c&#259; \u00een afar&#259; cei de v\u00e2rsta lor pot s&#259;<br \/>\n    fumeze practic f&#259;r&#259; nici o restric&#355;ie. Foarte adecvat&#259;<br \/>\n    &#351;i necesar&#259; ar fi, \u00een schimb, organizarea de programe sus&#355;inute<br \/>\n    &#351;i c\u00e2t mai persuasive de educa&#355;ie \u201cantitabagic&#259;\u201d a minorilor.\u00a0\n    <\/p>\n<p>Minorii au spus c&#259;<br \/>\n    m\u00e2ncarea este \u00een general bun&#259; &#351;i c&#259; nu au probleme cu coresponden&#355;a<br \/>\n    &#351;i vizitele (fiecare minor poate s&#259; primesc&#259; lunar 4 vizite).<br \/>\n    Num&#259;rul de telefoane care\u00a0 pot fi date este limitat de num&#259;rul de<br \/>\n    cartele \u2013 cel mult 5 \u2013 pe care un minor le poate primi \u00eentr-o lun&#259;. Din<br \/>\n    discu&#355;iile cu reprezentan&#355;ii Centrului a reie&#351;it c&#259; de<br \/>\n    circa o s&#259;pt&#259;m\u00e2n&#259; a intrat \u00een vigoare un ordin al DGP care<br \/>\n    le interzice minorilor s&#259;-&#351;i \u00eemprumute \u00eentre ei cartelele telefonice.<br \/>\n    At\u00e2t reprezentan&#355;ii Centrului c\u00e2t &#351;i minorii au fost de p&#259;rere<br \/>\n    c&#259; dac&#259; o asemenea restric&#355;ie nu ar exista &#351;i cartelele<br \/>\n    ar putea fi \u00eemprumutate, rela&#355;iile dintre minori, precum &#351;i ordinea<br \/>\n    &#351;i disciplina din Centru nu ar fi afectate \u00een vreun fel. C&#259; lucrurile<br \/>\n    stau astfel o arat&#259; &#351;i experien&#355;a de p\u00e2n&#259; acum din Centru,<br \/>\n    din to&#355;i anii \u00een care minorii aveau voie s&#259; \u00ee&#351;i \u00eemprumute \u00eentre<br \/>\n    ei cartelele telefonice.<\/p>\n<p>Minorii au spus c&#259;<br \/>\n    primesc lunar aparate de ras, s&#259;pun, h\u00e2rtie igienic&#259;, past&#259;<br \/>\n    de din&#355;i, detergent &#351;i crem&#259; de ghete. <\/p>\n<p>Dintre cei 10 minori,<br \/>\n    pe timpul procesului numai 3 au avut posibilitatea s&#259;-&#351;i angajeze<br \/>\n    avoca&#355;i \u201cpl&#259;ti&#355;i\u201d; cei care nu au avut aceast&#259; posibilitate<br \/>\n    au fost de p&#259;rere c&#259; avoca&#355;ii din oficiu au fost destul de<br \/>\n    formali \u00een ap&#259;rarea pe care le-au f&#259;cut-o.<\/p>\n<p>3.4&nbsp; Sec&#355;ia<br \/>\n    pentru fete<\/p>\n<p>At\u00e2t pavilionul pentru<br \/>\n    dormitoare &#351;i clubul propriu, c\u00e2t &#351;i cel pentru &#351;coal&#259;<br \/>\n    &#351;i atelier sunt noi, finalizate \u00een cursul anului 2003.<\/p>\n<p>\u00cen camera 9, unde \u00een momentul<br \/>\n    vizitei nu se afla nimeni, erau 2 paturi (din lemn, cu saltele \u201crelaxa\u201d) &#351;i<br \/>\n    \u00een general cu acelea&#351;i dot&#259;ri ca &#351;i la camerele b&#259;ie&#355;ilor.<\/p>\n<p>Clubul sec&#355;iei era<br \/>\n    &#351;i el bine utilat &#351;i func&#355;ional (exista un televizor, singurul<br \/>\n    pe sec&#355;ie, la care minorele puteau s&#259; se uite \u00een afara orelor \u00een<br \/>\n    care nu aveau activit&#259;&#355;i programate). Spa&#355;iul clubului era<br \/>\n    totu&#351;i insuficient pentru cazul \u00een care toate minorele ar fi vrut s&#259;<br \/>\n    se uite \u00een acela&#351;i timp la televizor. Reprezentan&#355;ii asocia&#355;iei<br \/>\n    au sugerat s&#259; se asigure cel pu&#355;in \u00eenc&#259; un televizor care s&#259;<br \/>\n    fie instalat la una din camerele \u00een care sunt cazate minorele.<\/p>\n<p>La momentul vizitei, dup&#259;<br \/>\n    amiaza, \u00eentr-una din s&#259;lile de clas&#259; erau 8 fete (de la clasele<br \/>\n    I-IV), desf&#259;&#351;ur\u00e2nd, sub \u00eendrumarea\u00a0 a dou&#259; educatoare activit&#259;&#355;i<br \/>\n    \u201cocupa&#355;ionale\u201d (desen, lucr&#259;ri pe p\u00e2nz&#259; &#351;i etamin&#259;).<br \/>\n    Peste circa o or&#259; ele urmau s&#259; participe la activit&#259;&#355;i<br \/>\n    \u201crecreative &#351;i de hobby\u201d.<\/p>\n<p>Fetele s-au declarat \u00een<br \/>\n    general mul&#355;umite de condi&#355;iile din Centru, inclusiv de calitatea<br \/>\n    m\u00e2nc&#259;rii. Ele au ap&#259; cald&#259; \u00een permanen&#355;&#259; la camere,<br \/>\n    &quot;baie general&#259;&quot; f&#259;c\u00e2nd miercurea &#351;i s\u00e2mb&#259;ta.<br \/>\n    Miercurea dup&#259; amiaza ele se pot \u00eent\u00e2lni, pentru o or&#259;, la vizit&#259;,<br \/>\n    cu b&#259;ie&#355;ii cu care vor s&#259; se \u00eent\u00e2lneasc&#259;.<\/p>\n<p>Reprezentan&#355;ii asocia&#355;iei<br \/>\n    au r&#259;mas cu impresia c&#259; \u00een Centru pedepsele disciplinare, \u00een special<br \/>\n    cele cu \u201csepararea de colectiv\u201d se aplic&#259; cu destul&#259; u&#351;urin&#355;&#259;<br \/>\n    (responsabilii Centrului au recunoscut c&#259; majoritatea fetelor \u201cau fost<br \/>\n    la izolare\u201d). Minora Alina B., de 17 ani &#351;i 10 luni, a stat \u201ela izolare\u201d<br \/>\n    de dou&#259; ori, odat&#259; pentru c&#259; a insultat o supraveghetoare (5<br \/>\n    zile) iar alt&#259;dat&#259; pentru c&#259; a spart un geam (7 zile). Doina<br \/>\n    T., de 15 ani, a primit 3 zile de \u201cizolare\u201d pentru \u201cinjurii la adresa cadrelor\u201d.<\/p>\n<p>La atelierul de croitorie<br \/>\n    3 dintre fete f&#259;ceau tivuri, la ma&#351;inile de cusut, la cear&#351;afuri<br \/>\n    (sub supravegherea unei instructoare). Ele au \u00eenv&#259;&#355;at s&#259; coase<br \/>\n    la ma&#351;in&#259; \u00een Centru.<\/p>\n<p>Minora Elena T., mai ales<br \/>\n    pentru atitudine necuviincioas&#259; la adresa cadrelor, a avut 8 rapoarte<br \/>\n    de incident, \u00een urma c&#259;rora a primit 6 mustr&#259;ri &#351;i 2 \u201csepar&#259;ri<br \/>\n    de colectiv\u201d. Eliza I. a avut 23 de rapoarte de incident, din care pentru<br \/>\n    13 a fost pedepsit&#259; cu \u201csepararea de colectiv\u201d. V&#259;z\u00e2nd dosarul minorei,<br \/>\n    reprezentan&#355;ii asocia&#355;iei au constatat c&#259; marea parte a celor<br \/>\n    13 sanc&#355;iuni i-a fost aplicat&#259; pentru \u201catitudine necuviincioas&#259;<br \/>\n    &#351;i injurii la adresa cadrelor\u201d, pentru c&#259; a refuzat s&#259; se supun&#259;<br \/>\n    perchezi&#355;iei (av\u00e2nd asupra sa &#355;ig&#259;ri), pentru c&#259; a distrus<br \/>\n    un scaun (5 zile) sau pentru c&#259; ar fi \u201caruncat cu un scaun c&#259;tre<br \/>\n    &#351;efa sec&#355;iei\u201d (\u00een acest caz a fost sesizat inclusiv parchetul).\u00a0\n    <\/p>\n<p>3.5&nbsp; Baza sportiv&#259;<\/p>\n<p>Centrul are dou&#259;<br \/>\n    terenuri de fotbal, precum &#351;i terenuri de baschet, handbal, volei &#351;i<br \/>\n    mese de tenis instalate \u00een aer liber. \u00cen plus, exist&#259; o sal&#259; de<br \/>\n    sport modern&#259; &#351;i cu multiple utilit&#259;&#355;i (se poate juca<br \/>\n    volei, baschet, tenis de c\u00e2mp etc). De pu&#355;in timp, au fost f&#259;cute<br \/>\n    &#351;i alte lucr&#259;ri de modernizare (parchetul a fost \u00eenlocuit cu tartan,<br \/>\n    au fost f&#259;cute noi marcaje &#351;i o nou&#259; tribun&#259;).<\/p>\n<p>La ora vizitei \u00een sal&#259;<br \/>\n    nu erau activit&#259;&#355;i, \u00eens&#259; din discu&#355;iile cu unii minori<br \/>\n    afla&#355;i \u00een curtea Centrului a reie&#351;it c&#259; au asemenea activit&#259;&#355;i<br \/>\n    la sal&#259;, mai ales \u00een timpul orelor de educa&#355;ie fizic&#259;. Reprezentan&#355;ii<br \/>\n    asocia&#355;iei au exprimat opinia c&#259; folosirea la maximum a facilit&#259;&#355;ilor<br \/>\n    deosebite pe care le are sala de sport ar fi de o maxim&#259; utilitate pentru<br \/>\n    ocuparea timpului liber al minorilor dar &#351;i un mijloc foarte bun de dezvoltare<br \/>\n    fizic&#259; &#351;i \u00eent&#259;rire a s&#259;n&#259;t&#259;&#355;ii minorilor.\u00a0\u00a0\n    <\/p>\n<p>4.&nbsp;&nbsp;&nbsp;&nbsp;&nbsp;<br \/>\n    Concluzii<\/p>\n<p>APADOR-CH apreciaz&#259;<br \/>\n    c&#259; \u00een compara&#355;ie cu anii preceden&#355;i, situa&#355;ia din Centrul<br \/>\n    de reeducare a minorilor G&#259;e&#351;ti s-a ameliorat. Faptul acesta a fost<br \/>\n    facilitat de reducerea sensibil&#259; a efectivelor minorilor interna&#355;i<br \/>\n    \u00een Centru. \u00cen anul 1999, de exemplu, aici se aflau peste 500 de minori (inclusiv<br \/>\n    aresta&#355;i preventiv &#351;i condamna&#355;i la pedepse cu \u00eenchisoarea),<br \/>\n    \u00een timp ce \u00een prezent aceste efective num&#259;r&#259; \u00een jur de 120 de persoane.<\/p>\n<p>\u00cembun&#259;t&#259;&#355;irea<br \/>\n    situa&#355;iei din Centru se datoreaz&#259; inclusiv preocup&#259;rii &#351;i<br \/>\n    activit&#259;&#355;ii personalului propriu &#351;i sus&#355;inerii primite<br \/>\n    din partea DGP.<\/p>\n<p>\u00cembun&#259;t&#259;&#355;irea<br \/>\n    condi&#355;iilor de cazare &#351;i preocuparea pentru educa&#355;ia &#351;i<br \/>\n    petrecerea instructiv&#259; &#351;i pl&#259;cut&#259; a timpului minorilor<br \/>\n    sunt pa&#351;i \u00eenainte \u00een compara&#355;ie cu situa&#355;ia din anii anteriori.<br \/>\n    Asocia&#355;ia apreciaz&#259; preocuparea conducerii DGP &#351;i a Centrului<br \/>\n    de a\u00a0 organiza tabere &#351;i excursii pentru minori, precum &#351;i de a<br \/>\n    men&#355;ine contacte permanente \u00eentre ace&#351;tia, pe de o parte, &#351;i<br \/>\n    familiile lor &#351;i \u201csocietatea\u201d (institu&#355;ii cultural-educative, copii<br \/>\n    de v\u00e2rsta lor etc), pe de alt&#259; parte.\u00a0\u00a0\u00a0\u00a0 <\/p>\n<p>APADOR-CH consider&#259;<br \/>\n    totodat&#259; c&#259;:<\/p>\n<p>&#8211;&nbsp;&nbsp;&nbsp;&nbsp;&nbsp;&nbsp;&nbsp;&nbsp;<br \/>\n    de&#351;i mai evoluat&#259; \u00een compara&#355;ie cu anii anteriori, atitudinea<br \/>\n    personalului fa&#355;&#259; de minorii care comit abateri disciplinare este<br \/>\n    \u00een continuare susceptibil&#259; de amelior&#259;ri; \u00een opinia asocia&#355;iei,<br \/>\n    num&#259;rul foarte mare de sanc&#355;iuni aplicate unor minori (13 \u201cizol&#259;ri<br \/>\n    de colectiv\u201d, de exemplu, \u00een cazul minorei Eliza I.) reprezint&#259; un indiciu<br \/>\n    c\u00e2t se poate de serios c&#259; procesul de reeducare din Centru este deficitar;<br \/>\n    se impune ca factorii cu responsabilit&#259;&#355;i educative &#351;i disciplinare<br \/>\n    s&#259; aib&#259; \u00een vedere, \u00een activitatea &#351;i deciziile lor, specificul<br \/>\n    minorilor interna&#355;i \u00een Centru, un specific implic\u00e2nd extrem de multe<br \/>\n    vulnerabilit&#259;&#355;i; v\u00e2rsta minorilor, mediul din care ei provin, traumele<br \/>\n    pe care lipsirea de libertate le-a produs asupra personalit&#259;&#355;ii<br \/>\n    lor etc sunt \u00eemprejur&#259;ri insuficient avute \u00een vedere \u00een judecarea &#351;i<br \/>\n    sanc&#355;ionarea unora din faptele contrare regulamentelor pe care minorii<br \/>\n    le comit; interdic&#355;ia de a fuma, pe care minorii nu au mai avut-o dec\u00e2t<br \/>\n    extrem de formal p\u00e2n&#259; la internare, produce &#351;i ea suficient&#259;<br \/>\n    frustrare &#351;i chiar tulbur&#259;ri comportamentale, care nu pot fi pierdute<br \/>\n    din vedere de responsabilii educativi &#351;i disciplinari; reprezentan&#355;ii<br \/>\n    APADOR-CH au fost integral de acord cu opinia\u00a0 directorului adjunct pentru<br \/>\n    \u00eenv&#259;&#355;&#259;m\u00e2nt potrivit c&#259;reia \u201cradierea de la o recompens&#259;<br \/>\n    (tab&#259;r&#259;, excursie, \u00eenvoire, \u00eent\u00e2lnirea dintre fete &#351;i b&#259;ie&#355;i<br \/>\n    etc) ar putea s&#259; fie mult mai eficient&#259; dec\u00e2t o pedeaps&#259;\u201d;<\/p>\n<p>&#8211;&nbsp;&nbsp;&nbsp;&nbsp;&nbsp;&nbsp;&nbsp;&nbsp;<br \/>\n    de&#351;i de asemenea mai pu&#355;ine ca \u00eenainte, cazurile \u00een care personalul<br \/>\n    are un comportament agresiv fa&#355;&#259; minori nu au disp&#259;rut complet;<br \/>\n    APADOR-CH consider&#259; c&#259; se impune clarificarea cazului lovirii minorului<br \/>\n    Valentin M. de c&#259;tre unul din profesori;<\/p>\n<p>&#8211;&nbsp;&nbsp;&nbsp;&nbsp;&nbsp;&nbsp;&nbsp;&nbsp;<br \/>\n    este nevoie ca la nivelul conducerii Centrului s&#259; se dea o mai mare aten&#355;ie<br \/>\n    calit&#259;&#355;ii m\u00e2nc&#259;rii minorilor, \u00een special introducerii \u00eentregii<br \/>\n    cantit&#259;&#355;i de carne, prev&#259;zut&#259; \u00een documentele contabile,<br \/>\n    \u00een hrana preg&#259;tit&#259; acestora;\u00a0 <\/p>\n<p>&#8211;&nbsp;&nbsp;&nbsp;&nbsp;&nbsp;&nbsp;&nbsp;&nbsp;<br \/>\n    asocia&#355;ia solicit&#259; DGP s&#259; analizeze posibilitatea renun&#355;&#259;rii<br \/>\n    la interdic&#355;ia ca minorii s&#259;-&#351;i \u00eemprumute \u00eentre ei cartelele<br \/>\n    telefonice (experien&#355;a de p\u00e2n&#259; acum arat&#259; c&#259; lipsa unei<br \/>\n    asemenea interdic&#355;ii nu a creat probleme de natur&#259; disciplinar&#259;<br \/>\n    &#351;i de ordine interioar&#259;;<\/p>\n<p>&#8211;&nbsp;&nbsp;&nbsp;&nbsp;&nbsp;&nbsp;&nbsp;&nbsp;<br \/>\n    asocia&#355;ia solicit&#259; DGP s&#259; dea Centrului sus&#355;inerea necesar&#259;<br \/>\n    pentru: achizi&#355;ionarea unui mini-autocar; renovarea, reamenajarea &#351;i<br \/>\n    reutilarea blocului alimentar; ob&#355;inerea a trei noi posturi (eventual<br \/>\n    prin renun&#355;area la trei din posturile actualului stat de organizare)<br \/>\n    &#8211; \u00eenc&#259; un medic generalist, un medic de psihiatrie infanto-juvenil&#259;<br \/>\n    &#351;i \u00eenc&#259; un psiholog;<\/p>\n<p>\u00a0\u00a0 <\/p>\n<p>Diana-Olivia C&#259;linescu\u00a0\u00a0\u00a0\u00a0\u00a0\u00a0\u00a0\u00a0\u00a0\u00a0\u00a0\u00a0\u00a0\u00a0\u00a0\u00a0\u00a0\u00a0\u00a0\u00a0\u00a0\u00a0\u00a0\u00a0\u00a0\u00a0\u00a0\u00a0\u00a0\u00a0\u00a0\u00a0\u00a0\u00a0\u00a0\u00a0\u00a0\u00a0\u00a0\u00a0\u00a0\u00a0\u00a0\u00a0\u00a0\u00a0\u00a0\u00a0\u00a0\u00a0\u00a0\u00a0\u00a0\u00a0\u00a0\u00a0\u00a0\u00a0\u00a0\u00a0\u00a0\u00a0\u00a0\u00a0\u00a0\u00a0\u00a0\u00a0\u00a0\u00a0\u00a0\u00a0\u00a0<br \/>\n    Valerian Stan<\/p>\n<p><\/p>","protected":false},"excerpt":{"rendered":"<p>\u00cen ziua de 9 octombrie 2003, doi reprezentan&#355;i ai APADOR-CH au vizitat Centrul de reeducare pentru minori G&#259;e&#351;ti.<\/p>\n","protected":false},"author":2,"featured_media":0,"comment_status":"closed","ping_status":"open","sticky":false,"template":"","format":"standard","meta":{"footnotes":""},"categories":[15],"tags":[],"class_list":["post-1902","post","type-post","status-publish","format-standard","hentry","category-monitorizarea-conditiilor-de-detentie-penitenciare"],"_links":{"self":[{"href":"https:\/\/apador.org\/en\/wp-json\/wp\/v2\/posts\/1902","targetHints":{"allow":["GET"]}}],"collection":[{"href":"https:\/\/apador.org\/en\/wp-json\/wp\/v2\/posts"}],"about":[{"href":"https:\/\/apador.org\/en\/wp-json\/wp\/v2\/types\/post"}],"author":[{"embeddable":true,"href":"https:\/\/apador.org\/en\/wp-json\/wp\/v2\/users\/2"}],"replies":[{"embeddable":true,"href":"https:\/\/apador.org\/en\/wp-json\/wp\/v2\/comments?post=1902"}],"version-history":[{"count":0,"href":"https:\/\/apador.org\/en\/wp-json\/wp\/v2\/posts\/1902\/revisions"}],"wp:attachment":[{"href":"https:\/\/apador.org\/en\/wp-json\/wp\/v2\/media?parent=1902"}],"wp:term":[{"taxonomy":"category","embeddable":true,"href":"https:\/\/apador.org\/en\/wp-json\/wp\/v2\/categories?post=1902"},{"taxonomy":"post_tag","embeddable":true,"href":"https:\/\/apador.org\/en\/wp-json\/wp\/v2\/tags?post=1902"}],"curies":[{"name":"wp","href":"https:\/\/api.w.org\/{rel}","templated":true}]}}