{"id":1904,"date":"2003-09-01T00:00:00","date_gmt":"2003-09-01T00:00:00","guid":{"rendered":"http:\/\/www.apador.org\/seamus\/raport-asupra-cazului-dan-bejinaru\/"},"modified":"2003-09-01T00:00:00","modified_gmt":"2003-09-01T00:00:00","slug":"raport-asupra-cazului-dan-bejinaru","status":"publish","type":"post","link":"https:\/\/apador.org\/en\/raport-asupra-cazului-dan-bejinaru\/","title":{"rendered":"Raport asupra cazului Dan Bejinaru"},"content":{"rendered":"<p class=\"qtranxs-available-languages-message qtranxs-available-languages-message-en\">Sorry, this entry is only available in <a href=\"https:\/\/apador.org\/ro\/wp-json\/wp\/v2\/posts\/1904\" class=\"qtranxs-available-language-link qtranxs-available-language-link-ro\" title=\"Rom\u00e2n\u0103\">Rom\u00e2n\u0103<\/a>. For the sake of viewer convenience, the content is shown below in the alternative language. You may click the link to switch the active language.<\/p><p><\/p>\n<p>Ca urmare a sesiz&#259;rilor<br \/>\n    venite din partea familiei de&#355;inutul Dan Bejinaru, potrivit c&#259;rora<br \/>\n    acesta a fost b&#259;tut de c&#259;tre trupele de intreven&#355;ie din penitenciar<br \/>\n    \u00een ziua de 25 septembrie 2003, urmele acestor agresiuni put\u00e2nd fi constatate<br \/>\n    de mama de&#355;inutului cu ocazia vizitei din accea&#351;i zi, doi reprezentan&#355;i<br \/>\n    ai APADOR-CH s-au deplasat la Penitenciarul de maxim&#259; siguran&#355;&#259;<br \/>\n    Rahova pe data de 1 octombrie 2003.<\/p>\n<p>La penitenciar, reprezentan&#355;ii<br \/>\n    APADOR-CH au purtat discu&#355;ii at\u00e2t cu de&#355;inutul, c\u00e2t &#351;i cu conducerea<br \/>\n    penitenciarului.<\/p>\n<p>Potrivit spuselor lui<br \/>\n    Dan Bejinaru, \u00een ziua de 25 septembrie 2003, acesta s-a deplasat la instan&#355;&#259;<br \/>\n    \u00eembr&#259;cat \u00eentr-o &#355;inut&#259; \u00eemprumutat&#259; de la un coleg. La<br \/>\n    \u00eentoarcerea \u00een penitenciar, \u00een punctul de primire al de&#355;inu&#355;ilor,<br \/>\n    domnul c&#259;pitan Puiu, ofi&#355;er de serviciu \u00een acea zi, i-a solicitat<br \/>\n    de&#355;inutului s&#259; predea &#355;inuta cu care era \u00eembr&#259;cat &#351;i<br \/>\n    s&#259; \u00eembrace o alta, ar&#259;t\u00e2nd mult mai r&#259;u dec\u00e2t cea pe care de&#355;inutul<br \/>\n    o avea pe el. Dan Bejinaru a refuzat, motiv\u00e2nd c&#259; &#355;inuta de instan&#355;&#259;<br \/>\n    apar&#355;ine unui coleg. Drept urmare, cpt. Puiu a chemat grupa de interven&#355;ie<br \/>\n    format&#259; din doi indivizi masca&#355;i, care au \u00eenceput s&#259;-l loveasca<br \/>\n    cu picioarele &#351;i pumnii, dezb&#259;c\u00e2ndu-l for&#355;at de &#355;inuta<br \/>\n    de instan&#355;&#259;. La aproximativ o jum&#259;tate de or&#259; dup&#259;<br \/>\n    acest incident, \u00een timp ce se afla \u00een continuare \u00een punctul de primire al<br \/>\n    de&#355;inu&#355;ilor, Dan Bejinaru a fost pus de c&#259;tre cpt. Puiu s&#259;<br \/>\n    dea o declara&#355;ie prin care s&#259; recunoasc&#259; faptul c&#259; a refuzat<br \/>\n    s&#259; execute ordinele cadrelor. Urmare a refuzului de a da o asemenea declara&#355;ie,<br \/>\n    de&#355;inutul a fost din nou b&#259;tut. La scurt timp dup&#259; ce a fost<br \/>\n    dus \u00een sec&#355;ia de de&#355;inere, Dan Bejinaru a fost chemat la vorbitor,<br \/>\n    primind vizita mamei sale.<\/p>\n<p>Reprezentan&#355;ii APADOR-CH<br \/>\n    au putut constata pe corpul de&#355;inutul echimoze mai vechi, \u00een zona toracelui<br \/>\n    &#351;i pe bra&#355;ul st\u00e2ng.<\/p>\n<p>A doua zi, Dan Bejinaru<br \/>\n    a solicitat s&#259; fie dus la cabinetul medical, pentru a primi \u00eengrijirile<br \/>\n    necesare. Asistenta de la cabinetul medical a solicitat ajutorul doamnei doctor<br \/>\n    Matei, care a consemnat \u00een fi&#351;a medical&#259; rezultatele examenului<br \/>\n    clinic (ata&#351;&#259;m fotocopia fi&#351;ei medicale): dou&#259; echimoze<br \/>\n    pe toracele anterior de aprox. 3\/3 cm, echimoz&#259; bra&#355; st\u00e2ng &#351;i<br \/>\n    edem la nivelul articula&#355;iei cotului cu mobilitate p&#259;strat&#259;,<br \/>\n    echimoz&#259; facial&#259; pomet drept postagresiune (afirma&#355;ie). De&#355;inutului<br \/>\n    i-a fost recomandat tratament antiinflamator &#351;i antialgic. Reprezentan&#355;ii<br \/>\n    APADOR-CH au discutat cu dr Matei, care a sus&#355;inut cele consemnate \u00een<br \/>\n    fi&#351;a medical&#259;. <\/p>\n<p>Reprezentan&#355;ii APADOR-CH<br \/>\n    au discutat &#351;i cu conducerea penitenciarului, doamna directoare explic\u00e2nd<br \/>\n    c&#259; de&#355;inu&#355;ii nu dispun de &#355;inute de instan&#355;&#259;<br \/>\n    \u00een camere. Ei le primesc \u00een punctul de primire de&#355;inu&#355;i atunci c\u00e2nd<br \/>\n    p&#259;r&#259;sesc penitenciarul &#351;i sunt obliga&#355;i s&#259; le returneze<br \/>\n    la \u00eentoarcere. \u00cen consecin&#355;&#259;, sus&#355;inerile de&#355;inutului<br \/>\n    Dan Bejinaru, potrivit c&#259;rora &#355;inuta apar&#355;inea unui coleg de<br \/>\n    camera &#351;i de aceea a refuzat s&#259; o \u00eenapoieze, nu au cum s&#259; fie<br \/>\n    adev&#259;rate.<\/p>\n<p>Doamna directoare a comunicat<br \/>\n    reprezantan&#355;ilor APADOR-CH c&#259;, \u00een urma sesiz&#259;rilor venite din<br \/>\n    partea mamei de&#355;inutului, a declan&#351;at o anchet&#259; pentru a stabili<br \/>\n    circumstan&#355;ele incidentului. \u00cen cadrul acestei anchete, au fost luate<br \/>\n    declara&#355;ii cpt Puiu (\u00een data de 30 septembrie 2003) &#351;i pm M&#259;trescu<br \/>\n    Gigel, responsabilul cu gestiunea &#355;inutelor (\u00een data de 1 octombrie 2003).<br \/>\n    Declara&#355;iile au fost puse la dispozi&#355;ia reprezentan&#355;ilor asocia&#355;iei.<br \/>\n    Din declara&#355;ia lui M&#259;trescu Gigel rezulta c&#259; nu a fost prezent<br \/>\n    la momentul c\u00e2nd de&#355;inutul sus&#355;ine c&#259; a fost b&#259;tut de<br \/>\n    cadre, ci doar anterior acestui moment. Pm M&#259;trescu a confirmat faptul<br \/>\n    c&#259; Dan Bejinaru a refuzat s&#259; predea &#355;inuta de insta&#355;&#259;<br \/>\n    atunci c\u00e2nd acest lucru i-a fost solicitat de c&#259;tre cpt. Puiu &#351;i<br \/>\n    a sus&#355;inut c&#259; dup&#259; acest moment de&#355;inutul a devenit agresiv,<br \/>\n    iar el a p&#259;r&#259;sit camera (confirm\u00e2nd prezen&#355;a militarilor din<br \/>\n    grupa de interven&#355;ie la fa&#355;a locului). Cpt. Puiu sus&#355;ine c&#259;<br \/>\n    dup&#259; ce nu a vrut s&#259; predea &#355;inuta, de&#355;inutul s-a dezbr&#259;cat,<br \/>\n    refuz\u00e2nd s&#259; mai \u00eembrace &#355;inuta de peniteciar &#351;i devenind agresiv,<br \/>\n    cu tendin&#355;e de autoagresare. Drept urmare a chemat grupa de interven&#355;ie,<br \/>\n    care nu ar fi f&#259;cut altceva dec\u00e2t s&#259; \u00eel imobilizeze, echimozele<br \/>\n    fiind rezultatul autoagres&#259;rii de&#355;inutului.<\/p>\n<p>Din constat&#259;rile<br \/>\n    reprezentan&#355;ilor asocia&#355;iei a rezultat c&#259; exist&#259; motive<br \/>\n    \u00eentemeiate de a b&#259;nui c&#259; de&#355;inutul Dan Bejinaru a fost b&#259;tut<br \/>\n    de c&#259;tre cadrele penitenciarului. Este greu de crezut c&#259; echimozele<br \/>\n    pe care le prezenta de&#355;inutul sunt rezultatul autoagresiunii. Indiferent<br \/>\n    dac&#259; &#355;inuta de instan&#355;&#259; trebuia sau nu predat&#259; \u00een<br \/>\n    punctul de primire de&#355;inu&#355;i, refuzul lui Dan Bejinaru nu justific&#259;<br \/>\n    agresiunea comis&#259; asupra lui de c&#259;tre militarii grupei de interven&#355;ie,<br \/>\n    chema&#355;i la locul incidentului de cpt Puiu (\u00een declara&#355;ia sa ofi&#355;erul<br \/>\n    a sus&#355;inut c&#259; militarii respectivi s-ar fi aflat \u00eent\u00e2mpl&#259;tor<br \/>\n    la locul incidentului). <\/p>\n<p>\u00cen consecin&#355;&#259;,<br \/>\n    APADOR-CH consider&#259; c&#259; se impune o anchet&#259; care s&#259; stabileasc&#259;<br \/>\n    cu exactitate persoanele responsabile de agresarea de&#355;inutului, precum<br \/>\n    &#351;i, \u00een concret, gradul de vinov&#259;&#355;ie a acestora.<\/p>\n<p>APADOR-CH solicit&#259;<br \/>\n    Parchetul Militar Bucure&#351;ti s&#259; considere prezentul raport drept<br \/>\n    act de sesizare \u00een vederea declan&#351;&#259;rii cercet&#259;rii penale \u00eempotriva<br \/>\n    celor vinova&#355;i de agresarea de&#355;inutului Dan Bejinaru.<\/p>\n<p>Diana-Olivia C&#259;linescu\u00a0\u00a0\u00a0\u00a0\u00a0\u00a0\u00a0\u00a0\u00a0\u00a0\u00a0\u00a0\u00a0\u00a0\u00a0\u00a0\u00a0\u00a0\u00a0\u00a0\u00a0\u00a0\u00a0\u00a0\u00a0\u00a0\u00a0\u00a0\u00a0\u00a0\u00a0\u00a0\u00a0\u00a0\u00a0\u00a0\u00a0\u00a0\u00a0\u00a0\u00a0\u00a0\u00a0\u00a0\u00a0\u00a0\u00a0\u00a0\u00a0\u00a0\u00a0\u00a0\u00a0\u00a0\u00a0\u00a0\u00a0\u00a0\u00a0\u00a0\u00a0\u00a0\u00a0\u00a0\u00a0\u00a0\u00a0\u00a0\u00a0<br \/>\n    \u00a0\u00a0\u00a0\u00a0\u00a0\u00a0\u00a0\u00a0\u00a0\u00a0\u00a0\u00a0\u00a0\u00a0\u00a0 Valerian Stan<\/p>\n<p><\/p>","protected":false},"excerpt":{"rendered":"<p>Ca urmare a sesiz&#259;rilor venite din partea familiei de&#355;inutul Dan Bejinaru, potrivit c&#259;rora acesta a fost b&#259;tut de c&#259;tre trupele de intreven&#355;ie din penitenciar \u00een ziua de 25 septembrie 2003, urmele acestor agresiuni put\u00e2nd fi constatate de mama de&#355;inutului cu ocazia vizitei din accea&#351;i zi, doi reprezentan&#355;i ai APADOR-CH s-au deplasat la Penitenciarul de maxim&#259; siguran&#355;&#259; Rahova<\/p>\n","protected":false},"author":2,"featured_media":0,"comment_status":"closed","ping_status":"open","sticky":false,"template":"","format":"standard","meta":{"footnotes":""},"categories":[15],"tags":[],"class_list":["post-1904","post","type-post","status-publish","format-standard","hentry","category-monitorizarea-conditiilor-de-detentie-penitenciare"],"_links":{"self":[{"href":"https:\/\/apador.org\/en\/wp-json\/wp\/v2\/posts\/1904","targetHints":{"allow":["GET"]}}],"collection":[{"href":"https:\/\/apador.org\/en\/wp-json\/wp\/v2\/posts"}],"about":[{"href":"https:\/\/apador.org\/en\/wp-json\/wp\/v2\/types\/post"}],"author":[{"embeddable":true,"href":"https:\/\/apador.org\/en\/wp-json\/wp\/v2\/users\/2"}],"replies":[{"embeddable":true,"href":"https:\/\/apador.org\/en\/wp-json\/wp\/v2\/comments?post=1904"}],"version-history":[{"count":0,"href":"https:\/\/apador.org\/en\/wp-json\/wp\/v2\/posts\/1904\/revisions"}],"wp:attachment":[{"href":"https:\/\/apador.org\/en\/wp-json\/wp\/v2\/media?parent=1904"}],"wp:term":[{"taxonomy":"category","embeddable":true,"href":"https:\/\/apador.org\/en\/wp-json\/wp\/v2\/categories?post=1904"},{"taxonomy":"post_tag","embeddable":true,"href":"https:\/\/apador.org\/en\/wp-json\/wp\/v2\/tags?post=1904"}],"curies":[{"name":"wp","href":"https:\/\/api.w.org\/{rel}","templated":true}]}}