{"id":1908,"date":"2003-04-15T00:00:00","date_gmt":"2003-04-15T00:00:00","guid":{"rendered":"http:\/\/www.apador.org\/seamus\/raport-asupra-vizitei-la-penitenciarul-bucureti-jilava\/"},"modified":"2003-04-15T00:00:00","modified_gmt":"2003-04-15T00:00:00","slug":"raport-asupra-vizitei-la-penitenciarul-bucureti-jilava","status":"publish","type":"post","link":"https:\/\/apador.org\/en\/raport-asupra-vizitei-la-penitenciarul-bucureti-jilava\/","title":{"rendered":"Raport asupra vizitei la penitenciarul Bucure&#351;ti \u2013 Jilava"},"content":{"rendered":"<p class=\"qtranxs-available-languages-message qtranxs-available-languages-message-en\">Sorry, this entry is only available in <a href=\"https:\/\/apador.org\/ro\/wp-json\/wp\/v2\/posts\/1908\" class=\"qtranxs-available-language-link qtranxs-available-language-link-ro\" title=\"Rom\u00e2n\u0103\">Rom\u00e2n\u0103<\/a>. For the sake of viewer convenience, the content is shown below in the alternative language. You may click the link to switch the active language.<\/p><p><\/p>\n<p>\u00cen ziua de 15 aprilie 2003,<br \/>\n    trei reprezentan&#355;i ai APADOR-CH au vizitat penitenciarul Bucure&#351;ti<br \/>\n    \u2013 Jilava.<\/p>\n<p>&nbsp;1.&nbsp;&nbsp;&nbsp;&nbsp;&nbsp;<br \/>\n    Aspecte generale<\/p>\n<p>&nbsp;La<br \/>\n    data vizitei, \u00een penitenciar erau caza&#355;i 3.187 de de&#355;inu&#355;i<br \/>\n    \u00een 2.551 de paturi, unitatea fiind \u00een continuare una dintre cele mai aglomerate<br \/>\n    din \u00eentreg sistemul penitenciar. O situa&#355;ie destul de dificil&#259; este<br \/>\n    &#351;i aceea a raportului dintre num&#259;rul cadrelor de la \u201doperativ\u201d &#351;i<br \/>\n    cel al de&#355;inu&#355;ilor, de circa 1\/30. La munc&#259; erau folosi&#355;i<br \/>\n    490 de de&#355;inu&#355;i \u2013 127 \u00een agricultur&#259; (la Vidra &#351;i \u201cLeoser\u201d),<br \/>\n    13 la \u201cSitaco\u201d, 30 la lucr&#259;rile \u00een curs de la Palatul Justi&#355;iei<br \/>\n    iar ceilal&#355;i, \u00een interior, la deservire.<\/p>\n<p>&nbsp;Din<br \/>\n    cauza insuficien&#355;ei fondurilor, unitatea nu a putut \u00eencepe lucr&#259;rile<br \/>\n    de reabilitare a spa&#355;iilor de cazare &#351;i a instala&#355;iilor sanitare.<br \/>\n    Problema mai veche a calit&#259;&#355;ii apei potabile a fost doar par&#355;ial<br \/>\n    rezolvat&#259; \u00een sensul c&#259; s-a reu&#351;it \u00eenlocuirea numai a conductelor<br \/>\n    de ap&#259; de la pu&#355;uri &#351;i p\u00e2n&#259; la cl&#259;diri, &#351;i nu<br \/>\n    &#351;i cele din cl&#259;diri.<\/p>\n<p>&nbsp;Potrivit<br \/>\n    reprezentan&#355;ilor unit&#259;&#355;ii, s-a renun&#355;at complet la folosirea<br \/>\n    lan&#355;urilor pentru imobilizarea de&#355;inu&#355;ilor, cu excep&#355;ia<br \/>\n    cazului de&#355;inutului grec Passaris, inculpat \u00eentr-un\u00a0 caz de omor deosebit<br \/>\n    de grav &#351;i considerat de penitenciar deosebit de periculos. Reprezentan&#355;ii<br \/>\n    asocia&#355;iei au fost de p&#259;rere c&#259; se impune renun&#355;area &#351;i<br \/>\n    \u00een acest caz la utilizarea lan&#355;urilor, \u00een special pentru c&#259; acest<br \/>\n    mijloc de imobilizare este interzis necondi&#355;ionat at\u00e2t prin normele ONU<br \/>\n    c\u00e2t &#351;i prin cele europene \u00een materie penitenciar&#259;. O alt&#259; practic&#259;<br \/>\n    la care reprezentan&#355;ii APADOR-CH au cerut s&#259; se renun&#355;e este<br \/>\n    aceea a sanc&#355;ion&#259;rii de&#355;inu&#355;ilor (aten&#355;ionarea, urmat&#259;<br \/>\n    de mustrare &#351;i apoi de suspendarea dreptului la pachet) care nu vor s&#259;<br \/>\n    ias&#259; la plimbarea zilnic&#259;, mai ales cu argumentul c&#259; plimbarea<br \/>\n    zilnic&#259; este un drept, &#351;i nu o obliga&#355;ie a de&#355;inu&#355;ilor.<br \/>\n    Cadre din conducerea unit&#259;&#355;ii au r&#259;spuns c&#259; ie&#351;irea<br \/>\n    la plimbare ar fi comparabil&#259; cu obligativitatea \u00eemb&#259;ierii s&#259;pt&#259;m\u00e2nale<br \/>\n    a de&#355;inu&#355;ilor, o m&#259;sur&#259; de asemenea menit&#259; s&#259;<br \/>\n    men&#355;in&#259; s&#259;n&#259;tatea de&#355;inu&#355;ilor. \u00cen opinia asocia&#355;iei<br \/>\n    o asemenea compara&#355;ie nu este potrivit&#259; deoarece dac&#259; \u00een cazul<br \/>\n    refuzului unui de&#355;inut de a face baie poate fi afectat&#259; starea igienico<br \/>\n    \u2013 sanitar&#259; a de&#355;inu&#355;ilor din colectivul respectivului de&#355;inut,<br \/>\n    \u00een cazul neie&#351;irii la plimbare o asemenea problem&#259; este evident<br \/>\n    c&#259; nu se ridic&#259;.<\/p>\n<p>&nbsp;Sunt<br \/>\n    cazuri \u00een care de&#355;inu&#355;ii care \u201ccontribuie cu informa&#355;ii\u201d privind<br \/>\n    siguran&#355;a, ordinea &#351;i disciplina din penitenciar beneficiaz&#259;<br \/>\n    de zile deduse din durata pedepsei. De&#351;i o asemenea practic&#259; este<br \/>\n    permis&#259; prin ordinele care reglementeaz&#259; drepturile de&#355;inu&#355;ilor,<br \/>\n    reprezentan&#355;ii asocia&#355;iei au fost de p&#259;rere c&#259; ea \u00eencurajeaz&#259;<br \/>\n    dela&#355;iunea &#351;i poate s&#259; aib&#259; consecin&#355;e dramatice,<br \/>\n    de&#355;inu&#355;ii denun&#355;a&#355;i put\u00e2ndu-se r&#259;zbuna pe denun&#355;&#259;torii<br \/>\n    lor. <\/p>\n<p>&nbsp;Perchezi&#355;iile<br \/>\n    \u00een camere au loc s&#259;pt&#259;m\u00e2nal \u00een cazul de&#355;inu&#355;ilor considera&#355;i<br \/>\n    periculo&#351;i &#351;i lunar \u00een cazul celorlal&#355;i (&#351;i, \u00een ambele<br \/>\n    cazuri, \u201cori de c\u00e2te ori este necesar\u201d).<\/p>\n<p>&nbsp;To&#355;i<br \/>\n    de&#355;inu&#355;ii sunt obliga&#355;i s&#259; poarte, \u00een toate situa&#355;iile,<br \/>\n    &#355;inuta pus&#259; la dispozi&#355;ie de penitenciar. Prin profilul s&#259;u,<br \/>\n    penitenciarul este \u201cde preven&#355;ie &#351;i tranzit\u201d, ceea ce \u00eenseamn&#259;<br \/>\n    c&#259; cei mai mul&#355;i de&#355;inu&#355;i nu au condamn&#259;ri definitive.<br \/>\n    \u00cen aceste condi&#355;ii, potrivit normele europene &#351;i ONU \u00een materie,<br \/>\n    de&#355;inu&#355;ilor trebuie s&#259; li se asigure dreptul s&#259; poarte<br \/>\n    hainele proprii.\u00a0\u00a0\u00a0 <\/p>\n<p>&nbsp;&nbsp;<\/p>\n<p>2.&nbsp;&nbsp;&nbsp;&nbsp;&nbsp;<br \/>\n    Vizita \u00een penitenciar<\/p>\n<p>&nbsp;2.1&nbsp;<br \/>\n    Blocul alimentar<\/p>\n<p>&nbsp;\u00cen<br \/>\n    interior, mai ales \u00een buc&#259;t&#259;rie, starea blocului alimentar este<br \/>\n    deplorabil&#259;, \u00een special din cauza mucegaiului &#351;i a condensului de<br \/>\n    pe pere&#355;i. O sigur&#259; \u00eenc&#259;pere ar&#259;ta bine, fiind zugr&#259;vit&#259;<br \/>\n    recent, cea cu plitele pentru g&#259;tit. <\/p>\n<p>&nbsp;Pentru<br \/>\n    masa de pr\u00e2nz se g&#259;tise ciorb&#259; de zarzavat &#351;i tocan&#259; de<br \/>\n    cartofi cu sl&#259;nin&#259;. Pentru diabetici se preg&#259;tiser&#259; 20<br \/>\n    de por&#355;ii (\u201ccarnea\u201d din aceste por&#355;ii era mai mult coaste &#351;i<br \/>\n    gr&#259;sime) iar pentru bolnavii de TBC, 78 de por&#355;ii. Diminea&#355;&#259;<br \/>\n    se servise ceai, biscui&#355;i &#351;i margarin&#259;, la comun, &#351;i lapte,<br \/>\n    p\u00e2ine, margarin&#259; &#351;i c\u00e2te un ou la trei zile pentru diabetici. Seara<br \/>\n    urma s&#259; se serveasc&#259; paste cu br\u00e2nz&#259;. Pentru masa de pr\u00e2nz<br \/>\n    se folosiser&#259; 193 kg de de sl&#259;nin&#259; &#351;i 35 kg de carne de<br \/>\n    porc. Cei 15 de&#355;inu&#355;i musulmani primesc exact aceea&#351;i m\u00e2ncare<br \/>\n    dar f&#259;r&#259; sl&#259;nin&#259;. Ei primesc carne de vit&#259; foarte<br \/>\n    rar &#351;i numai dac&#259; este prev&#259;zut&#259; \u00een meniul general.<\/p>\n<p>&nbsp;\u00cen<br \/>\n    sala de cur&#259;&#355;at zarzavat, sp&#259;larea cartofilor se f&#259;cea<br \/>\n    \u00een trei bazine mari de piatr&#259;, vechi &#351;i deteriorate. <\/p>\n<p>&nbsp;2.2<br \/>\n    Cabinetul medical<\/p>\n<p>&nbsp;\u00cen<br \/>\n    luna ianuarie 2003, doi dintre de&#355;inu&#355;ii unit\u00e2&#355;ii au decedat.<br \/>\n    La data de 10 ianuarie, \u00een jurul orei 6 diminea&#355;a, de&#355;inutul Constantin<br \/>\n    Ristea a ie&#351;it la cabinet pl\u00e2ng\u00e2ndu-se c&#259; tu&#351;e&#351;te &#351;i<br \/>\n    c&#259; \u00eel ustur&#259; g\u00e2tul. La ora 6.30 a fost v&#259;zut de asistenta medical&#259;<br \/>\n    de serviciu, dup&#259; care a fost dus din nou \u00een camer&#259;, de unde a revenit<br \/>\n    \u00een jurul orei 7, odat&#259; cu prezentarea la serviciu a medicului. La pu&#355;in<br \/>\n    timp dup&#259; intrarea \u00een cabinet, de&#355;inutul a c&#259;zut din picioare<br \/>\n    &#351;i a decedat. La data vizitei reprezentan&#355;ilor asocia&#355;iei,<br \/>\n    unitatea \u00eenc&#259; nu primise certificatul de autopsie, &#351;tiindu-se doar<br \/>\n    c&#259; este posibil ca decesul s&#259; fi survenit din cauza unei insuficien&#355;e<br \/>\n    cardiace. Constantin Ristea nu era cunoscut cu antecedente de ordin medical,<br \/>\n    singura men&#355;iune de acest fel &#8211; un \u201castm bron&#351;ic\u201d \u2013 fiind f&#259;cut&#259;<br \/>\n    \u00een dosarul medical al de&#355;inutului de c&#259;tre serviciul medical al<br \/>\n    sec&#355;iei de poli&#355;ie de la care venise. \u00cen aceste condi&#355;ii, reprezentan&#355;ii<br \/>\n    APADOR-CH au fost surprin&#351;i de decesul fulger&#259;tor al lui Constantin<br \/>\n    Ristea, cu at\u00e2t mai mult cu c\u00e2t ei aveau informa&#355;ii anterioare c&#259;<br \/>\n    de&#355;inutul fusese b&#259;tut de cadre chiar \u00een noaptea decesului. Asocia&#355;ia<br \/>\n    a&#351;teapt&#259; s&#259; primeasc&#259; de la penitenciar o copie de pe<br \/>\n    certificatul de autopsie. Cel de-al doilea caz \u2013 de&#355;inutul Ion Dragomirescu<br \/>\n    a decedat la data de 25 ianuarie, la spitalul penitenciar Bucure&#351;ti \u2013<br \/>\n    Jilava, suferind de ischemie coronarian&#259;, hipertensiune arterial&#259;<br \/>\n    \u00een form&#259; medie &#351;i sechele TBC.\u00a0\u00a0 <\/p>\n<p>&nbsp;\u00cen<br \/>\n    unitate se afl&#259; 5 de&#355;inu&#355;i bolnavi de SIDA, \u00een tratament (3<br \/>\n    dintre ei sunt interna&#355;i \u00een infirmerie), venind \u00een acest penitenciar<br \/>\n    dup&#259; externarea din sec&#355;ia de boli infec&#355;ioase a spitalului<br \/>\n    penitenciar Bucure&#351;ti \u2013 Jilava.<\/p>\n<p>&nbsp;Personalul<br \/>\n    medical este format din 6 medici (la data vizitei 2 se aflau \u00een concediu medical)<br \/>\n    &#351;i 10 asisten&#355;i medicali. \u00cen programul zilnic de consulta&#355;ii,<br \/>\n    de la 9 la 14.30, un medic vede \u00een jur de 100 de de&#355;inu&#355;i. De subliniat<br \/>\n    este faptul c&#259; cei 6 medici se ocup&#259; exclusiv de de&#355;inu&#355;i,<br \/>\n    pentru cadre exist\u00e2nd cabinet &#351;i personal medical complet separat.<\/p>\n<p>&nbsp;\u00cen<br \/>\n    camera 418 de la infirmerie se aflau 8 de&#355;inu&#355;i (erau 12 paturi).<br \/>\n    Aici erau interna&#355;i &#351;i cei 3 bolnavi de SIDA, care sunt inclu&#351;i<br \/>\n    \u00een programul na&#355;ional anti SIDA coordonat de Ministerul S&#259;n&#259;t&#259;&#355;ii.<br \/>\n    Unul dintre ei ( M.P.), venit de la spitalul penitenciar Bucure&#351;ti \u2013<br \/>\n    Jilava &#351;i care se afla \u00een infirmerie de dou&#259; s&#259;pt&#259;m\u00e2ni,<br \/>\n    s-a pl\u00e2ns c&#259; de circa cinci luni are o \u201cinfec&#355;ie la ureche\u201d (\u201cotit&#259;<br \/>\n    cronic&#259;\u201d, a precizat medicul prezent) &#351;i c&#259; nu este trimis<br \/>\n    la spital pentru tratament. Un alt de&#355;inut bolnav de SIDA (R.) fusese<br \/>\n    recent operat de apendicit&#259;. El s-a pl\u00e2ns de m\u00e2ncarea proast&#259; &#351;i<br \/>\n    insuficient&#259; (este inclus la regimul alimentar pentru TBC), de faptul<br \/>\n    c&#259; nu au televizor, c&#259; nu exist&#259; m&#259;car o carpet&#259;<br \/>\n    pe pardoseala de ciment, c&#259; abia se pot sp&#259;la cu ap&#259; rece.<\/p>\n<p>&nbsp;Marin<br \/>\n    Tomulescu a fost operat de arterit&#259; la ambele picioare, mai mult de jum&#259;tate<br \/>\n    din labe fiindu-i amputate. Ar avea nevoie de \u00eenso&#355;itor pentru c&#259;<br \/>\n    se deplaseaz&#259; extrem de greu. \u00cen plus, boala a \u00eenceput s&#259;-i afecteze<br \/>\n    &#351;i m\u00e2inile. Din pedeapsa de 22 de ani a executat deja 15. A f&#259;cut<br \/>\n    cerere de \u00eentrerupere pe motiv de boal&#259; dar IML a stabilit c&#259; poate<br \/>\n    fi tratat \u00een sistemul penitenciar. Dup&#259; spusele de&#355;inutului, nu<br \/>\n    prime&#351;te dec\u00e2t pentoxifilin&#259; &#351;i aspirin&#259;, ceea ce este<br \/>\n    complet ineficient.<\/p>\n<p>&nbsp;Ion<br \/>\n    Cioc\u00e2rlan era internat cu paraplegie, \u00een urma unei c&#259;deri de la \u00een&#259;l&#355;ime.<br \/>\n    El s-a pl\u00e2ns c&#259; a fost \u201cplimbat\u201d \u00eentre spitalele penitenciar Coliba&#351;i<br \/>\n    &#351;i Jilava, f&#259;r&#259; ca starea s&#259;n&#259;t&#259;&#355;ii sale<br \/>\n    s&#259; se amelioreze \u00een vreun fel. \u00cen urma cererii de \u00eentrerupere a execut&#259;rii<br \/>\n    pedepsei pe motive medicale, la data de 4 aprilie a.c. avusese termen, la<br \/>\n    Judec&#259;toria Sectorului 1, \u00eens&#259; judecata s-a am\u00e2nat \u00eentruc\u00e2t expertiza<br \/>\n    IML nu ajunsese \u00eenc&#259; (\u00een dosarul s&#259;u medical era consemnat c&#259;<br \/>\n    respectiva expertiz&#259; fusese \u201c\u00eencheiat&#259;\u201d la data de 27 martie a.c.).\n    <\/p>\n<p>&nbsp;Reprezentan&#355;ii<br \/>\n    asocia&#355;iei au re&#355;inut faptul c&#259; pentru bolnavii de SIDA nu<br \/>\n    exist&#259; norme specifice de hr&#259;nire, ceea ce are consecin&#355;e negative<br \/>\n    asupra tratamentului de care trebuie s&#259; beneficieze aceast&#259; categorie<br \/>\n    de bolnavi. Medicamentele care li se dau \u2013 crixivan &#351;i canbivin \u2013 sunt<br \/>\n    extrem de puternice &#351;i le cauzeaz&#259; st&#259;ri de sl&#259;biciune<br \/>\n    &#351;i ame&#355;eal&#259;.<\/p>\n<p>&nbsp;Grupul<br \/>\n    sanitar avea dou&#259; \u00eenc&#259;peri foarte str\u00e2mte \u2013 una, cu un WC turcesc<br \/>\n    &#351;i o chiuvet&#259; iar cealalt&#259; cu un jgheab din beton cu 2 robinete.<br \/>\n    Ap&#259; cald&#259; exist&#259; de regul&#259; \u00een zilele de luni, miercuri<br \/>\n    &#351;i joi \u00eens&#259; \u00een lipsa unui du&#351; de&#355;inu&#355;ii sunt nevoi&#355;i<br \/>\n    s&#259; se spele cu un furtun din cauciuc. \u00cen camer&#259; nu exista nici televizor,<br \/>\n    nici aparat de radio.<\/p>\n<p>&nbsp;De&#355;inu&#355;ii<br \/>\n    interna&#355;i \u00een infirmerie s-au declarat mul&#355;umi&#355;i de grija cu<br \/>\n    care sunt trata&#355;i de personalul medical, de doamna doctor \u00een special,<br \/>\n    dar consider&#259; c&#259; locul lor ar fi \u00een spitale de specialitate.<\/p>\n<p>&nbsp;2.3<br \/>\n    Camerele de deten&#355;ie<\/p>\n<p>&nbsp;\u00cen<br \/>\n    camera 408, regim restrictiv, se aflau 2 de&#355;inu&#355;i (3 paturi). Demis<br \/>\n    Ionel Moscu mai avea de executat 5 luni din 10 de regim restrictiv, pentru<br \/>\n    c&#259; evadase (penal fusese pedepsit cu 1 ani &#351;i 5 luni de \u00eenchisoare).<br \/>\n    Vili Vilan Stan primise tot 10 luni de regim restrictiv pentru implicarea<br \/>\n    \u00eentr-o b&#259;taie \u00eentre de&#355;inu&#355;i (executase 7 luni). Ambii de&#355;inu&#355;i<br \/>\n    f&#259;cuser&#259; cereri de reexaminare a pedepsei cu regim restrictiv, \u00eens&#259;<br \/>\n    \u00een ambele cazuri rezultatul a fost negativ. Plimbarea zilnic&#259;, \u00eentr-o<br \/>\n    \u201ccu&#351;c&#259;\u201d de circa 25 m.p., dureaz&#259; \u00een jur de o jum&#259;tate<br \/>\n    de or&#259;, de&#355;inu&#355;ii fiind \u00eenc&#259;tu&#351;a&#355;i &#351;i supraveghea&#355;i<br \/>\n    de grupa de interven&#355;ie (\u201cmasca&#355;ii\u201d). De&#355;inu&#355;ii nu pot<br \/>\n    da telefoane, \u00eens&#259; pot primi vizite, cu aprobarea comandantului (Stan<br \/>\n    primise 4 vizite, de fiecare dat&#259; c\u00e2nd a solicitat); la restrictiv vizitele<br \/>\n    sunt interzise \u00een primele 3 luni ale acestei pedepse. Grupul sanitar\u201d avea<br \/>\n    o chiuvet&#259; &#351;i un WC turcesc, nedesp&#259;r&#355;ite de restul camerei.\n    <\/p>\n<p>&nbsp;\u00cen<br \/>\n    camera 409 erau caza&#355;i 3 de&#355;inu&#355;i pe via&#355;&#259; (\u00een 3<br \/>\n    paturi). Din cei 3 numai unul avea condamnarea definitiv&#259; \u2013 Gavril Lucian<br \/>\n    Ciupea. La plimbarea zilnic&#259; sunt sco&#351;i \u00eempreun&#259;, cu c&#259;tu&#351;e<br \/>\n    &#351;i \u00eenso&#355;i&#355;i de \u201cmasca&#355;i\u201d (mar&#355;ea, c\u00e2nd este program<br \/>\n    de baie, &#351;i duminica nu exist&#259; program de plimbare). \u00cen camer&#259;<br \/>\n    exista un aparat de radio. De&#355;inutul Ciupea s-a pl\u00e2ns c&#259; fiind transferat<br \/>\n    de la Gherla nu i s-a permis s&#259; aduc&#259; aici televizorul primit de<br \/>\n    acas&#259;. La sesizarea pe care a f&#259;cut-o, DGP i-a r&#259;spuns c&#259;<br \/>\n    \u00een cazul transferurilor transportul aparaturii audio \u2013 video \u201ccade \u00een sarcina<br \/>\n    familiei sau a unei persoane apropiate\u201d. Reprezentan&#355;ii APADOR-CH au<br \/>\n    apreciat aceast&#259; regul&#259; drept inadecvat&#259;, mai ales &#355;in\u00e2nd<br \/>\n    cont de faptul c&#259; penitenciarele reu&#351;esc numai \u00eentr-o foarte mic&#259;<br \/>\n    m&#259;sur&#259; s&#259; asigure de&#355;inu&#355;ilor televizoare &#351;i<br \/>\n    aparate de radio iar transportarea, o dat&#259; cu celelalte bagaje ale de&#355;inu&#355;ilor,<br \/>\n    &#351;i a unui aparat de radio sau televizor nu ar costa nimic \u00een plus &#351;i<br \/>\n    nici nu ar ridica dificult&#259;&#355;i organizatorice insurmontabile. De&#355;inutul<br \/>\n    Ciupea a solicitat ca \u00een cazul \u00een care va fi transferat sa nu fie dus la penitenciarul<br \/>\n    din Craiova. El a motivat c&#259; \u00een acel penitenciar se afl&#259; de&#355;inutul<br \/>\n    Aurel Leuca, cu care \u00een penitenciarul din Gherla a avut un conflict &#351;i<br \/>\n    care l-a amenin&#355;at c&#259; \u00eel va omor\u00ee.\u00a0 <\/p>\n<p>&nbsp;\u00cen<br \/>\n    camera 502, 17 de&#355;inu&#355;i erau caza&#355;i \u00een 9 paturi. De&#355;inu&#355;ii<br \/>\n    nu aveau nici televizor &#351;i nici radio, \u00eens&#259; primesc zilnic ziare.<br \/>\n    Plimbarea zilnic&#259; \u2013 obligatorie ca program &#8211; dureaz&#259; \u00een jur de 45<br \/>\n    de minute. De&#355;inu&#355;ii \u2013 care sunt folosi&#355;i la deservire \u00een interior<br \/>\n    \u2013 pot s&#259; dea c\u00e2te dou&#259; telefoane pe lun&#259; (ceilal&#355;i au<br \/>\n    dreptul numai la unul pe lun&#259; sau atunci c\u00e2nd se ive&#351;te un caz special).<br \/>\n    Grupul sanitar era format dintr-o \u00eenc&#259;pere cu un WC turcesc, unde de&#355;inu&#355;ii<br \/>\n    obi&#351;nuiesc s&#259; se &#351;i spele, cu un furtun care trece prin perete<br \/>\n    de la chiuveta aflat&#259; \u00een camer&#259;.\u00a0 <\/p>\n<p>&nbsp;La<br \/>\n    izolatorul de pedeaps&#259; nr 1 se aflau 2 de&#355;inu&#355;i (2 paturi),<br \/>\n    care la momentul vizitei erau la plimbare.<\/p>\n<p>&nbsp;\u00cen<br \/>\n    camera 3 a izolatorului de pedeaps&#259; se afla, de 6 zile, de&#355;inutul<br \/>\n    Cornel Brebeanu, av\u00e2nd de executat o pedeaps&#259; cu izolarea de 10 zile<br \/>\n    pentru \u201einjurii aduse cadrelor\u201d. De&#355;inutul a insistat c&#259; este nevinovat<br \/>\n    \u00eentruc\u00e2t cel pe care l-a \u00eenjurat a fost un de&#355;inut &#351;i nu un cadru.<br \/>\n    El a mai spus &#351;i c&#259; nu a fost audiat de comisia de disciplin&#259;,<br \/>\n    singura persoana care a stat de vorb&#259; cu el \u00een leg&#259;tur&#259; cu<br \/>\n    presupusa abatere fiind ofi&#355;erul cu disciplina. La momentul vizitei pe<br \/>\n    pardoseala camerei b&#259;ltea apa. Brebeanu s-a pl\u00e2ns c&#259; situa&#355;ia<br \/>\n    aceasta dura din ziua \u00een care a fost introdus la izolare. De&#351;i str\u00e2ngea<br \/>\n    continuu apa de pe jos, balta persista din cauz&#259; c&#259;, a spus el,<br \/>\n    \u201ese pare c&#259; chiuveta e defect&#259;\u201d. A&#351;ternutul de pe pat se ridic&#259;<br \/>\n    zilnic \u00eentre de&#351;teptare &#351;i stingere (5.00 \u2013 22.00) iar de&#355;inutul<br \/>\n    era scos la plimbare zilnic, cu c&#259;tu&#351;e &#351;i escortat de \u201emasca&#355;i\u201d.<\/p>\n<p>&nbsp;De&#355;inutul<br \/>\n    Zete Gheorghe, revenit de la plimbare se deplasa cu foarte mare greutate.<br \/>\n    El este paralizat pe partea st\u00e2ng&#259; &#351;i bolnav de epilepsie, ambele<br \/>\n    afec&#355;iuni fiind confirmate \u00een fi&#351;a medical&#259;. Problema lui era<br \/>\n    c&#259; \u00een urm&#259; cui dou&#259; s&#259;pt&#259;m\u00e2ni fusese mutat din infirmerie,<br \/>\n    unde condi&#355;iile sunt ceva mai acceptabile, \u00eentr-o camer&#259; cu 41 de<br \/>\n    de&#355;inu&#355;i. \u00cen plus a fost repartizat s&#259; doarm&#259; \u00eentr-un<br \/>\n    pat de sus &#351;i, cum face destul de des crize de epilepsie, se teme s&#259;<br \/>\n    nu cad&#259; pe ciment.<\/p>\n<p>&nbsp;\u00cen<br \/>\n    curtea de plimbare a sec&#355;iei a V-a se aflau de&#355;inu&#355;ii din camera<br \/>\n    503. De&#355;inu&#355;ii au precizat c&#259; ies la plimbare numai patru zile<br \/>\n    pe s&#259;pt&#259;m\u00e2n&#259; (nu se iese la plimbare duminica, joia, c\u00e2nd se<br \/>\n    face baie, &#351;i s\u00e2mb&#259;ta, c\u00e2nd este program administrativ &#8211; gospod&#259;resc).<br \/>\n    La club, de&#355;inu&#355;ii merg de regul&#259; o dat&#259; pe lun&#259;,<br \/>\n    ocazie cu care pot mai ales s&#259; joace &#351;ah, table, remmy etc. Telefoane<br \/>\n    se pot da o dat&#259; pe lun&#259; iar \u00een cazuri deosebite, cu aprobarea comandantului.<br \/>\n    Este de subliniat faptul c&#259; \u00een acest penitenciar procedura de aprobare<br \/>\n    a telefoanelor este simplificat&#259;, const\u00e2nd doar \u00een \u00eenscrierea de&#355;inu&#355;ilor<br \/>\n    \u00eentr-un tabel nominal. Este necesar, \u00eens&#259;, s&#259; se renun&#355;e la<br \/>\n    supravegherea convorbirilor de&#355;inu&#355;ilor, evit\u00e2ndu-se posibilitatea<br \/>\n    ca personalul s&#259; asculte ce vorbesc de&#355;inu&#355;ii la telefon (subofi&#355;erul<br \/>\n    supraveghetor st&#259; la o mas&#259; l\u00e2ng&#259; telefon &#351;i prin urmare<br \/>\n    este practic imposibil s&#259; nu aud&#259; ce vorbesc de&#355;inu&#355;ii).<\/p>\n<p>&nbsp;\u00cen<br \/>\n    camera 502 erau 17 de&#355;inu&#355;i la 9 paturi. Nu au nici televizor, nici<br \/>\n    radio ci, rar, ziare. De&#355;inu&#355;ii s-au pl\u00e2ns c&#259; au p&#259;duchi<br \/>\n    &#351;i c&#259; nu li se d&#259; nici un fel de dezinfectant.\u00a0\u00a0 <\/p>\n<p>&nbsp;&nbsp;<\/p>\n<p>3. Camera pentru discu&#355;iile<br \/>\n    dintre de&#355;inu&#355;i &#351;i avoca&#355;ii lor<\/p>\n<p>&nbsp;\u00cen<br \/>\n    pavilionul pentru vizite este amenajat&#259; o camer&#259; destinat&#259;<br \/>\n    discu&#355;iilor de&#355;inu&#355;ilor cu avoca&#355;ii lor. \u00cen momentul vizitei,<br \/>\n    \u00een camer&#259; avea loc o \u00eent\u00e2lnire a unui de&#355;inut cu cei doi avoca&#355;i<br \/>\n    ai s&#259;i. Discu&#355;ia era supravegheat&#259; de un subofi&#355;er (femeie),<br \/>\n    care a precizat reprezentan&#355;ilor APADOR-CH c&#259; are dispozi&#355;ie<br \/>\n    s&#259; \u201easculte ce se vorbe&#351;te &#351;i s&#259; nu permit&#259; ca de&#355;inu&#355;ii<br \/>\n    s&#259; primeasc&#259; de la avoca&#355;i droguri, bani etc\u201d (\u00een camer&#259;<br \/>\n    mai erau &#351;i doi de&#355;inu&#355;i care nu aveau nici o leg&#259;tur&#259;<br \/>\n    cu \u00eent\u00e2lnirea de&#355;inutului respectiv cu avoca&#355;ii s&#259;i). La obiec&#355;ia<br \/>\n    reprezentan&#355;ilor asocia&#355;iei privind nerespectarea confiden&#355;ialit&#259;&#355;ii<br \/>\n    discu&#355;iilor dintre de&#355;inu&#355;i &#351;i avoca&#355;i, supraveghetoarea<br \/>\n    a r&#259;spuns: \u201eDespre asta vorbi&#355;i cu domnul comandant\u201d.<\/p>\n<p>&nbsp;&nbsp;<\/p>\n<p>4. Discu&#355;ia cu de&#355;inu&#355;ul<br \/>\n    Klaus Costel R&#259;dulescu<\/p>\n<p>&nbsp;De&#355;inutul<br \/>\n    era nemul&#355;umit pe de o parte pentru c&#259; era inclus \u201enejustificat\u201d<br \/>\n    \u00een categoria de&#355;inu&#355;ilor \u201epericulo&#351;i\u201d iar pe de alt&#259; parte<br \/>\n    c&#259; ar fi fost pedepsit disciplinar pentru o abatere pe care nu a comis-o.<br \/>\n    \u00cen privin&#355;a primului aspect, reprezentan&#355;ii asocia&#355;iei au constatat<br \/>\n    c&#259; R&#259;dulescu fusese categorisit drept \u201epericulos\u201d \u00een special pentru<br \/>\n    \u201enatura faptei comise\u201d (de&#355;inutul era \u00een curs de judecat&#259; pentru<br \/>\n    viol) &#351;i pentru \u201esustragere de armament &#351;i muni&#355;ie\u201d (penitenciarul<br \/>\n    preluase aceast&#259; acuza&#355;ie dintr-o adnotare f&#259;cut&#259; la penitenciarul<br \/>\n    Aiud, dintr-o condamnare anterioar&#259;, nedocumentat&#259; \u00eens&#259; prin<br \/>\n    actele din dosar). \u00cen privin&#355;a pedespei disciplinare, lui R&#259;dulescu<br \/>\n    i-a fost retras dreptul la vizit&#259;, la pachet &#351;i telefon pe termen<br \/>\n    de o lun&#259; \u00eentruc\u00e2t \u00e2n camera sa a fost g&#259;sit un cu&#355;it care<br \/>\n    i-ar fi apar&#355;inut. El a contestat insistent c&#259; respectivul cu&#355;it<br \/>\n    i-ar fi apar&#355;inut &#351;i s-a ar&#259;tat nemul&#355;umit de faptul c&#259;<br \/>\n    au fost asculta&#355;i numai trei dintre de&#355;inu&#355;ii din camer&#259;,<br \/>\n    refuz\u00e2ndu-i-se insistent solicitarea de a fi audia&#355;i &#351;i oricare<br \/>\n    al&#355;i colegi din camer&#259;. Explica&#355;ia reprezentan&#355;ilor unit&#259;&#355;ii<br \/>\n    potrivit c&#259;reia \u201eceilal&#355;i de&#355;inu&#355;i n-au vrut s&#259; se<br \/>\n    implice\u201d nu poate fi conving&#259;toare at\u00e2t timp c\u00e2t nu se poate explica<br \/>\n    de ce singurii de&#355;inu&#355;i care \u201eau vrut s&#259; se implice\u201d au fost<br \/>\n    cei trei care l-au acuzat pe R&#259;dulescu. Reprezentan&#355;ii APADOR-CH<br \/>\n    au r&#259;mas cu impresia c&#259; sanc&#355;ionarea de&#355;inutului nu a<br \/>\n    fost decis&#259; \u00een urma unei cercet&#259;ri temeinice &#351;i obiective (R&#259;dulescu<br \/>\n    nu a fost audiat nici de comisia de disciplin&#259;) iar categorisirea sa<br \/>\n    ca de&#355;inut \u201epericulos\u201d nu a avut \u00een vedere, a&#351;a cum ar fi fost firesc,<br \/>\n    mai ales comportamentul s&#259;u din timpul deten&#355;iei. De&#355;inutul<br \/>\n    a mai semnalat &#351;i c&#259; plimbarea zilnic&#259;, de circa 20 de minute,<br \/>\n    depinde &#351;i de \u201cdisponibilitatea masca&#355;ilor\u201d.\u00a0 <\/p>\n<p>&nbsp;<\/p>\n<p>&nbsp;5.<br \/>\n    Concluzii<\/p>\n<p>&nbsp;\u00cen<br \/>\n    compara&#355;ie cu situa&#355;ia de la vizitele precedente, au fost constatate<br \/>\n    anumite amelior&#259;ri:<\/p>\n<p>&nbsp;&#8211;&nbsp;&nbsp;&nbsp;&nbsp;&nbsp;&nbsp;&nbsp;&nbsp;<br \/>\n    s-a renun&#355;at la folosirea lan&#355;urilor ca mijloc de imobilizare a<br \/>\n    de&#355;inu&#355;ilor; asocia&#355;ia consider&#259; c&#259; la folosirea<br \/>\n    lan&#355;urilor trebuie s&#259; se renun&#355;e inclusiv \u00een cazul de&#355;inutului<br \/>\n    Passaris;<\/p>\n<p>\u00a0&#8211;&nbsp;&nbsp;&nbsp;&nbsp;&nbsp;&nbsp;&nbsp;&nbsp;<br \/>\n    medicii repartiza&#355;i s&#259; asigure asisten&#355;&#259; medical&#259;<br \/>\n    de&#355;inu&#355;ilor se ocup&#259; exclusiv de ace&#351;tia, &#351;i nu &#351;i<br \/>\n    de cadre;<\/p>\n<p>&nbsp;&#8211;&nbsp;&nbsp;&nbsp;&nbsp;&nbsp;&nbsp;&nbsp;&nbsp;<br \/>\n    calitatea apei a fost \u00eembun&#259;t&#259;&#355;it&#259; \u00eentr-o anumit&#259;<br \/>\n    m&#259;sur&#259;, \u00eens&#259; este necesar ca \u00een continuare aceast&#259; chestiune<br \/>\n    s&#259; r&#259;m\u00e2n&#259; \u00een aten&#355;ia conducerii DGP &#351;i a unit&#259;&#355;ii;\n    <\/p>\n<p>&nbsp;APADOR-CH<br \/>\n    recomand&#259; DGP &#351;i conducerii penitenciarului:<\/p>\n<p>&nbsp;&#8211;&nbsp;&nbsp;&nbsp;&nbsp;&nbsp;&nbsp;&nbsp;<br \/>\n    s&#259; identifice resursele financiare necesare reabilit&#259;rii &#351;i<br \/>\n    reamenaj&#259;rii spa&#355;iilor de cazare &#351;i, c\u00e2t mai cur\u00e2nd posibil,<br \/>\n    a blocului alimentar;<\/p>\n<p>&nbsp;&#8211;&nbsp;&nbsp;&nbsp;&nbsp;&nbsp;&nbsp;&nbsp;&nbsp;<br \/>\n    s&#259; \u00eentreprind&#259; m&#259;surile necesare pentru ca de&#355;inu&#355;ilor<br \/>\n    bolnavi de SIDA s&#259; li se stabileasc&#259; norme de hr&#259;nire speciale,<br \/>\n    adecvate tratamentului de care trebuie s&#259; beneficieze;<\/p>\n<p>&nbsp;&#8211;&nbsp;&nbsp;&nbsp;&nbsp;&nbsp;&nbsp;&nbsp;&nbsp;<br \/>\n    s&#259; dispun&#259; urgent m&#259;surile necesare pentru asigurarea confiden&#355;ialit&#259;&#355;ii<br \/>\n    discu&#355;iilor dintre de&#355;inu&#355;i &#351;i avoca&#355;ii lor;<\/p>\n<p>&nbsp;&#8211;&nbsp;&nbsp;&nbsp;&nbsp;&nbsp;&nbsp;&nbsp;&nbsp;<br \/>\n    s&#259; aib&#259; \u00een vedere ca de&#355;inu&#355;ii s&#259; fie categorisi&#355;i<br \/>\n    ca \u201epericulo&#351;i\u201d exclusiv pe baza comportamentului pe care ace&#351;tia<br \/>\n    \u00eel au pe timpul deten&#355;iei iar procedurile disciplinare s&#259; fie temeinice,<br \/>\n    obiective &#351;i respect\u00e2nd regulile stabilite prin ordinele DGP; este necesar<br \/>\n    ca de&#355;inu&#355;ii s&#259; fie audia&#355;i de comisia de disciplin&#259;<br \/>\n    \u00een toate cazurile \u00een care \u00eempotriva lor au fost declan&#351;ate procedurile<br \/>\n    disciplinare; \u00een acest sens, asocia&#355;ia consider&#259; c&#259; este necesar&#259;<br \/>\n    analizarea sesiz&#259;rilor consemnate cu privire la de&#355;inutul Klaus<br \/>\n    Costel R&#259;dulescu;<\/p>\n<p>&nbsp;&#8211;&nbsp;&nbsp;&nbsp;&nbsp;&nbsp;&nbsp;&nbsp;&nbsp;<br \/>\n    s&#259; se permit&#259; de&#355;inu&#355;ilor transfera&#355;i s&#259; ia<br \/>\n    cu ei &#351;i aparatura audio &#8211; video pe care o au de acas&#259;;<\/p>\n<p>&nbsp;&#8211;&nbsp;&nbsp;&nbsp;&nbsp;&nbsp;&nbsp;&nbsp;&nbsp;<br \/>\n    s&#259; analizeze cu solicitudine cererea de&#355;inutului Gavril Lucian Ciupea<br \/>\n    de a nu fi transferat la penitenciarul Craiova;<\/p>\n<p>&nbsp;&#8211;&nbsp;&nbsp;&nbsp;&nbsp;&nbsp;&nbsp;&nbsp;&nbsp;<br \/>\n    s&#259; stabileasc&#259; m&#259;surile care se impun pentru ca de&#355;inu&#355;ii<br \/>\n    care nu sunt condamna&#355;i definitiv s&#259; poat&#259; purta hainele proprii;<\/p>\n<p>&nbsp;&#8211;&nbsp;&nbsp;&nbsp;&nbsp;&nbsp;&nbsp;&nbsp;&nbsp;<br \/>\n    s&#259; se renun&#355;e la pedepsirea de&#355;inu&#355;ilor care nu ies la<br \/>\n    plimbare &#351;i la recompensarea \u201einformatorilor\u201d. \u00a0\u00a0\u00a0\u00a0\u00a0\u00a0\u00a0\u00a0 <\/p>\n<p>&nbsp;&#8211;&nbsp;&nbsp;&nbsp;&nbsp;&nbsp;&nbsp;&nbsp;&nbsp;<br \/>\n    s&#259; se renun&#355;e la \u201calegerea\u201d &#351;efilor de camere (&#351;i a adjunc&#355;ilor);<br \/>\n    nici un de&#355;inut nu trebuie s&#259; primeasc&#259; atrbu&#355;ii care<br \/>\n    \u00eei dau mandat asupra celorlal&#355;i;<\/p>\n<p>&nbsp;&#8211;&nbsp;&nbsp;&nbsp;&nbsp;&nbsp;&nbsp;&nbsp;&nbsp;<br \/>\n    spre deosebire de oricare alte penitenciare, inclusiv de cele de maxim&#259;<br \/>\n    siguran&#355;&#259;, aici \u201cmasca&#355;ii\u201d sunt practic omniprezen&#355;i prin<br \/>\n    unitate, ceea ce \u00eentre&#355;ine o atmosfer&#259; destul de tensionat&#259;<br \/>\n    \u00een r\u00e2ndul de&#355;inu&#355;ilor, date fiind mai ales misiunile \u201cspeciale\u201d,<br \/>\n    represive, pe care ace&#351;tia le au, echipamentul de culoare neagr&#259;,<br \/>\n    cu cagule acoperind aproape complet fa&#355;a, armament &#351;i alte mijloace<br \/>\n    speciale de interven&#355;ie &#351;i imobilizare etc.\u00a0 <\/p>\n<p>&nbsp;<\/p>\n<p>&nbsp;<\/p>\n<p>Manuela &#350;tef&#259;nescu\u00a0\u00a0\u00a0\u00a0\u00a0\u00a0\u00a0<br \/>\n    \u00a0\u00a0\u00a0\u00a0\u00a0\u00a0\u00a0\u00a0\u00a0\u00a0\u00a0 Diana C&#259;linescu\u00a0\u00a0\u00a0\u00a0\u00a0\u00a0\u00a0\u00a0\u00a0 \u00a0\u00a0\u00a0\u00a0\u00a0\u00a0\u00a0\u00a0\u00a0\u00a0\u00a0 Valerian Stan<\/p>\n<p><\/p>","protected":false},"excerpt":{"rendered":"<p>\u00cen ziua de 15 aprilie 2003, trei reprezentan&#355;i ai APADOR-CH au vizitat penitenciarul Bucure&#351;ti \u2013 Jilava.<\/p>\n","protected":false},"author":2,"featured_media":0,"comment_status":"closed","ping_status":"open","sticky":false,"template":"","format":"standard","meta":{"footnotes":""},"categories":[15],"tags":[],"class_list":["post-1908","post","type-post","status-publish","format-standard","hentry","category-monitorizarea-conditiilor-de-detentie-penitenciare"],"_links":{"self":[{"href":"https:\/\/apador.org\/en\/wp-json\/wp\/v2\/posts\/1908","targetHints":{"allow":["GET"]}}],"collection":[{"href":"https:\/\/apador.org\/en\/wp-json\/wp\/v2\/posts"}],"about":[{"href":"https:\/\/apador.org\/en\/wp-json\/wp\/v2\/types\/post"}],"author":[{"embeddable":true,"href":"https:\/\/apador.org\/en\/wp-json\/wp\/v2\/users\/2"}],"replies":[{"embeddable":true,"href":"https:\/\/apador.org\/en\/wp-json\/wp\/v2\/comments?post=1908"}],"version-history":[{"count":0,"href":"https:\/\/apador.org\/en\/wp-json\/wp\/v2\/posts\/1908\/revisions"}],"wp:attachment":[{"href":"https:\/\/apador.org\/en\/wp-json\/wp\/v2\/media?parent=1908"}],"wp:term":[{"taxonomy":"category","embeddable":true,"href":"https:\/\/apador.org\/en\/wp-json\/wp\/v2\/categories?post=1908"},{"taxonomy":"post_tag","embeddable":true,"href":"https:\/\/apador.org\/en\/wp-json\/wp\/v2\/tags?post=1908"}],"curies":[{"name":"wp","href":"https:\/\/api.w.org\/{rel}","templated":true}]}}