{"id":1931,"date":"2009-02-13T00:00:00","date_gmt":"2009-02-13T00:00:00","guid":{"rendered":"http:\/\/www.apador.org\/seamus\/raport-asupra-vizitei-la-penitenciarul-rahova-bucureti\/"},"modified":"2014-08-22T09:32:08","modified_gmt":"2014-08-22T09:32:08","slug":"raport-asupra-vizitei-la-penitenciarul-rahova-bucureti","status":"publish","type":"post","link":"https:\/\/apador.org\/en\/raport-asupra-vizitei-la-penitenciarul-rahova-bucureti\/","title":{"rendered":"Raport asupra vizitei la penitenciarul Rahova \u2013 Bucure\u015fti"},"content":{"rendered":"<p class=\"qtranxs-available-languages-message qtranxs-available-languages-message-en\">Sorry, this entry is only available in <a href=\"https:\/\/apador.org\/ro\/wp-json\/wp\/v2\/posts\/1931\" class=\"qtranxs-available-language-link qtranxs-available-language-link-ro\" title=\"Rom\u00e2n\u0103\">Rom\u00e2n\u0103<\/a>. For the sake of viewer convenience, the content is shown below in the alternative language. You may click the link to switch the active language.<\/p><p><\/p>\n<p style=\"text-align: justify;\" align=\"justify\">La data de 13<br \/>\nfebruarie 2009, dou\u0103 reprezentante ale APADOR-CH au vizitat penitenciarul Rahova-Bucure\u015fti.<\/p>\n<p><b><i>1. Date generale<\/i><\/b><\/p>\n<p style=\"text-align: justify;\" align=\"justify\">Penitenciarul de maxim\u0103 siguran\u0163\u0103 Rahova este \u00een curs de finalizare a reprofil\u0103rii pe dou\u0103 categorii de de\u0163inu\u0163i: aresta\u0163ii preventiv \u015fi de\u0163inu\u0163ii \u00een regim \u00eenchis. Cei mai mul\u0163i de\u0163inu\u0163i cu regim de maxim\u0103 siguran\u0163\u0103 au fost deja muta\u0163i la penitenciarul Giurgiu, cei cu regim deschis \u015fi semideschis \u2013 la gospod\u0103ria agro-zootehnic\u0103 a penitenciarului Rahova din comuna Bragadiru, iar sec\u0163ia de femei s-a desfiin\u0163at cu mai bine de doi ani \u00een urm\u0103 toate de\u0163inutele fiind transferate la penitenciarul T\u00e2rg\u015for.<\/p>\n<p style=\"text-align: justify;\" align=\"justify\">Problema de\u0163inu\u0163ilor \u201ecu grad de risc sporit\u201d care, la penitenciarul Giurgiu era \u201erezolvat\u0103\u201d prin constituirea unei \u201esub-sec\u0163ii\u201d separate \u00een cadrul regimului de maxim\u0103 siguran\u0163\u0103,\u00a0 exist\u0103 \u015fi la Rahova. \u00cens\u0103 procedura de stabilire a acestui grad \u015fi consecin\u0163ele pentru de\u0163inu\u0163i sunt logice \u015fi se \u00eencadreaz\u0103 \u00een limitele prev\u0103zute de lege. \u00cen fapt, o comisie &#8211; <i>diferit\u0103 de cea care repartizeaz\u0103 persoanele private de libertate pe regimuri de executare a pedepselor <\/i>&#8211; format\u0103 din directorul adjunct de la paz\u0103, directorul adjunct pentru asisten\u0163a psiho-social\u0103 \u015fi\u00a0 directorul general al unit\u0103\u0163ii &#8211; analizeaz\u0103 dosarul fiec\u0103rui de\u0163inut\u00a0\u00a0 \u015fi stabile\u015fte gradul de risc <i>f\u0103r\u0103 nicio leg\u0103tur\u0103 cu clasificarea pe regimuri. Sunt de\u0163inu\u0163i <b>din toate regimurile <\/b>care prezint\u0103 un anume grad de risc\u00a0 (inclusiv \u201esporit\u201d), <\/i>dar ei nu sunt separa\u0163i de ceilal\u0163i \u015fi nici nu au condi\u0163ii speciale de deten\u0163ie. Singura diferen\u0163\u0103 este c\u0103 ofi\u0163erii, agen\u0163ii \u015fi angaja\u0163ii civili \u00eei urm\u0103resc cu mai mult\u0103 aten\u0163ie, tocmai pentru a preveni evenimente nedorite (evad\u0103ri, agresarea altor de\u0163inu\u0163i sau a membrilor personalului etc.).<\/p>\n<p style=\"text-align: justify;\" align=\"justify\">Persoanele arestate preventiv sunt aduse la Rahova din toate aresturile poli\u0163iei din Bucure\u015fti. Nu este \u00eens\u0103 clar <i>\u00een ce moment<\/i> are loc depunerea persoanelor private de libertate \u00een penitenciar. Dac\u0103 transferul din arest are loc <i>imediat dup\u0103 emiterea mandatului de arestare preventiv\u0103<\/i>, ar fi o solu\u0163ie mul\u0163umitoare,\u00a0 \u00een concordan\u0163\u0103 at\u00e2t cu recomand\u0103rile Comitetului pentru Prevenirea Torturii din raportul asupra vizitei din 2006 \u00een Rom\u00e2nia c\u00e2t \u015fi cu sus\u0163inerile guvernului rom\u00e2n \u00een r\u0103spunsul la acesta din septembrie 2008. Dac\u0103 transferul \u00een penitenciar are loc <i>abia dup\u0103 ce procurorul a \u00eentocmit rechizitoriul <\/i>\u2013 adic\u0103 dup\u0103 perioad\u0103 uneori consistent\u0103, \u00een care persoana privat\u0103 de libertate r\u0103m\u00e2ne \u00een arestul poli\u0163iei, \u00een stare de dependen\u0163\u0103 total\u0103 de anchetatori \u015fi colegii acestora \u2013 \u00eenseamn\u0103 c\u0103 <i>nu s-a \u00eenregistrat niciun progres <\/i>sub aspectul respect\u0103rii dreptului la un proces corect \u015fi echitabil al persoanelor suspecte de comiterea unor infranc\u0163iuni.<\/p>\n<p><b><i>2. Efective, spa\u0163ii de de\u0163inere <\/i><\/b><\/p>\n<p style=\"text-align: justify;\" align=\"justify\">Referitor la personal, reprezentantele asocia\u0163iei au primit la finalul vizitei doar procente raportate la un total de 540 de angaja\u0163i care, probabil, includ \u015fi serviciile de eviden\u0163\u0103 a de\u0163inu\u0163ilor, contabilitate etc. prea pu\u0163in relevante pentru via\u0163a de zi cu zi a persoanelor aflate \u00een deten\u0163ie. Procentele furnizate ar indica la paz\u0103 (probabil inclusiv escorta, tratament \u015fi paza perimetrului), 62,1% adic\u0103 aproximativ 335 de angaja\u0163i, la socio-educativ 5,61%, deci aproximativ 31 de persoane, iar la asisten\u0163a medical\u0103, 3,18% &#8211; cam 18 persoane. Dac\u0103 cifrele sunt corecte, ele arat\u0103 din nou una din deficien\u0163ele de baz\u0103 ale sistemului penitenciar rom\u00e2nesc \u015fi anume <i>dispropor\u0163ia substan\u0163ial\u0103 dintre num\u0103rul angaja\u0163ilor de la paz\u0103 fa\u0163\u0103 de cel din alte servicii esen\u0163iale pentru reintegrarea \u00een comunitate a de\u0163inu\u0163ilor pu\u015fi \u00een libertate \u015fi, implicit, pentru reducerea riscului de recidiv\u0103.<\/i><\/p>\n<p style=\"text-align: justify;\" align=\"justify\">\u00cen privin\u0163a de\u0163inu\u0163ilor, efectivul total era de 1543 din care 21 minori \u015fi 93 tineri (18-21 de ani).<\/p>\n<p style=\"text-align: justify;\" align=\"justify\">\u00cen func\u0163ie de situa\u0163ie juridic\u0103\/regim de executare a pedepselor:<\/p>\n<p style=\"text-align: justify;\" align=\"justify\">&#8211;\u00a0\u00a0\u00a0\u00a0\u00a0\u00a0\u00a0\u00a0 aresta\u0163i preventiv \u2013 720, din care 18 minori \u015fi 68 de tineri;<br \/>\n&#8211;\u00a0\u00a0\u00a0\u00a0\u00a0\u00a0\u00a0\u00a0 regim \u00eenchis \u2013 674, din care niciun minor \u015fi 17 tineri.<\/p>\n<p style=\"text-align: justify;\" align=\"justify\">\u00censumate, cele <i>\u00a0<\/i>\u00a0dou\u0103 numere arat\u0103 c\u0103 \u00een propor\u0163ie de peste 90% penitenciarul Rahova a fost reprofilat cu succes.<\/p>\n<p style=\"text-align: justify;\" align=\"justify\">Pe l\u00e2ng\u0103 cele dou\u0103 categorii mai exist\u0103 sec\u0163ia de carantin\u0103 cu 87 de persoane, din care doi minori \u015fi \u015fase tineri. La expirarea celor 21 de zile de carantin\u0103 obligatorie la depunerea \u00een penitenciar, toate cele 87 de persoane vor fi prezentate comisiei de individualizare a regimului de executare \u015fi, \u00een func\u0163ie de decizie, vor r\u0103m\u00e2ne la Rahova sau vor fi transferate. \u00cen afar\u0103 de aresta\u0163i preventiv, de\u0163inu\u0163i \u00een regim \u00eenchis \u015fi cei de la carantin\u0103 mai sunt nou\u0103 de\u0163inu\u0163i \u00een regim<br \/>\nde maxim\u0103 siguran\u0163\u0103 care urmeaz\u0103 s\u0103 plece, cel mai probabil, la penitenciarul Giurgiu, al\u0163i doi de\u0163inu\u0163i (un adult \u015fi un minor) \u00een regim semideschis \u015fi 51, \u00een regim deschis. Cei din ultimele dou\u0103 categorii au fost \u2013 sau urmeaz\u0103 s\u0103 fie \u2013 transfera\u0163i la gospod\u0103ria agro-zootehnic\u0103 Bragadiru, cu excep\u0163ia minorului care, dup\u0103 terminarea procesului pe rol, va pleca fie la un penitenciar pentru minori \u015fi tineri, fie la un centru de reeducare.<\/p>\n<p style=\"text-align: justify;\" align=\"justify\">Din informa\u0163iile puse la dispozi\u0163ie de angaja\u0163ii penitenciarului reiese c\u0103 la Rahova suprafa\u0163a total\u0103 de cazare a de\u0163inu\u0163ilor este de 4275,69 m.p. adic\u0103\u00a0 2,77 m.p.\/de\u0163inut ceea ce nu corespunde normei recomandate \u00een mod expres de CPT \u00eenc\u0103 din 1999 \u015fi anume asigurarea unei suprafe\u0163e de de\u0163inere <i>de cel pu\u0163in patru metri p\u0103tra\u0163i \u015fi opt metri cubi de aer per de\u0163inut<\/i>. De altfel, reprezentantele APADOR-CH au putut constata supraaglomerarea \u015fi \u00een cazuri concrete (vezi, spre exemplu, situa\u0163ia din camera 223 \u2013 sec\u0163ia a-II-a \u2013 regim \u00eenchis, detaliat\u0103 mai jos). Camerele de de\u0163inere sunt de\u00a0 patru tipuri suprafe\u0163ele acestora variind de la 18,81 m.p. la 24,59 m.p. Paturile sunt din metal, pe dou\u0103 niveluri dar distan\u0163a dintre patul de sus \u015fi cel de jos este at\u00e2t de mic\u0103 \u00eenc\u00e2t de\u0163inu\u0163ii sunt nevoi\u0163i s\u0103 se coco\u015feze ca s\u0103 poat\u0103 sta pe margine. APADOR-CH sugereaz\u0103 ca <i>mobilierul din fiecare camer\u0103 s\u0103 fie completat cu scaune sau b\u0103ncu\u0163e, pentru a asigura de\u0163inu\u0163ilor m\u0103car un confort minim.<\/i><\/p>\n<p style=\"text-align: justify;\" align=\"justify\">Camerele au grupuri sanitare proprii (c\u00e2te un WC, o chiuvet\u0103 \u015fi un du\u015f) dar destule au pere\u0163i \u015fi tavane deteriorate (de exemplu, grupul sanitar din camera 115 \u2013 tineri \u00een regim \u00eenchis). Camerele <i>nu <\/i>sunt prev\u0103zute cu sistem de alarmare audio sau vizual\u0103 a\u015fa \u00eenc\u00e2t pentru a atrage aten\u0163ia supraveghetorilor se recurge la vechea metod\u0103 a b\u0103t\u0103ii \u00een u\u015f\u0103.<\/p>\n<p><b><i>3. Vizita \u00een camere \u015fi discu\u0163ii cu de\u0163inu\u0163ii<\/i><\/b><\/p>\n<p style=\"text-align: justify;\" align=\"justify\">&#8211;\u00a0\u00a0\u00a0\u00a0\u00a0\u00a0\u00a0\u00a0 \u00cen sec\u0163ia I sunt caza\u0163i to\u0163i cei 21 de minori (inclusiv cei doi de la carantin\u0103) din care 20 \u00een arest preventiv. Singurul minor condamnat (definitiv \u00eentr-un proces anterior dar cu o nou\u0103 cauz\u0103 pe rol) este \u00eencadrat la regim semideschis \u00eens\u0103 numai pe h\u00e2rtie. \u00cen practic\u0103, este regim <i>\u00eenchis<\/i> pentru c\u0103 u\u015fa de la camer\u0103 <b>nu <\/b>st\u0103 deschis\u0103 iar minorul nu poate nici circula pe coridoare \u00een interiorul sec\u0163iei, nici s\u0103 ias\u0103 la curtea de plimbare c\u00e2nd dore\u015fte. \u00a0O problem\u0103 pentru minori (dar \u015fi pentru cei 28 de tineri caza\u0163i \u00een aceea\u015fi sec\u0163ie) const\u0103 \u00een <i>lipsa unor programe socio-educative<\/i> extrem de necesare pentru viitorul lor. Sigur, ei ies zilnic la aer, mai ies la club, se mai uit\u0103 la televizor \u2013 dac\u0103 au aparatul propriu \u00een camer\u0103. Dar este cu totul insuficient. \u00cen a\u015fa-zisul club al sec\u0163iei \u2013 de fapt, o simpl\u0103 camer\u0103 de de\u0163inere \u2013, ei pot picta sau desena \u015fi eventual \u00eenv\u0103\u0163a unele no\u0163iuni de cultur\u0103 general\u0103, potrivit afirma\u0163iilor educatorului. Numai c\u0103 la intrarea \u00een sec\u0163ie, \u00een jurul orei 11.20, reprezentantele asocia\u0163iei au constatat c\u0103 educatorul plecase la masa de pr\u00e2nz, clubul fiind \u00eencuiat, iar \u00een jurul orei 12.30 acesta se \u00eentorsese dar nu desf\u0103\u015fura nicio activitate cu de\u0163inu\u0163ii pentru c\u0103 urma masa <i>lor <\/i>de pr\u00e2nz. Cum programul de lucru al educatorului se termin\u0103 la ora 15.00, rezult\u0103 c\u0103 <i>toate activit\u0103\u0163ile socio-educative cu minori \u015fi tineri au loc doar timp de maxim\u00a0 3 ore pe zi.<\/i><\/p>\n<p style=\"text-align: justify;\" align=\"justify\">APADOR-CH cunoa\u015fte argumentul potrivit c\u0103ruia minorii stau relativ pu\u0163in \u00een penitenciare,<br \/>\nrespectiv numai pe durata procesului. \u00cen realitate procedurile \u00een justi\u0163ie pot dura luni sau chiar ani. <i>Asocia\u0163ia consider\u0103 c\u0103 este absolut necesar s\u0103 se conceap\u0103 programe\u00a0 socio-educative speciale<br \/>\npentru minori care s\u0103 fie adaptate at\u00e2t la nevoile de dezvoltare normal\u0103 c\u00e2t \u015fi la perioadele mai scurte de deten\u0163ie \u00een penitenciare. <\/i>Pentru aceasta, este necesar\u0103 mai mult\u0103 implicare din partea angaja\u0163ilor \u015fi administra\u0163iei penitenciare.<\/p>\n<p style=\"text-align: justify;\" align=\"justify\">La camera 105 un minor abia revenit de la instan\u0163\u0103 a fost confuz cu privire la <i>momentul \u015fi durata \u00eenc\u0103tu\u015f\u0103rii, \u00een timpul transportului la \u015fi de la instan\u0163\u0103 <\/i>(la scoaterea din sec\u0163ie? la introducerea \u00een dub\u0103? la ie\u015firea din penitenciar?). Indiferent care ar fi fost acestea, esen\u0163ial este c\u0103 <i>minorii sunt \u00eenc\u0103tu\u015fa\u0163i<\/i> la scoaterea din penitenciar. Or, Legea 275\/2006 prevede \u00eenc\u0103tu\u015farea de\u0163inu\u0163ilor \u2013 indiferent de v\u00e2rst\u0103 \u2013 doar <i>ca excep\u0163ie \u015fi numai \u00een cazuri bine definite. <\/i>APADOR-CH cere ca<br \/>\nminorilor s\u0103 <b>nu <\/b>li se pun\u0103 c\u0103tu\u015fe, \u00een nicio circumstan\u0163\u0103.<\/p>\n<p style=\"text-align: justify;\" align=\"justify\">De notat c\u0103 at\u00e2t directoarea sec\u0163iei c\u00e2t \u015fi ceilal\u0163i 11 angaja\u0163i dau dovad\u0103 de toleran\u0163\u0103 \u00een privin\u0163a eventualelor abateri ale minorilor de la regulamentul de ordine interioar\u0103: de mai bine de un an, cea mai aspr\u0103 sanc\u0163iune disciplinar\u0103 a constat \u00een suspendarea dreptului la vizite pe o perioad\u0103 de o lun\u0103 \u015fi jum\u0103tate, aplicat\u0103 unui singur minor.<\/p>\n<p style=\"text-align: justify;\" align=\"justify\">O problem\u0103 a sec\u0163iei I este cea a asisten\u0163ei medicale. Dup\u0103 consulta\u0163iile de diminea\u0163\u0103,<br \/>\ndoctorul \u015fi asisten\u0163ii medicali pleac\u0103 \u00een alte sec\u0163ii, iar cabinetul medical este \u00eencuiat. Dac\u0103 apare un caz de boal\u0103 sau accident, se face apel la cabinetul de urgen\u0163\u0103\u00a0 care deserve\u015fte \u00eentregul penitenciar. Iar dac\u0103 nici acolo nu r\u0103spunde nimeni \u2013 cum s-a dovedit a fi cazul chiar \u00een ziua vizitei APADOR-CH \u2013 se apeleaz\u0103 la cabinetul medicilor. Asocia\u0163ia <i>cere stabilirea\u00a0 unui program de lucru \u00een a\u015fa fel \u00eenc\u00e2t m\u0103car un asistent medical s\u0103 fie de permanen\u0163\u0103 la cabinetul sec\u0163iei 1. <\/i>\u015ei aceasta cu at\u00e2t mai mult cu c\u00e2t \u00een camera 104 se afl\u0103 doi de\u0163inu\u0163i cu serioase disabilit\u0103\u0163i fizice (unul nu are piciorul drept, amputat de la \u015fold din cauza unei arterite, iar cel de al doilea este paralizat pe partea st\u00e2ng\u0103 a corpului). Ambii au \u00eenso\u0163itori dar ace\u015ftia nu sunt califica\u0163i pentru a face fa\u0163\u0103 unei situa\u0163ii de urgen\u0163\u0103 medical\u0103.<\/p>\n<p style=\"text-align: justify;\" align=\"justify\">Spa\u0163iul de plimbare este compartimentat \u00een mai multe cur\u0163i, fiecare suficient de mare<br \/>\npentru a permite \u015fi alte activit\u0103\u0163i. Din p\u0103cate acestea sunt inexistente (cu excep\u0163ia fotbalului). <i>Asocia\u0163ia sugereaz\u0103 \u2013 cum a f\u0103cut \u015fi \u00een alte locuri de de\u0163inere \u2013 instalarea unor echipamente<br \/>\nminimale pentru sport \u00een cur\u0163ile de plimbare (de pild\u0103 o bar\u0103 fix\u0103), f\u0103c\u00e2nd astfel mai atractiv\u0103 \u015fi mai folositoare ie\u015firea zilnic\u0103 la aer.<\/i><\/p>\n<p style=\"text-align: justify;\" align=\"justify\">&#8211;\u00a0\u00a0\u00a0\u00a0\u00a0\u00a0\u00a0\u00a0 Sec\u0163ia a II-a \u2013 regim \u00eenchis, num\u0103r\u0103 350 de de\u0163inu\u0163i. Directoarea adjunct\u0103 a serviciului de asisten\u0163\u0103 psiho-social\u0103 asigura comanda. \u00cen afara explica\u0163iilor privind stabilirea <i>gradului de risc <\/i>al fiec\u0103rui de\u0163inut, <i>f\u0103r\u0103 leg\u0103tur\u0103 cu comisia de individualizare a regimului de executare a pedepsei<\/i>, doamna psiholog a prezentat o list\u0103 extrem de sumar\u0103 cuprinz\u00e2nd activit\u0103\u0163ile ei cu de\u0163inu\u0163ii. \u00cen decembrie, a f\u0103cut o evaluare a nou-veni\u0163ilor; din ianuarie a \u00eenceput cursul de alfabetizare<br \/>\nla care sunt \u00eenscri\u015fi 10 de\u0163inu\u0163i (nu este clar care a fost rolul doamnei psiholog: selec\u0163ia? Convingerea de\u0163inu\u0163ilor s\u0103 urmeze cursul?) precum \u015fi \u201eprogramul de bibliotec\u0103\u201d (de\u0163inu\u0163ii interesa\u0163i merg odat\u0103 pe s\u0103pt\u0103m\u00e2n\u0103 la bibliotec\u0103, dup\u0103 un program stabilit pe sec\u0163ii. Nu este clar de ce este nevoie de un <i>psiholog <\/i>pentru detalierea \u201eprogramului\u201d pe camere). Nu se practic\u0103 dec\u00e2t consilierea psihologic\u0103 individual\u0103 \u00eens\u0103 doamna psiholog a precizat c\u0103 \u201eva \u00eencerca \u015fi terapia de grup\u201d. \u00cen opinia reprezentantelor asocia\u0163iei <i>este prea pu\u0163in <\/i>pentru de\u0163inu\u0163ii care nu au nicio activitate util\u0103, de natur\u0103 s\u0103 le asigure reintegrarea \u00een societate la liberare.<\/p>\n<p style=\"text-align: justify;\" align=\"justify\">La camera 219 erau opt de\u0163inu\u0163i, to\u0163i cu condamn\u0103ri definitive la pedepse mici de p\u00e2n\u0103 la un an,<br \/>\nceea ce, potrivit Legii 275\/2006, presupune <i>regim deschis. <\/i>Reprezentan\u0163ii penitenciarului au confirmat c\u0103 ei sunt \u00eentr-adev\u0103r la <i>regim deschis<\/i> \u015fi c\u0103 urmeaz\u0103 s\u0103 fie transfera\u0163i la GAZ Bragadiru. Dar p\u00e2n\u0103 atunci, r\u0103m\u00e2n caza\u0163i la regim <i>\u00eenchis<\/i>, cu respectarea tuturor restric\u0163iilor caracteristice. Altfel spus, deocamdat\u0103 <i>nu beneficiaz\u0103 de nici unul din avantajele prev\u0103zute de lege la regim deschis <\/i>(u\u015fi deschise, circula\u0163ie liber\u0103 \u00eentre camere \u015fi \u00een curtea de plimbare, plecarea la munc\u0103 f\u0103r\u0103 escort\u0103, posibilitatea folosirii telefonului mobil \u015fi a banilor de buzunar pe perioada \u00een care se afl\u0103 \u00een afara penitenciarului, etc.). APADOR-CH <i>cere ca ace\u015fti de\u0163inu\u0163i <\/i>(\u015fi al\u0163ii \u2013 dac\u0103 mai exist\u0103 la Rahova) <i>s\u0103 fie urgent muta\u0163i la GAZ Bragadiru.<\/i><\/p>\n<p style=\"text-align: justify;\" align=\"justify\">\u00cen\u00a0 camera 223 erau 11 de\u0163inu\u0163i \u00een 10 paturi la o suprafa\u0163\u0103 de aproximativ 18 mp. Este un exemplu clar de <i>supraaglomerare<\/i> nu numai sub aspectul normei de <i>4 mp\/de\u0163inut <\/i>recomandate de CPT ci chiar \u015fi al \u201eclasicului\u201d standard rom\u00e2nesc de 6 mc de aer\/de\u0163inut (camera nu m\u0103sura mai mult de 45 \u2013 46 mc). De\u0163inutul Emil Iva\u015fcu s-a pl\u00e2ns c\u0103 ar fi fost lovit la cap de un alt de\u0163inut la sf\u00e2r\u015fitul lunii septembrie 2008, c\u0103 ar fi fost dus la penitenciarul spital Rahova pentru<br \/>\no infec\u0163ie la ureche abia dup\u0103 23 de zile, c\u0103 ar fi fost tratat dar c\u0103 infec\u0163ia ar fi reap\u0103rut la scurt timp dup\u0103 externare cu consecin\u0163a instal\u0103rii surdit\u0103\u0163ii. Nu \u00a0\u00a0s-a \u00een\u0163eles <i>cui <\/i>\u015fi <i>ce <\/i>avea de repro\u015fat pentru c\u0103, din istorisirea cam \u00eenc\u00e2lcit\u0103, rezulta c\u0103 medicul penitenciarului \u00eei acordase \u00eengrijire medical\u0103 \u015fi, c\u00e2nd tratamentul nu a dat rezultat, l-a trimis\u00a0 la spital. <i>APADOR-CH solicit\u0103 efectuarea unei expertize medicale \u00een cazul acestui de\u0163inut pentru a se stabili dac\u0103 este vorba de surditate \u015fi dac\u0103 aceasta s-ar putea datora fie \u00eent\u00e2rzierii cu care a fost dus la penitenciarul spital fie chiar tratamentului aplicat. <\/i><\/p>\n<p style=\"text-align: justify;\" align=\"justify\">Ceilal\u0163i de\u0163inu\u0163i din camera 223 \u015fi-au exprimat dorin\u0163a de a se reveni la reglementarea primirii<br \/>\npachetelor cu alimente anterioar\u0103 noilor restric\u0163ii (\u00een prezent un de\u0163inut are dreptul la un singur pachet pe lun\u0103, cu 10 kg de alimente \u2013 m\u00e2ncarea g\u0103tit\u0103 este exclus\u0103 \u2013 la care se adaug\u0103 6 kg de fructe \u015fi 20 l de b\u0103uturi r\u0103coritoare, fa\u0163\u0103 de patru pachete pe lun\u0103 \u015fi cantit\u0103\u0163i nelimitate de fructe ). Ei spuneau c\u0103 magazinul penitenciarului nu ofer\u0103 m\u0103rfuri variate \u015fi c\u0103 pre\u0163urile sunt mai mari dec\u00e2t cele din exteriorul penitenciarului.<\/p>\n<p style=\"text-align: justify;\" align=\"justify\">&#8211;\u00a0\u00a0\u00a0\u00a0\u00a0\u00a0\u00a0\u00a0 \u00cen sec\u0163ia a IV-a sunt caza\u0163i aresta\u0163ii preventiv. Tot aici se afl\u0103 \u015fi singura camer\u0103 din izolare din \u00eentreg penitenciarul, neocupat\u0103 \u00een ziua vizitei APADOR-CH. Din tavanul camerei de izolare curgea ap\u0103 care inundase deja o parte din camer\u0103, defec\u0163iunea fiind descoperit\u0103 numai pentru c\u0103 reprezentantele asocia\u0163iei au dorit s\u0103 vad\u0103 izolatorul chiar \u015fi neocupat.<\/p>\n<p style=\"text-align: justify;\" align=\"justify\">La camera 418 aresta\u0163ii preventiv aveau mai multe motive de nemul\u0163umire. Mai \u00eent\u00e2i nu aveau televizor \u00een camer\u0103, cu toate c\u0103 de\u0163inutul Tudor \u015etefan primise unul \u2013 depozitat la magazie \u2013 de la un v\u0103r care plecase de la Rahova. Se pare c\u0103 ar fi vorba de o \u00eencurc\u0103tur\u0103 administrativ\u0103 deoarece televizorul figureaz\u0103 pe fi\u015fa lui Tudor \u015etefan dar pe aparat este numele precedentului de\u0163in\u0103tor. Situa\u0163ia, \u00een aparen\u0163\u0103 minor\u0103 dar cu consecin\u0163e serioase asupra moralului persoanelor din camer\u0103, a fost adus la cuno\u015ftin\u0163a directorului penitenciarului care s-a angajat s\u0103 o rezolve rapid. Tudor \u015etefan a reclamat \u015fi modul \u00een care se efectueaz\u0103 perchezi\u0163ia corporal\u0103 \u00eenainte \u015fi dup\u0103 vizite \u015fi anume prin dezbr\u0103care la piele, f\u0103r\u0103 nicio posibilitate de protejare a intimit\u0103\u0163ii. El f\u0103cea compara\u0163ie cu procedura din penitenciarele spaniole unde persoanele perchezi\u0163ionate primesc un halat, evit\u00e2ndu-se astfel st\u00e2njenitoarea expunere a nudit\u0103\u0163ii. De\u0163inutul era nemul\u0163umit \u015fi de faptul c\u0103, suferind de diabet, nu g\u0103se\u015fte produse adecvate la magazin dec\u00e2t dup\u0103 cel pu\u0163in dou\u0103 s\u0103pt\u0103m\u00e2ni de la prezentarea cererii. Al\u0163i colegi de camer\u0103 s-au pl\u00e2ns c\u0103 nu pot face cur\u0103\u0163enie \u00een camer\u0103 pentru c\u0103, de\u015fi sunt dispu\u015fi s\u0103 cumpere cu banii lor o g\u0103leat\u0103 \u015fi un mop, li s-a comunicat c\u0103 trebuie s\u0103 cear\u0103, \u00een scris, aprobare de la directorul penitenciarului (\u00een<br \/>\ndiscu\u0163ia de la sf\u00e2r\u015fitul vizitei, directorul a fost categoric: mop se aprob\u0103 f\u0103r\u0103 probleme, g\u0103leat\u0103 <b>nu <\/b>pentru c\u0103 ar putea-o folosi la fabricarea de b\u0103uturi alcoolice). De\u0163inu\u0163ii au confirmat c\u0103 produsele de la magazinul din incinta penitenciarului practic\u0103 pre\u0163uri mai mari dec\u00e2t cele de pe pia\u0163\u0103. Plafonul sumei pentru cump\u0103r\u0103turi este de 270 RON pe de\u0163inut, pe s\u0103pt\u0103m\u00e2n\u0103.<\/p>\n<p style=\"text-align: justify;\" align=\"justify\">&#8211;\u00a0\u00a0\u00a0\u00a0\u00a0\u00a0\u00a0\u00a0 Reprezentantele asocia\u0163iei au vizitat \u015fi camera 23 \u00een care erau caza\u0163i patru din cei nou\u0103 de\u0163inu\u0163i \u00een regim de maxim\u0103 siguran\u0163\u0103 r\u0103ma\u015fi la Rahova \u00een a\u015fteptarea transferului. Ei erau v\u0103dit nemul\u0163umi\u0163i de faptul c\u0103 fuseser\u0103 trecu\u0163i de la regim \u00eenchis la maxim\u0103 siguran\u0163\u0103 f\u0103r\u0103 explica\u0163ii \u015fi numai pentru ca penitenciarul\u00a0 \u201es\u0103 scape de ei\u201d. Marian Ilie s-a pl\u00e2ns de faptul c\u0103 sunt \u0163inu\u0163i \u00een \u201ecu\u015fti\u201d (camerele de maxim\u0103 siguran\u0163\u0103 sunt prev\u0103zute cu grilaje suplimentare) c\u0103 este foarte frig \u015fi c\u0103 m\u00e2ncarea este proast\u0103.<\/p>\n<p><b><i>4. Hrana de\u0163inu\u0163ilor<\/i><\/b><\/p>\n<p style=\"text-align: justify;\" align=\"justify\">Blocul alimentar prezenta condens iar\u00a0 ventila\u0163ia era complet ineficient\u0103. Aburii formau o cea\u0163\u0103<br \/>\ndens\u0103 f\u0103c\u00e2nd aerul irespirabil. Asocia\u0163ia cere administra\u0163iei penitenciare <i>s\u0103 repare \u2013 sau s\u0103 \u00eenlocuiasc\u0103 \u2013 urgent sistemul de ventila\u0163ie.<\/i> Meniul zilei era urm\u0103torul: la \u201ecomun\u201d \u2013 ciorb\u0103 de fasole cu jum\u0103ri \u015fi pilaf cu carne de porc la pr\u00e2nz, tocan\u0103 cu sl\u0103nin\u0103, seara; pentru musulmani (53 de de\u0163inu\u0163i) \u2013 acela\u015fi meniu dar cu carne de vit\u0103 la pr\u00e2nz \u015fi tocan\u0103 f\u0103r\u0103 carne, seara; pentru diabetici (36 de de\u0163inu\u0163i) \u2013 sup\u0103 de legume cu ou\u0103 \u015fi tocan\u0103 cu carne de vit\u0103 la pr\u00e2nz, m\u00e2ncare de cartofi cu br\u00e2nz\u0103, seara (bolnavii de diabet primesc \u015fi trei suplimente pe zi const\u00e2nd din p\u00e2ine pr\u0103jit\u0103 cu margarin\u0103, salam \u015fi br\u00e2nz\u0103); pentru cardiaci, hepatici \u015fi cei cu gastrit\u0103 (312 de\u0163inu\u0163i) \u2013 sup\u0103 de legume \u015fi maz\u0103re cu carne de vit\u0103 \u015fi de porc, la pr\u00e2nz gri\u015f cu lapte \u015fi un m\u0103r, seara.<\/p>\n<p style=\"text-align: justify;\" align=\"justify\">M\u00e2ncarea, \u00een special cea de la regim, avea un aspect mul\u0163umitor. De altfel, cu o singur\u0103 excep\u0163ie, de\u0163inu\u0163ii nu s-au pl\u00e2ns de hrana asigurat\u0103 de penitenciar. Este, \u00eens\u0103, adev\u0103rat c\u0103 mul\u0163i dintre ei m\u0103n\u00e2nc\u0103 ce primesc \u00een pachete \u015fi\/sau \u00ee\u015fi cump\u0103r\u0103 de la magazinul din incint\u0103.<\/p>\n<p style=\"text-align: justify;\" align=\"justify\">Magazinul la care au acces de\u0163inu\u0163ii apar\u0163ine unei firme particulare \u015fi era destul de bine aprovizionat, inclusiv cu legume \u015fi fructe proaspete. Reprezentantul firmei a cerut imperativ reprezentantelor asocia\u0163iei <i>s\u0103 nu noteze pre\u0163urile <\/i>cu toate c\u0103 acestea erau afi\u015fate la vedere. Explica\u0163ia ciudatei preten\u0163ii ar fi o experien\u0163\u0103 nepl\u0103cut\u0103 cu un post de televiziune care ar fi filmat produsele dar prin colaje ulterioare ar fi ar\u0103tat pre\u0163uri mai mari dec\u00e2t cele practicate. Pe un ton r\u0103stit reprezentantul firmei a declarat c\u0103 <i>administra\u0163ia penitenciar\u0103 stabile\u015fte pre\u0163urile \u015fi c\u0103 adaosul firmei este mai mic dec\u00e2t cel de pe pia\u0163\u0103. <\/i>Din discu\u0163ia cu directorul penitenciarului a rezultat \u00eens\u0103 c\u0103 tot ce face administra\u0163ia este doar s\u0103 <i>compare<\/i> pre\u0163urile cu cele practicate \u00een magazine din afara sistemului penitenciar \u015fi s\u0103 <i>semnaleze <\/i>discrepan\u0163ele, cu sugestii de ajustare.<\/p>\n<p style=\"text-align: justify;\" align=\"justify\">Produsele solicitate de de\u0163inu\u0163i dar care lipsesc din stoc sunt aduse de firm\u0103 \u00een circa dou\u0103 s\u0103pt\u0103m\u00e2ni dar numai dac\u0103 directorul aprob\u0103 cererile (de exemplu mop, g\u0103leat\u0103,,produse pentru diabetici). Cu toate inconvenientele, APADOR-CH consider\u0103 c\u0103 <i>sistemul actual de contractare a unor firme din afara Administra\u0163iei Na\u0163ionale a Penitenciarelor trebuie men\u0163inut \u015fi \u00eembun\u0103t\u0103\u0163it. Asocia\u0163ia cere ANP s\u0103 reduc\u0103 lista bunurilor ce pot fi cump\u0103rate numai cu aprobarea directorului \u015fi s\u0103 simplifice procedura. O posibilitate ar fi ca firmele care gestioneaz\u0103 magazinele s\u0103 primeasc\u0103 <b>o list\u0103 cu obiecte interzise la v\u00e2nzare<\/b><\/i><b>, <i>restul fiind \u201ela liber\u201d. <\/i><\/b><i>APADOR-CH sus\u0163ine \u00eens\u0103 ideea unui minim control din partea administra\u0163iei penitenciare asupra pre\u0163urilor din aceste magazine. <\/i><\/p>\n<p><b><i>5. Asisten\u0163a medical\u0103<\/i><\/b><\/p>\n<p style=\"text-align: justify;\" align=\"justify\">Patru medici, 16 asisten\u0163i, un stomatolog \u015fi un tehnician dentar asigur\u0103 asisten\u0163a medical\u0103 a celor peste 1500 de de\u0163inu\u0163i. La prima vedere, s-ar putea crede c\u0103 propor\u0163ia dintre num\u0103rul de cadre medicale \u015fi cel al persoanelor private de libertate este satis\u0103c\u0103toare. \u00cens\u0103 nu trebuie omise anumite aspecte ce \u0163in de specificul deten\u0163iei cum ar fi separarea pe regimuri de executare a pedepselor \u015fi pe criterii de v\u00e2rst\u0103 care implic\u0103 o programare strict\u0103 la cabinete. Fiecare sec\u0163ie de de\u0163inere are un cabinet medical propriu iar medicii \u015fi asisten\u0163ii de serviciu se mut\u0103 de la un cabinet la altul. Se ajunge astfel la situa\u0163ii de genul celei de la sec\u0163ia a I-a unde, dup\u0103 ora 11.00 (sau poate chiar mai devreme) nu mai sunt prezen\u0163i nici doctorul \u015fi nici m\u0103car un asistent iar cabinetul medical este \u00eencuiat. Mai exist\u0103 \u015fi un cabinet de urgen\u0163e pentru \u00eentreg penitenciarul dar reprezentantele \u00a0\u00a0APADOR-CH nu au g\u0103sit pe nimeni acolo. O ultim\u0103 posibilitate ar fi apelarea la biroul medicilor care ar urma s\u0103 \u00een\u015ftiin\u0163eze doctorul c\u0103 a ap\u0103rut o problem\u0103 la sec\u0163ia de care r\u0103spunde. Solu\u0163ia deja propus\u0103 de asocia\u0163ie ar fi <i>reorganizarea turelor \u00een a\u015fa fel \u00eenc\u00e2t m\u0103car un asistent medical s\u0103 fie permanent prezent \u00een fiecare cabinet medical. <\/i><\/p>\n<p style=\"text-align: justify;\" align=\"justify\">Cu privire la programele pentru prevenirea r\u0103sp\u00e2ndirii infec\u0163iei cu HIV\/SIDA \u015fi a altor infec\u0163ii transmisibile\u00a0 \u015fi la accesul la\u00a0 tratament eficient pentru consumatorii de droguri injectabile, trebuie subliniat faptul c\u0103 penitenciarul Rahova a fost inclus \u00een programul pilot ce prevede, pe l\u00e2ng\u0103 cursuri de informare \u015fi educare, accesul de\u0163inu\u0163ilor la prezervative, schimbul de seringi \u015fi tratamentul cu substitute \u00een cazul celor care folosesc droguri injectabile.<\/p>\n<p style=\"text-align: justify;\" align=\"justify\">Accesul de\u0163inu\u0163ilor la prezervative este relativ liber, singura problem\u0103 fiind c\u0103 ele sunt depozitate <i>\u00een <\/i>cabinetele medicale, ceea ce \u00eenseamn\u0103 c\u0103 persoanele interesate nu se pot aproviziona dec\u00e2t odat\u0103 pe s\u0103pt\u0103m\u00e2n\u0103, potrivit programului de consult\u0103ri. <i>APADOR-CH a sugerat instalarea unor cutii cu prezervative \u015fi \u00een alte locuri accesibile de\u0163inu\u0163ilor <\/i>(\u00een cur\u0163ile de plimbare, la club, pe coridoare) <i>a\u015fa cum se procedeaz\u0103 \u00een alte penitenciare, de pild\u0103 la Gherla.<\/i><\/p>\n<p style=\"text-align: justify;\" align=\"justify\">\u00cen privin\u0163a schimbului de seringi, trebuie precizat c\u0103<i> nu a existat dec\u00e2t un singur de\u0163inut interesat <\/i>iar programul, de\u015fi teoretic continu\u0103, este, \u00een fapt, stopat din lips\u0103 de solicit\u0103ri . De\u015fi administra\u0163ia penitenciarului are informa\u0163ii c\u0103 sunt destui de\u0163inu\u0163i care se injecteaz\u0103, teama de posibilele consecin\u0163e \u2013 inclusiv legale \u2013 ale recunoa\u015fterii este mult mai puternic\u0103 dec\u00e2t dorin\u0163a de a evita riscul \u00eemboln\u0103virii. \u00cen plus, cu excep\u0163ia notabil\u0103 a doamnei doctor\u00a0 care a coordonat programul (\u015fi care a afirmat c\u0103 ar fi fost de dorit s\u0103 se \u00a0instaleze automate pentru seringi pe holuri), angaja\u0163ii sistemului penitenciar manifest\u0103 \u00een general reticen\u0163\u0103 fa\u0163\u0103 de astfel de metode de <i>prevenire. <\/i>Unii admit c\u0103 infectarea de\u0163inu\u0163ilor \u00eenseamn\u0103 pericol de contaminare \u00een penitenciar dar \u015fi <i>dup\u0103 liberare, <\/i>\u00een familie \u015fi comunitate, dar cred, eronat, c\u0103 singura metod\u0103 acceptabil\u0103 este abstinen\u0163a total\u0103. <i>Ar fi deci nevoie de educarea mai \u00eent\u00e2i a angaja\u0163ilor de penitenciar cu privire la avantajele unor astfel de m\u0103suri de prevenire.<\/i><\/p>\n<p style=\"text-align: justify;\" align=\"justify\">Partea din programul pilot cu privire la administrarea de substitute (metadon\u0103) de\u0163inu\u0163ilor care se declar\u0103 consumatori de droguri injectabile a avut ceva mai mult succes. \u015eapte de\u0163inu\u0163i\u00a0 beneficiaz\u0103 de acest tratament, din care \u015fase au fost transfera\u0163i la\u00a0 Jilava unde continu\u0103 administrarea metadonei (al \u015faptelea a r\u0103mas \u00een tratament la Rahova).<\/p>\n<p style=\"text-align: justify;\" align=\"justify\">\u00cen sf\u00e2r\u015fit, o surs\u0103 serioas\u0103 de transmitere a infec\u0163iilor \u00eentre de\u0163inu\u0163i este reprezentat\u0103 de modul primitiv \u00een care se fac tatuaje \u00een deten\u0163ie, problem\u0103 con\u015ftientizat\u0103 de personalul cabinetului medical dar pentru rezolvarea c\u0103reia nu s-a luat nicio m\u0103sur\u0103. <i>Solu\u0163ia sus\u0163inut\u0103 de APADOR-CH este ca de\u0163inu\u0163ilor care tatueaz\u0103 cu mijloace rudimentare \u015fi complet neigienice s\u0103 li se pun\u0103 la dispozi\u0163ie ace sterile, culori controlate medical \u015fi, bine\u00een\u0163eles, un mic spa\u0163iu de lucru.\u00a0 <\/i>Un exemplu \u2013 chiar dac\u0103 domeniul de activitate difer\u0103 \u2013 ar fi cel de la sec\u0163ia de femei de la penitenciarul Giurgiu unde o de\u0163inut\u0103 \u00ee\u015fi tunde, coafeaz\u0103 \u015fi machiaz\u0103 colegele dup\u0103 un anume program.<\/p>\n<p><b><i>6. Clubul de\u0163inu\u0163ilor<\/i><\/b><\/p>\n<p style=\"text-align: justify;\" align=\"justify\">\u00cen afara activit\u0103\u0163ilor socio-educative destul de reduse din sec\u0163ii, penitenciarul are un club mare la care de\u0163inu\u0163ii merg o dat\u0103 pe s\u0103pt\u0103m\u00e2n\u0103. \u00centr-o sal\u0103 foarte mare se pot desf\u0103\u015fura simultan mai multe activit\u0103\u0163i: badminton, tenis de mas\u0103, repeti\u0163ii ale forma\u0163iilor muzicale sau de teatru, scenografie (un de\u0163inut pasionat de aceast\u0103 meserie picteaz\u0103 decoruri pentru diferite manifest\u0103ri). \u00cen ziua vizitei APADOR-CH, un grup de cinci de\u0163inu\u0163i instrumenti\u015fti care s-au constituit \u00eentr-o forma\u0163ie muzical\u0103 repetau \u00eenc\u0103 de la ora 9.30 diminea\u0163a. Ei au spus c\u0103 repet\u0103 \u00een fiecare zi \u00eentre 9.30 \u015fi 14.15 iar de\u0163inutul scenograf vine \u015fi el zilnic la club dup\u0103 acela\u015fi program. Este, evident, vorba despre un program preferen\u0163ial dar nu ar fi nimic r\u0103u \u00een asta cu condi\u0163ia s\u0103 nu se \u201erup\u0103\u201d din timpul altor de\u0163inu\u0163i. Mai era \u015fi un mic grup de patru de\u0163inu\u0163i care studiau materiale pe unul din cele trei calculatoare puse la dispozi\u0163ia lor. Reprezentantele asocia\u0163iei au r\u0103mas \u00eens\u0103 surprinse de num\u0103rul foarte mic de de\u0163inu\u0163i care vin la club \u2013 circa 38 <i>pe s\u0103pt\u0103m\u00e2n\u0103 <\/i>\u2013 cifr\u0103 insignifiant\u0103 prin raportare la num\u0103rul total de de\u0163inu\u0163i (peste 1500) \u015fi la capacitatea \u015fi dotarea clubului. Este adev\u0103rat c\u0103 de\u0163inu\u0163ii vin odat\u0103 pe s\u0103pt\u0103m\u00e2n\u0103 la\u00a0 biblioteca clubului, c\u0103 se organizeaz\u0103 odat\u0103 pe lun\u0103 concursuri interactive la care particip\u0103 80-100 de persoane, dar tot este insuficient pentru numeroasa popula\u0163ie carceral\u0103 de la Rahova.<\/p>\n<p style=\"text-align: justify;\" align=\"justify\">Mai trebuie men\u0163ionat \u015fi faptul c\u0103 \u00eenv\u0103\u0163\u0103m\u00e2ntul se limiteaz\u0103 numai la clasele I-IV.<\/p>\n<p><b><i>7. Sectorul vizite<\/i><\/b><\/p>\n<p style=\"text-align: justify;\" align=\"justify\">O hal\u0103 imens\u0103 este compartimentat\u0103 pentru vizite la cabin\u0103 (7 cabine dotate cu telefoane), la mas\u0103 (cam 30 de mese), spa\u0163ii pentru discu\u0163iile cu avoca\u0163i sau notari, o camer\u0103 de perchezi\u0163ie corporal\u0103, o camer\u0103 de primire a pachetelor, toate sub supraveghere video \u2013 probabil \u015fi audio \u2013, cu excep\u0163ia \u00eenc\u0103perilor din a doua categorie. Acestea sunt prev\u0103zute cu geamuri mari de sticl\u0103 care dau spre interiorul halei, ceea ce permite doar supraveghere <i>vizual\u0103<\/i>. De altfel, un avocat care \u00ee\u015fi a\u015ftepta clientul a confirmat c\u0103 se respect\u0103 confiden\u0163ialitatea discu\u0163iilor.<\/p>\n<p style=\"text-align: justify;\" align=\"justify\">Av\u00e2nd \u00een vedere cele spuse de de\u0163inutul Tudor \u015etefan, reprezentantele asocia\u0163iei au dorit s\u0103 afle cum se desf\u0103\u015foar\u0103 perchezi\u0163ia corporal\u0103 \u00eenainte \u015fi dup\u0103 vizite. Responsabilul de sec\u0163ie a negat categoric c\u0103 de\u0163inu\u0163ii ar fi dezbr\u0103ca\u0163i la piele, \u00een vreme ce doi de\u0163inu\u0163i au dat r\u0103spunsuri evazive. \u00cen opinia asocia\u0163iei, procedura variaz\u0103 \u00een func\u0163ie de de\u0163inut. Cu toate c\u0103 rostul acestor perchezi\u0163ii corporale nu este foarte clar de vreme ce dimensiunea unei bile de drog este c\u00e2t a unei g\u0103m\u0103lii de ac \u015fi deci aproape imposibil de depistat, APADOR-CH <i>cere instituirea \u015fi respectarea unor reguli precise dup\u0103 care s\u0103 se desf\u0103\u015foare perchezi\u0163iile corporale, mai \u00eent\u00e2i de toate cu respectarea dreptului la protejarea intimit\u0103\u0163ii. <\/i><\/p>\n<p><b><i>8. Discu\u0163ia final\u0103 cu directorul penitenciarului<\/i><\/b><\/p>\n<p style=\"text-align: justify;\" align=\"justify\">Reprezentantele APADOR-CH au transmis domnului director c\u00e2teva din dolean\u0163ele de\u0163inu\u0163ilor<br \/>\nasupra c\u0103rora d\u00e2nsul poate decide imediat. Discu\u0163ia s-a axat apoi pe reprofilarea penitenciarelor Rahova \u2013 aresta\u0163i preventiv \u015fi regim \u00eenchis &#8211; , Jilava \u2013 regim semideschis \u015fi deschis &#8211;\u00a0 \u015fi Giurgiu \u2013 regim de maxim\u0103 siguran\u0163\u0103 \u015fi \u00eenchis &#8211; \u00a0\u015fi pe dificult\u0103\u0163ile \u00eent\u00e2mpinate la numeroasele transferuri din ultimele dou\u0103 \u2013 trei luni. Domnul director a afirmat c\u0103\u00a0 problema cea mai serioas\u0103 pentru penitenciar este g\u0103sirea unor locuri de munc\u0103 pentru de\u0163inu\u0163i.<br \/>\nLa data vizitei, ceva mai mult de 50 de de\u0163inu\u0163i ie\u015feau la munc\u0103 (f\u0103r\u0103 a include \u015fi GAZ Bragadiru) iar perspectiva nu este deloc lini\u015ftitoare. Domnul director a spus c\u0103 nu vede cum \u015fi unde ar putea g\u0103si de lucru pentru mai mult de o sut\u0103 de de\u0163inu\u0163i.<\/p>\n<p style=\"text-align: justify;\" align=\"justify\">Concluzii<\/p>\n<p>Reducerea num\u0103rului de regimuri de executare a pedepselor \u00een mai multe penitenciare cu schimbarea profilului (Rahova \u2013 aresta\u0163i preventiv \u015fi regim \u00eenchis, Giurgiu \u2013 regim de maxim\u0103 siguran\u0163\u0103 \u015fi \u00eenchis, Jilava \u2013 regim semideschis \u015fi deschis) este o m\u0103sur\u0103 bine venit\u0103 pentru c\u0103:<\/p>\n<p style=\"text-align: justify;\" align=\"justify\">a) poate elimina diferen\u0163ele dintre modurile \u00een care acelea\u015fi categorii de de\u0163inu\u0163i sunt tratate<br \/>\n\u00een diverse penitenciare;<\/p>\n<p style=\"text-align: justify;\" align=\"justify\">b) poate asigura o mai bun\u0103 distribu\u0163ie a personalului de penitenciar care nu se va mai \u00eemp\u0103r\u0163i<br \/>\n\u00eentre trei sau patru regimuri cu reguli diferite ci doar la dou\u0103, cu dorita consecin\u0163\u0103 a sc\u0103derii tensiunilor dintre angaja\u0163i \u015fi de\u0163inu\u0163i;<\/p>\n<p>APADOR-CH consider\u0103 c\u0103 asigurarea <i>permanen\u0163ei la fiecare cabinet medical<\/i> din penitenciarul Rahova este\u00a0 o necesitate stringent\u0103 \u015fi cere administra\u0163iei penitenciarului s\u0103 ia<br \/>\nm\u0103surile ce se impun;<\/p>\n<p>APADOR-CH insist\u0103 ca <i>minorii s\u0103 nu mai fie \u00eenc\u0103tu\u015fa\u0163i \u00een nicio circumstan\u0163\u0103 iar \u00eenc\u0103tu\u015farea tinerilor \u015fi adul\u0163ilor s\u0103 fie <b>doar excep\u0163ia \u015fi nu regula<\/b>, a\u015fa cum prevede Legea 275\/2006;<\/i><\/p>\n<p>Asocia\u0163ia constat\u0103 c\u0103 serviciul socio-educativ desf\u0103\u015foar\u0103 prea pu\u0163ine programe \u00een care sunt antrena\u0163i un num\u0103r foarte redus de de\u0163inu\u0163i. Asocia\u0163ia a propus \u00een mod\u00a0 repetat ca la elaborarea programelor s\u0103 fie consulta\u0163i \u015fi de\u0163inu\u0163ii, de exemplu prin chestionare distribuite \u00een camere;<\/p>\n<p>Asocia\u0163ia cere reducerea listei de obiecte ce pot fi cump\u0103rate de la magazinul din incinta penitenciarului doar cu aprobarea directorului precum \u015fi scurtarea procedurii;<\/p>\n<p>APADOR-CH cere administra\u0163iei penitenciarului s\u0103 fac\u0103 eforturi pentru <i>continuarea programului de prevenire a r\u0103sp\u00e2ndirii HIV\/SIDA \u015fi a altor infec\u0163ii cu transmisiune sexual\u0103 precum \u015fi cel de tratament substitutiv pentru consumatorii de droguri injectabile<\/i>. Chiar dac\u0103 schimbul de seringi nu a dat rezultate, mai \u00eenainte de orice din cauza lipsei de \u00eencredere din partea de\u0163inu\u0163ilor, corecta informare \u015fi discu\u0163iile libere pe aceast\u0103 tem\u0103 ar trebui continuate. \u00cen plus, trebuie acordat\u0103 aten\u0163ie \u015fi problemei tatuajelor, \u00een sensul \u201eigieniz\u0103rii\u201d \u00eentregii opera\u0163iuni.<\/p>\n<p style=\"text-align: justify;\" align=\"justify\">Alte concluzii \u015fi recomand\u0103ri sunt cuprinse \u00een raport.<\/p>\n<p style=\"text-align: justify;\" align=\"justify\">Manuela<br \/>\n\u015etef\u0103nescu<br \/>\nMaria-Nicoleta Andreescu<\/p>\n<p><\/p>","protected":false},"excerpt":{"rendered":"<p>La data de 13 februarie 2009, dou&#259; reprezentante ale APADOR-CH au vizitat penitenciarul Rahova-Bucure&#351;ti.<\/p>\n","protected":false},"author":2,"featured_media":0,"comment_status":"closed","ping_status":"open","sticky":false,"template":"","format":"standard","meta":{"footnotes":""},"categories":[15],"tags":[],"class_list":["post-1931","post","type-post","status-publish","format-standard","hentry","category-monitorizarea-conditiilor-de-detentie-penitenciare"],"_links":{"self":[{"href":"https:\/\/apador.org\/en\/wp-json\/wp\/v2\/posts\/1931","targetHints":{"allow":["GET"]}}],"collection":[{"href":"https:\/\/apador.org\/en\/wp-json\/wp\/v2\/posts"}],"about":[{"href":"https:\/\/apador.org\/en\/wp-json\/wp\/v2\/types\/post"}],"author":[{"embeddable":true,"href":"https:\/\/apador.org\/en\/wp-json\/wp\/v2\/users\/2"}],"replies":[{"embeddable":true,"href":"https:\/\/apador.org\/en\/wp-json\/wp\/v2\/comments?post=1931"}],"version-history":[{"count":0,"href":"https:\/\/apador.org\/en\/wp-json\/wp\/v2\/posts\/1931\/revisions"}],"wp:attachment":[{"href":"https:\/\/apador.org\/en\/wp-json\/wp\/v2\/media?parent=1931"}],"wp:term":[{"taxonomy":"category","embeddable":true,"href":"https:\/\/apador.org\/en\/wp-json\/wp\/v2\/categories?post=1931"},{"taxonomy":"post_tag","embeddable":true,"href":"https:\/\/apador.org\/en\/wp-json\/wp\/v2\/tags?post=1931"}],"curies":[{"name":"wp","href":"https:\/\/api.w.org\/{rel}","templated":true}]}}