{"id":1937,"date":"2009-06-24T00:00:00","date_gmt":"2009-06-24T00:00:00","guid":{"rendered":"http:\/\/www.apador.org\/seamus\/raport-asupra-vizitei-la-penitenciarul-pentru-minori-i-tineri-din-comuna-tichileti-judeul-brila\/"},"modified":"2009-06-24T00:00:00","modified_gmt":"2009-06-24T00:00:00","slug":"raport-asupra-vizitei-la-penitenciarul-pentru-minori-i-tineri-din-comuna-tichileti-judeul-brila","status":"publish","type":"post","link":"https:\/\/apador.org\/en\/raport-asupra-vizitei-la-penitenciarul-pentru-minori-i-tineri-din-comuna-tichileti-judeul-brila\/","title":{"rendered":"Raport asupra vizitei la Penitenciarul pentru Minori &#351;i Tineri din comuna Tichile&#351;ti, jude&#355;ul Br&#259;ila"},"content":{"rendered":"<p class=\"qtranxs-available-languages-message qtranxs-available-languages-message-en\">Sorry, this entry is only available in <a href=\"https:\/\/apador.org\/ro\/wp-json\/wp\/v2\/posts\/1937\" class=\"qtranxs-available-language-link qtranxs-available-language-link-ro\" title=\"Rom\u00e2n\u0103\">Rom\u00e2n\u0103<\/a>. For the sake of viewer convenience, the content is shown below in the alternative language. You may click the link to switch the active language.<\/p><p><\/p>\n<p align=\"justify\" style='text-align:justify'>Pe data de 24<br \/>\n    iunie 2009, dou&#259; reprezentante ale APADOR-CH au vizitat Penitenciarul pentru<br \/>\n    Minori &#351;i Tineri (PMT) din Tichile&#351;ti. \u00cen afar&#259; de acest penitenciar mai exist&#259;<br \/>\n  PMT la Craiova &#351;i, \u00een curs de finalizare, \u00eenc&#259; unul la T\u00e2rgu Mure&#351;.<\/p>\n<p>    Date<br \/>\n      generale<\/p>\n<p align=\"justify\" style='text-align:justify'>PMT Tichile&#351;ti<br \/>\n    este situat la circa 8 km de municipiul Br&#259;ila. Ca spa&#355;iu de de&#355;inere,<br \/>\n    penitenciarul dispune de dou&#259; corpuri de cl&#259;dire: unul vechi, cu camere f&#259;r&#259;<br \/>\n    grup sanitar (sec&#355;ia I-a) cel de al doilea mai recent construit, cu condi&#355;ii de<br \/>\n    deten&#355;ie relativ mai bune (sec&#355;ia a II-a). \u00cen sec&#355;ia I-a se afl&#259; carantina<br \/>\n    (program obligatoriu de 21 de zile prin care trec toate persoanele nou-venite<br \/>\n    pentru a \u00eenv&#259;&#355;a regulamentul de ordine interioar&#259; &#351;i a face examene medicale),<br \/>\n    cabinetul medical, infirmeria, o camer&#259; pentru cei opt de&#355;inu&#355;i care lucreaz&#259;<br \/>\n    la blocul alimentar (to&#355;i \u00een regim semi-deschis), fosta camer&#259; de izolare<br \/>\n    rebotezat&#259; \u201egsr\u201d (grad sporit de risc) &#351;i cele dou&#259; s&#259;li de mese. Oarecum<br \/>\n    paradoxal, <i>numai minorii &#351;i tinerii din<br \/>\n    sec&#355;ia a II-a considera&#355;i, generic, \u201es&#259;n&#259;to&#351;i\u201d <\/i>sunt adu&#351;i \u00een aceste<br \/>\n    s&#259;li s&#259; serveasc&#259; cele trei mese zilnice \u00een vreme ce to&#355;i de&#355;inu&#355;ii din sec&#355;ia<br \/>\n    I-a\u00a0\u00a0 m&#259;n\u00e2nc&#259; <i>\u00een camere. APADOR-CH sugereaz&#259;<br \/>\n    reorganizarea programului de servire a meselor \u00een a&#351;a fel \u00eenc\u00e2t &#351;i de&#355;inu&#355;ii<br \/>\n  din sec&#355;ia a I-a s&#259; poat&#259; m\u00e2nca \u00een cele dou&#259; s&#259;li.<\/i><\/p>\n<p align=\"justify\" style='text-align:justify'>Un alt treilea<br \/>\n    corp de cl&#259;dire pentru cazarea de&#355;inu&#355;ilor este \u00een construc&#355;ie. Termenul<br \/>\n    ini&#355;ial de finalizare era decembrie 2008 dar la jum&#259;tatea lunii iunie a.c. mai<br \/>\n    r&#259;m&#259;sese mult de lucru a&#351;a \u00eenc\u00e2t pavilionul ar putea fi dat \u00een folosin&#355;&#259; \u2013<br \/>\n    \u00eentr-o viziune optimist&#259; \u2013 la sf\u00e2r&#351;itul acestui an. Ar urma dezafectarea &#351;i \u00een<br \/>\n    mare parte demolarea cl&#259;dirii vechi ce ad&#259;poste&#351;te \u00een prezent sec&#355;ia a I-a.<br \/>\n    APADOR-CH nu cunoa&#351;te condi&#355;iile contractului \u00eencheiat cu firma particular&#259;<br \/>\n    constructoare dar\u00a0 cere Administra&#355;iei Na&#355;ionale a Penitenciarelor s&#259;<br \/>\n  foloseasc&#259; toate c&#259;ile legale pentru urgentarea\u00a0 finaliz&#259;rii lucr&#259;rilor.<\/p>\n<p align=\"justify\" style='text-align:justify'>\u00cen penitenciar<br \/>\n    sunt practic dou&#259; regimuri de executare a pedepselor: semi-deschis &#351;i \u00eenchis<br \/>\n    (de&#355;inu&#355;ii \u00een regim deschis sunt to&#355;i la gospod&#259;ria agro-zootehnic&#259; de pe<br \/>\n    Insula Mare a Br&#259;ilei iar regimul de maxim&#259; siguran&#355;&#259; <i>nu <\/i>se aplic&#259; la minori &#351;i tineri). \u00cens&#259; regimul<br \/>\n    semi-deschis este practic <i>\u00eenchis <\/i>\u00a0pentru<br \/>\n    c&#259; u&#351;ile camerelor sunt permanent \u00eencuiate (se deschid <i>doar \u00eentre 30 de minute &#351;i o or&#259; o singur&#259; dat&#259; pe<br \/>\n    s&#259;pt&#259;m\u00e2n&#259;<\/i>) &#351;i prin urmare de&#355;inu&#355;ii <i>nu<br \/>\n    pot circula liber nici \u00een interiorul sec&#355;iei &#351;i nici la curtea de plimbare<\/i> de la de&#351;teptare p\u00e2n&#259; la stingere <b>a&#351;a cum<br \/>\n    prevede Legea 275\/2006<\/b>. Ei sunt sco&#351;i la aer c\u00e2te dou&#259;-trei ore pe<br \/>\n    zi,<i> pe baza programului zilnic stabilit de<br \/>\n    administra&#355;ie &#351;i nu c\u00e2nd vor ei &#351;i nici nu li se permite revenirea \u00een camere<br \/>\n    dec\u00e2t la terminarea programului<\/i>. Directorul penitenciarului a<br \/>\n    declarat c&#259; este de preferat <i>s&#259; nu respecte<br \/>\n    \u00eentocmai legea dec\u00e2t s&#259; ri&#351;te evenimente nepl&#259;cute ce s-ar putea \u00eent\u00e2mpla dac&#259;<br \/>\n    u&#351;ile camerelor ar r&#259;m\u00e2ne deschise <\/i>(conflicte \u00eentre de&#355;inu&#355;i,<br \/>\n    furturi etc.). Reprezentantele APADOR-CH au argumentat \u00een zadar c&#259; temeri de<br \/>\n    acest gen au existat &#351;i \u00een penitenciarele pentru adul&#355;i dar regimul<br \/>\n  semi-deschis s-a aplicat \u2013 unde era cazul \u2013 conform legii &#351;i <i>nu <\/i>s-au semnalat astfel de evenimente.\u00a0 <\/p>\n<p>    Efective<br \/>\n      de&#355;inu&#355;i, personal de penitenciar, suprafe&#355;e de de&#355;inere<\/p>\n<p align=\"justify\" style='text-align:justify'>La data vizitei,<br \/>\n    \u00een penitenciar se aflau 244 de de&#355;inu&#355;i, exclusiv de sex masculin, \u00een<br \/>\n    majoritate minori \u00eemp&#259;r&#355;i&#355;i pe urm&#259;toarele categorii:\u00a0 58 \u2013 \u00een arest preventiv,<br \/>\n    8 \u2013 la carantin&#259;, 32 \u2013 \u00een regim deschis (to&#355;i caza&#355;i la gospod&#259;ria<br \/>\n  agro-zootehnic&#259;), 117 \u2013 \u00een regim semi-deschis &#351;i 29 \u2013 \u00een regim \u00eenchis. <\/p>\n<p align=\"justify\" style='text-align:justify'>Personalul de<br \/>\n    penitenciar care vine \u00een contact direct cu de&#355;inu&#355;ii &#351;i aresta&#355;ii preventiv<br \/>\n    (except\u00e2nd cadrele didactice) era format din 106 ofi&#355;eri &#351;i agen&#355;i de paz&#259;, opt<br \/>\n    cadre medicale &#351;i 32 de angaja&#355;i la serviciul socio-educativ. Propor&#355;ia dintre<br \/>\n    num&#259;rul angaja&#355;ilor &#351;i cel al de&#355;inu&#355;ilor este foarte bun&#259; (sub doi de&#355;inu&#355;i<br \/>\n    la\u00a0 un angajat) ceea ce se reflect&#259; \u00een destul de numeroasele activit&#259;&#355;i at\u00e2t \u00een<br \/>\n    interiorul c\u00e2t mai ales <i>\u00een afara<br \/>\n  penitenciarului <\/i>Vezi mai jos detalii.). <\/p>\n<p align=\"justify\" style='text-align:justify'>Spa&#355;iul de<br \/>\n    de&#355;inere este de 1735 mp (cele dou&#259; corpuri de cl&#259;dire) c&#259;rora li se adaug&#259; 294<br \/>\n    mp la gospod&#259;ria agro-zootehnic&#259;. Teoretic, fiec&#259;rui de&#355;inut i-ar reveni peste<br \/>\n    4 mp ceea ce ar corespunde standardelor minime de cazare recomandate de<br \/>\n    Comitetul pentru Prevenirea Torturii (CPT) din cadrul Consiliului Europei \u00een<br \/>\n    mod special pentru sistemul penitenciar din Rom\u00e2nia. Practic \u00eens&#259; mai sunt<br \/>\n    camere foarte mici \u00een cl&#259;direa veche (de exemplu fosta camer&#259; de izolare,<br \/>\n    actualmente \u201egsr\u201d, m&#259;soar&#259; mai pu&#355;in de 6 mp) iar \u00een sec&#355;ia a II-a\u00a0 sunt camere<br \/>\n    \u00een care au fost caza&#355;i 26-28 de de&#355;inu&#355;i, cam de dou&#259; ori mai mul&#355;i dec\u00e2t ar fi<br \/>\n    fost normal prin raportare la dimensiunea suprafe&#355;ei totale de de&#355;inere. Se<br \/>\n    sper&#259; \u00eens&#259; c&#259; problemele se vor rezolva \u00een mare m&#259;sur&#259; o dat&#259; cu finalizarea<br \/>\n  noului corp de cl&#259;dire.<\/p>\n<p>    &#350;coala<\/p>\n<p align=\"justify\" style='text-align:justify'>&#350;coala,<br \/>\n    independent&#259; fa&#355;&#259; de administra&#355;ia penitenciarului, cuprinde ciclurile primar,<br \/>\n    gimnazial, liceu tehnologic (clasa a IX-a) &#351;i &#351;coala de arte &#351;i meserii<br \/>\n    (clasele X-XII). Clasa a XII-a a func&#355;ionat pentru prima oar&#259; \u00een anul &#351;colar<br \/>\n    2008-2009 dar din cei nou&#259; de&#355;inu&#355;i \u00eenscri&#351;i \u00een toamn&#259; numai unul a ob&#355;inut<br \/>\n  diploma.<\/p>\n<p align=\"justify\" style='text-align:justify'>Teoretic, to&#355;i<br \/>\n    minorii &#351;i tinerii cu condamn&#259;ri frecventeaz&#259; fie &#351;coala (cam 160 de locuri),<br \/>\n    fie\u00a0 cursuri de calificare organizate de AJOFM Br&#259;ila &#351;i administra&#355;ia<br \/>\n    penitenciarului (la data vizitei erau \u00een desf&#259;&#351;urare 3 astfel de cursuri:<br \/>\n    frizerie, t\u00e2mpl&#259;rie pvc &#351;i izola&#355;ii). Practic, sunt destul de multe cazuri de<br \/>\n    \u00eentrerupere a studiilor\u00a0 sau de abandonare a cursurilor de calificare\u00a0 (din<br \/>\n    motive de transfer, punere \u00een libertate etc.). Trebuie men&#355;ionat faptul c&#259;<br \/>\n    minorii &#351;i tinerii afla&#355;i \u00een <i>arest preventiv <\/i>(aproape un sfert din efective) <i>nu<br \/>\n    sunt cuprin&#351;i \u00een nicio form&#259; de preg&#259;tire &#351;colar&#259;. <\/i>APADOR-CH<br \/>\n    solicit&#259; ca &#351;i acestora s&#259; li se ofere posibilitatea de a urma cursuri &#351;colare,<br \/>\n    cu at\u00e2t mai mult cu c\u00e2t ei pot sta luni de zile sau chiar ani p\u00e2n&#259; la<br \/>\n    pronun&#355;area hot&#259;r\u00eerilor definitive &#351;i irevocabile \u00een procesele penale.<br \/>\n    Asocia&#355;ia revine &#351;i asupra unei alte probleme pe care a mai semnalat-o \u00een<br \/>\n    rapoarte anterioare: de&#355;inu&#355;ii adu&#351;i \u00een penitenciare (nu numai la Tichile&#351;ti) <i>dup&#259; <\/i>\u00eenceperea anului &#351;colar <i>nu <\/i>mai pot fi \u00eenscri&#351;i la cursuri. \u00cen<br \/>\n  opinia asocia&#355;iei, m&#259;car ciclul primar ar trebui exceptat de la aceast&#259; regul&#259;. <\/p>\n<p align=\"justify\" style='text-align:justify'>De notat c&#259; la<br \/>\n    &#351;coal&#259; <i>nu <\/i>se aplic&#259; separarea<br \/>\n    de&#355;inu&#355;ilor \u00een func&#355;ie de regimul de executare\u00a0\u00a0 a pedepselor a&#351;a \u00eenc\u00e2t cei de<br \/>\n    la \u201e\u00eenchis\u201d &#351;i \u201esemi-deschis\u201d frecventeaz&#259; cursurile \u00eempreun&#259;. \u00cens&#259; de&#355;inu&#355;ii<br \/>\n    din prima categorie <i>nu sunt &#8211; dec\u00e2t \u00een mod<br \/>\n    excep&#355;ional &#8211; eligibili pentru cursurile de calificare organizate de AJOFM (La<br \/>\n    momentul vizitei se desf&#259;&#351;urau cursuri de calificare \u00een specializ&#259;rile:frizer,<br \/>\n    t\u00e2mpl&#259;rie PVC &#351;i izola&#355;ii) <\/i>. Unul din motive este acea greu de<br \/>\n    \u00een&#355;eles condi&#355;ie impus&#259; de AJOFM: de&#355;inu&#355;ii sunt accepta&#355;i la cursurile de<br \/>\n    calificare numai <i>dac&#259; mai au de executat opt<br \/>\n    luni din pedeaps&#259; p\u00e2n&#259; la prezentarea la comisia de liberare. <\/i>Al<br \/>\n    doilea motiv \u2013 niciodat&#259; recunoscut pe fa&#355;&#259; \u2013 este re&#355;inerea sau chiar teama de<br \/>\n    a lucra cu \u201eb&#259;ie&#355;ii r&#259;i\u201d (Motivul este valabil &#351;i \u00een cazul programelor socio-educative<br \/>\n    organizate de penitenciare \u00een care se prefer&#259; activit&#259;&#355;i cu de&#355;inu&#355;i \u201ecumin&#355;i\u201d,<br \/>\n    \u00een principal de la regimurile deschis &#351;i semi-deschis.). APADOR-CH\u00a0 atrage din<br \/>\n    nou aten&#355;ia c&#259; tocmai de&#355;inu&#355;ii cu pedepse mari sau\u00a0 cu comportament<br \/>\n    recalcitrant trebuie s&#259; fie atra&#351;i \u00een c\u00e2t mai multe programe. Pe de o parte,<br \/>\n    pentru c&#259; reeducarea &#351;i preg&#259;tirea lor pentru reintegrare\u00a0 presupune de la bun<br \/>\n    \u00eenceput eforturi mai mari din partea sistemului penitenciar iar pe de alt&#259;<br \/>\n    parte, pentru c&#259; <i>lipsa de activit&#259;&#355;i <\/i>nu<br \/>\n    face dec\u00e2t s&#259; sporeasc&#259; tensiunile ce exist&#259;\u00a0 \u00eentre ace&#351;ti de&#355;inu&#355;i &#351;i<br \/>\n    personalul de penitenciar &#351;i\/sau pedagogic\u00a0 dar &#351;i \u00eentre ei &#351;i colegii de<br \/>\n  deten&#355;ie.<\/p>\n<p>    Activit&#259;&#355;i<br \/>\n      socio-educative<\/p>\n<p align=\"justify\" style='text-align:justify'>Serviciul are 32<br \/>\n    de angaja&#355;i din care 25 \u201ecivili\u201d (23 educatori, un psiholog, un preot, niciun<br \/>\n    asistent social) &#351;i &#351;apte agen&#355;i supraveghetori.\u00a0 \u00cen afara cursurilor de<br \/>\n    calificare organizate cu AJOFM, serviciul mai desf&#259;&#351;oar&#259; &#351;i \u201eclasicele\u201d<br \/>\n    programe \u201eInstad\u201d (carantina), \u201eAlfaz\u201d (alfabetizare) \u201eEducosan\u201d (educa&#355;ie<br \/>\n    sanitar&#259;) &#351;i \u201eEducosport\u201d (activit&#259;&#355;i sportive). \u00cen chiar ziua vizitei avea loc<br \/>\n    finala campionatului zonal de fotbal cu participarea echipelor de de&#355;inu&#355;i de<br \/>\n    la Br&#259;ila, Gala&#355;i &#351;i desigur Tichile&#351;ti. \u00cens&#259; aspectul cel mai important se<br \/>\n    refer&#259; la <i>contactele dintre de&#355;inu&#355;i &#351;i<br \/>\n    comunitate, \u00een special prin frecventele ie&#351;iri din penitenciar. <\/i>Grupuri<br \/>\n    de c\u00e2te 10-12 de&#355;inu&#355;i (numai de la regimurile deschis &#351;i semi-deschis) sunt<br \/>\n    du&#351;i la Br&#259;ila la biseric&#259;, la muzee sau expozi&#355;ii (acces liber), la teatrul<br \/>\n    \u201eMaria Filotti\u201d unde au un locuri rezervate &#351;i gratuite, la &#351;coli \u201ecivile\u201d etc.<br \/>\n    Important este &#351;i faptul c&#259; &#8211;\u00a0 potrivit celor spuse de preotul penitenciarului<br \/>\n    care particip&#259; la astfel de programe \u2013 minorii &#351;i tinerii nu pot fi identifica&#355;i<br \/>\n    de trec&#259;tori ca <i>de&#355;inu&#355;i<\/i> pentru<br \/>\n    c&#259; nu se deplaseaz&#259; \u201edoi c\u00e2te doi\u201d &#351;i poart&#259; haine obi&#351;nuite. Nici<br \/>\n    supraveghetorii care \u00eenso&#355;esc grupul nu poart&#259; semne distinctive. Programul<br \/>\n    organizat de preot cuprinde, de regul&#259;, pe l\u00e2ng&#259; o scurt&#259; slujb&#259; la biserica &#351;i<br \/>\n    vizitarea unui alt obiectiv (un muzeu, gr&#259;dina zoologic&#259; etc.). Personalul<br \/>\n    serviciului a afirmat c&#259; astfel de ie&#351;iri sunt cel pu&#355;in lunare dar au fost<br \/>\n  destule luni \u00een care s-au \u00eenregistrat chiar &#351;i 4-6 activit&#259;&#355;i de genul acesta.<\/p>\n<p align=\"justify\" style='text-align:justify'>La fel de bine venite<br \/>\n    sunt &#351;i ac&#355;iunile de tipul expozi&#355;ie de desene, picturi sau obiecte f&#259;cute de<br \/>\n    de&#355;inu&#355;i \u00een cabinetul de terapie ocupa&#355;ional&#259; organizate de penitenciar \u00een<br \/>\n    municipiul Br&#259;ila \u00een colaborare cu autorit&#259;&#355;ile locale. Pe durata vizitei,<br \/>\n    reprezentantele asocia&#355;iei au fost informate c&#259; a doua zi urma inaugurarea unei<br \/>\n    expozi&#355;ii de desene \u00een sediul Bibliotecii Jude&#355;ene Br&#259;ila. Pe 25 iunie<br \/>\n    diminea&#355;a ele au mers la sediul respectiv &#351;i au constatat c&#259; informa&#355;ia era<br \/>\n    corect&#259;: o sal&#259; mare din bibliotec&#259; avea pere&#355;ii acoperi&#355;i cu desene ale<br \/>\n    de&#355;inu&#355;ilor iar cei patru autori (to&#355;i \u00een regim semi-deschis) erau prezen&#355;i. Nu<br \/>\n    a fost clar \u00eens&#259; c\u00e2t timp va r&#259;m\u00e2ne deschis&#259; expozi&#355;ia (se pare c&#259; dou&#259;<br \/>\n  s&#259;pt&#259;m\u00e2ni) &#351;i nici dac&#259; cei patru autori vor mai fi prezen&#355;i \u00een sal&#259; \u00een zilele urm&#259;toare.\u00a0\u00a0 <\/p>\n<p align=\"justify\" style='text-align:justify'>APADOR-CH<br \/>\n    apreciaz&#259; \u00een mod deosebit <i>scoaterea<br \/>\n    minorilor &#351;i tinerilor din spa&#355;iul de de&#355;inere. Ar fi \u00eens&#259; de dorit ca <b>&#351;i minorii &#351;i tinerii din regim \u00eenchis s&#259; fie inclu&#351;i<br \/>\n  \u00een astfel de activit&#259;&#355;i.<\/b><\/i><\/p>\n<p align=\"justify\" style='text-align:justify'>Mai trebuie<br \/>\n    amintit&#259; &#351;i prezen&#355;a regulat&#259; (o dat&#259; pe s&#259;pt&#259;m\u00e2n&#259;) a dou&#259; organiza&#355;ii<br \/>\n    neguvernamentale (\u201eSt\u00e2nca veacurilor\u201d &#351;i Serviciul Umanitar pentru<br \/>\n    Penitenciare) ambele av\u00e2nd ca obiect de activitate educa&#355;ia moral-religioas&#259; a<br \/>\n  de&#355;inu&#355;ilor.\u00a0 <\/p>\n<p align=\"justify\" style='text-align:justify'>La toate acestea<br \/>\n    se adaug&#259; plimbarea zilnic&#259; de minimum o or&#259; &#351;i maximum trei ore. \u00cen sec&#355;ia a<br \/>\n    II \u2013 a, curtea cea mare este destinat&#259; \u00een principal celor de la regim<br \/>\n    semi-deschis \u00een vreme ce aresta&#355;ii preventiv &#351;i de&#355;inu&#355;ii \u00een regim \u00eenchis ies<br \/>\n    la aer \u00eentr-un spa&#355;iu mult mai redus. Cei din sec&#355;ia a I-a (cl&#259;direa veche) ies<br \/>\n  la aer doar pe aleea de acces.<\/p>\n<p align=\"justify\" style='text-align:justify'>Dat fiind<br \/>\n    specificul PMT sub aspectul efectivelor de de&#355;inu&#355;i (minori &#351;i tineri provenind<br \/>\n    \u00een majoritate din familii s&#259;race cu grad redus de confort), <i>educa&#355;ia sanitar&#259; <\/i>cap&#259;t&#259; o importan&#355;&#259;<br \/>\n    deosebit&#259;. De aceea APADOR-CH sugereaz&#259; serviciului socio-educativ ca, \u00een<br \/>\n    cadrul programului \u201eEducosan\u201d, s&#259; g&#259;seasc&#259;, \u00eempreun&#259; cu cabinetul medical,<br \/>\n    formule mai atractive dec\u00e2t \u00een&#351;iruirea regulilor elementare pentru men&#355;inerea <i>igienei corporale individuale <\/i>(de pild&#259;:<br \/>\n    prezentarea unor filmule&#355;e cu consecin&#355;ele nerespect&#259;rii acestor reguli urmate<br \/>\n    de discu&#355;ii). Ar trebui ca &#351;i cadrele didactice de la &#351;coal&#259; s&#259; se ocupe mai <i>concret<\/i> de aceast&#259; problem&#259;. Este clar c&#259;<br \/>\n    destui de&#355;inu&#355;i nu cunosc \u2013 sau nu respect&#259; \u2013 normele sanitare elementare<br \/>\n    (mul&#355;i minori &#351;i tineri degaj&#259; mirosuri nepl&#259;cute ceea ce face ca aerul din<br \/>\n    camere s&#259; fie greu de respirat). Mai sunt &#351;i alte deficien&#355;e men&#355;ionate mai jos<br \/>\n  ce nu pot fi rezolvate dec\u00e2t de administra&#355;ia penitenciarului. <\/p>\n<p>    Asisten&#355;a<br \/>\n      medical&#259;<\/p>\n<p align=\"justify\" style='text-align:justify'>Asisten&#355;a medical&#259;<br \/>\n    este asigurat&#259; de o doamn&#259; doctor medic de familie &#351;i &#351;apte asisten&#355;i (un<br \/>\n    angajat civil care lucreaz&#259; zilnic, cinci asisten&#355;i medicali care lucreaz&#259; \u00een<br \/>\n    ture &#351;i un asistent la farmacie). Doamna doctor a declarat c&#259; nu s-au<br \/>\n    \u00eenregistrat boli cronice (cu excep&#355;ia unui caz de epilepsie). Nu s-au semnalat<br \/>\n    nici hepatite (din nou cu o excep&#355;ie: un de&#355;inut transferat recent la<br \/>\n  Tichile&#351;ti cu diagnosticul de hepatit&#259; B &#351;i C) &#351;i nici cazuri de TBC. <\/p>\n<p align=\"justify\" style='text-align:justify'>Una din<br \/>\n    dificult&#259;&#355;ile cu care se confrunt&#259; \u00een prezent este rezultatul deciziei ANP de<br \/>\n    anulare a afilierii penitenciarului la farmacia zonal&#259; Poarta Alb&#259; pe linia<br \/>\n    bugetar&#259; a procur&#259;rii de medicamente. Cu alte cuvinte penitenciarul poate<br \/>\n    cump&#259;ra medicamente <i>numai <\/i>din<br \/>\n    bugetul propriu,\u00a0 prea mic pentru necesit&#259;&#355;ile de&#355;inu&#355;ilor \u00een materie de<br \/>\n    medicamente <i>eficiente<\/i>. \u00centre<br \/>\n    altele, doamna doctor a men&#355;ionat <i>lipsa<br \/>\n    unguentelor cu antibiotice,<\/i> prea scumpe pentru penitenciar. Cu<br \/>\n    aceast&#259; ocazie, d\u00e2nsa a pomenit de circa <i>patru <\/i>de&#355;inu&#355;i bolnavi de prurigo (conform defini&#355;iei din DEX, \u201eboal&#259;<br \/>\n    cronic&#259; de piele caracterizat&#259; prin apari&#355;ia unor leziuni superficiale<br \/>\n    persistente \u00een form&#259; de b&#259;&#351;icu&#355;e, \u00eenso&#355;it&#259; de m\u00e2nc&#259;rime intens&#259;\u201d). \u00cens&#259; \u00een<br \/>\n    vizita \u00een camere reprezentantele APADOR-CH\u00a0 au descoperit un num&#259;r <i>\u00a0mai mare\u00a0 de minori &#351;i tineri plini de b&#259;&#351;ici pe tot<br \/>\n    corpul. <\/i><b>Dac&#259; solu&#355;ia medical&#259; este<br \/>\n    procurarea unguentelor cu antibiotice atunci administra&#355;ia penitenciarului <i>are obliga&#355;ia de a le achizi&#355;iona <\/i>indiferent<br \/>\n    de costuri. <i>Asocia&#355;ia reaminte&#351;te c&#259;<br \/>\n    administra&#355;ia penitenciar&#259; este direct r&#259;spunz&#259;toare de starea de s&#259;n&#259;tate a<br \/>\n    de&#355;inu&#355;ilor. <\/i><\/b>\u00a0Tot \u00een leg&#259;tur&#259; cu numeroasele cazuri de<br \/>\n    prurigo,\u00a0 reprezentantele APADOR-CH semnaleaz&#259; &#351;i starea avansat&#259; de degradare<br \/>\n    a saltelelor, surs&#259; sigur&#259; de microbi. <i>Este<br \/>\n    absolut necesar&#259; \u00eenlocuirea tuturor saltelelor vechi, murdare cu c\u00e2l&#355;ii ie&#351;i&#355;i <b>ceea ce este tot obliga&#355;ia administra&#355;iei<br \/>\n    penitenciarului. <\/b><\/i>Este posibil ca &#351;i nerespectarea de<br \/>\n    c&#259;tre de&#355;inu&#355;i a normelor elementare de igien&#259; personal&#259; s&#259; contribuie la<br \/>\n    apari&#355;ia &#351;i r&#259;sp\u00e2ndirea bolii de piele amintite. APADOR-CH a f&#259;cut unele<br \/>\n  sugestii \u00een acest sens la punctul 4 din raport.<\/p>\n<p align=\"justify\" style='text-align:justify'>Doamna doctor a<br \/>\n    men&#355;ionat c&#259;, dup&#259; estim&#259;rile sale, cam 70% dintre de&#355;inu&#355;i au f&#259;cut testul<br \/>\n    Elise pentru depistarea HIV\/SIDA, toate rezultatele fiind negative. \u00cens&#259; \u00een<br \/>\n    materie de\u00a0 <i>prevenire \u2013 nu numai HIV\/SIDA\u00a0<br \/>\n    ci &#351;i a bolilor cu transmisiune sexual&#259; sau prin folosirea unor ace<br \/>\n    nesterilizate (de pild&#259; pentru tatuaje) \u2013 <\/i>activit&#259;&#355;ile sunt doar \u00een<br \/>\n    plan <i>teoretic<\/i> (discu&#355;ii, bro&#351;uri,<br \/>\n    pliante). \u00cen plan concret, exist&#259; prezervative dar sunt depozitate la cabinetul<br \/>\n    medical &#351;i distribuite numai la cerere. Nu<br \/>\n    este clar dac&#259; au existat solicit&#259;ri de acest gen din partea de&#355;inu&#355;ilor. Dar,<br \/>\n    judec\u00e2nd dup&#259; reac&#355;iile iritate ale conducerii penitenciarului fa&#355;&#259; de acest<br \/>\n    subiect (\u201ecamerele de de&#355;inere \u00eenseamn&#259;<br \/>\n    spa&#355;iu <i>public<\/i> iar sexul \u00een public<br \/>\n    este sanc&#355;ionat de lege\u201d sau \u201ecum se poate imagina ca \u00eentr-o camer&#259; cu 27 de<br \/>\n    de&#355;inu&#355;i, doi s&#259; \u00eentre&#355;in&#259; rela&#355;ii sexuale sub ochii celorlal&#355;i\u201d) este limpede<br \/>\n    c&#259; <i>\u00a0<\/i>\u00a0<i>aceast&#259; simpl&#259; \u2013 &#351;i pu&#355;in costisitoare \u2013 metod&#259; de <b>prevenire <\/b>a r&#259;sp\u00e2ndirii infec&#355;iilor<br \/>\n    amintite nu este deloc agreat&#259;.<\/i> Un alt \u201emotiv\u201d invocat de conducerea<br \/>\n    penitenciarului a fost acela c&#259; de <i>distribuirea<br \/>\n    prezervativelor \u00een sistemul penitenciar se ocup&#259; doar organiza&#355;ii<br \/>\n    neguvernamentale <\/i>(la Tichile&#351;ti nu au venit astfel de organiza&#355;ii),<br \/>\n    nefiind deci o <i>obliga&#355;ie a sistemului<br \/>\n    penitenciar. APADOR-CH reia o propunere avansat&#259; \u00eentr-un raport anterior al<br \/>\n    asocia&#355;iei: Administra&#355;ia Na&#355;ional&#259; a Penitenciarelor s&#259; dispun&#259; includerea<br \/>\n    obligatorie \u00een bugetul fiec&#259;rui penitenciar a\u00a0 sumelor \u2013 minore mai ales prin<br \/>\n    compara&#355;ia cu costurile tratamentelor celor deja contamina&#355;i \u2013 necesare pentru<br \/>\n    achizi&#355;ionarea prezervativelor. Totodat&#259;, ANP ar trebui s&#259; dea dispozi&#355;ii cu<br \/>\n    privire la accesul ne\u00eengr&#259;dit &#351;i nesupravegheat al de&#355;inu&#355;ilor la aceste<br \/>\n    mijloace elementare de prevenire a \u00eemboln&#259;virii &#351;i r&#259;sp\u00e2ndirii infec&#355;iilor &#351;i<br \/>\n  bolilor.<\/i><\/p>\n<p align=\"justify\" style='text-align:justify'>Nu exist&#259; niciun<br \/>\n    program de schimb de seringi sau de tratament cu substitute pentru persoanele<br \/>\n    care consum&#259; (sau au consumat) la droguri injectabile. <i>\u00a0<\/i>Doamna doctor a declarat c&#259; nu a avut<br \/>\n    niciodat&#259; un astfel de caz. Nu s-au semnalat nici cazuri de infec&#355;ii rezultate<br \/>\n  din folosirea unor ace nesterilizate pentru tatuarea mai multor de&#355;inu&#355;i. <\/p>\n<p align=\"justify\" style='text-align:justify'>Doamna doctor<br \/>\n    &#351;i-a exprimat suprinderea fa&#355;&#259; de cre&#351;terea considerabil&#259; a num&#259;rului de<br \/>\n    de&#355;inu&#355;i care se prezint&#259; zilnic la cabinet (cam 60-70 de persoane) cu toate c&#259;<br \/>\n    nu s-a depistat vreo situa&#355;ie special&#259; din punct de vedere medical (\u00cen opinia<br \/>\n    asocia&#355;iei, prurigo ar trebui s&#259; reprezinte o astfel de situa&#355;ie.). Ar rezulta<br \/>\n    c&#259; pe l\u00e2ng&#259; camerele programate \u00een fiecare zi din s&#259;pt&#259;m\u00e2n&#259;, la cabinetul<br \/>\n    medical se prezint&#259; &#351;i al&#355;i de&#355;inu&#355;i chiar dac&#259; nu sunt urgen&#355;e. Cu toate<br \/>\n    acestea, de&#355;inu&#355;ii din camera 3 (preventivi) au sus&#355;inut c&#259; dac&#259; rateaz&#259; vizita<br \/>\n  din ziua program&#259;rii nu mai au acces la cabinet dec\u00e2t s&#259;pt&#259;m\u00e2na urm&#259;toare.<\/p>\n<p>    Blocul<br \/>\n      alimentar<\/p>\n<p align=\"justify\" style='text-align:justify'>Este situat tot<br \/>\n    \u00een sec&#355;ia a I-a (cl&#259;direa veche) ca &#351;i cabinetul medical. Meniul de la pr\u00e2nz<br \/>\n    cuprindea ciorb&#259; de fasole boabe f&#259;r&#259; carne &#351;i varz&#259; cu carne (21,300 kg de<br \/>\n    carne\u00a0 inclusiv oase, gr&#259;sime &#351;i zg\u00e2rciuri, ceea ce \u00eenseamn&#259; <i>mai pu&#355;in de 100 gr per de&#355;inut<\/i>). Pe una<br \/>\n    din mese, era o farfurie cu c\u00e2teva ou&#259; fierte. \u00centreba&#355;i <i>pentru cine <\/i>erau ou&#259;le, cei de la blocul<br \/>\n    alimentar au venit cu explica&#355;ii confuze din care reie&#351;ea c&#259; ar fi vorba de un<br \/>\n    \u201esupliment\u201d\u00a0 pentru de&#355;inu&#355;ii care lucreaz&#259; acolo sau pentru cei care ies la<br \/>\n    munc&#259; (?). A urmat \u00eentrebarea cu privire la meniul de sear&#259;, la care r&#259;spunsul<br \/>\n    a fost \u201eomlet&#259;\u201d din 200 de ou&#259; (mai pu&#355;in de <i>un<br \/>\n    ou <\/i>pentru fiecare de&#355;inut). Reprezentantele asocia&#355;iei au r&#259;mas cu<br \/>\n    impresia c&#259; a fost vorba de o modificare de moment pentru c&#259; \u201eomlet&#259;\u201d sun&#259; mai<br \/>\n    bine dec\u00e2t m\u00e2ncare de cartofi f&#259;r&#259; carne(\u00cen frigider era un container cu<br \/>\n  cartofi cur&#259;&#355;a&#355;i &#351;i t&#259;ia&#355;i ca &#351;i cum ar fi urmat s&#259; fie g&#259;ti&#355;i pentru cin&#259;.). <\/p>\n<p align=\"justify\" style='text-align:justify'>Mul&#355;i de&#355;inu&#355;i<br \/>\n    s-au pl\u00e2ns de calitatea &#351;i cantitatea hranei, \u00een principal de <i>p\u00e2ine<\/i> pentru c&#259; primesc doar o bucat&#259;<br \/>\n    mic&#259;, de multe ori veche &#351;i chiar muceg&#259;it&#259;. <i>Este<br \/>\n    pentru prima oar&#259; c\u00e2nd reprezentantele asocia&#355;iei aud o astfel de reclama&#355;ie.<br \/>\n  Nic&#259;ieri \u00een alt penitenciar vizitat anul acesta <b>nu <\/b>au existat pl\u00e2ngeri privind cantitatea &#351;i calitatea p\u00e2inii.<\/i><\/p>\n<p align=\"justify\" style='text-align:justify'>APADOR-CH atrage<br \/>\n    aten&#355;ia administra&#355;iei penitenciarului Tichile&#351;ti dar &#351;i Administra&#355;iei<br \/>\n    Na&#355;ionale a Penitenciarelor asupra <i>r&#259;spunderii<br \/>\n    ce le revine pentru starea de s&#259;n&#259;tate dar &#351;i pentru <b>dezvoltarea fizic&#259; <\/b><\/i><b>\u00a0<\/b><i>normal&#259; a minorilor. <\/i>Asocia&#355;ia<br \/>\n    cere \u00eembun&#259;t&#259;&#355;irea &#351;i diversificarea hranei ce ar trebui s&#259; cuprind&#259; &#351;i <i>legume &#351;i fructe proaspete <\/i>&#351;i, desigur, <i>p\u00e2ine<\/i> \u00een cantit&#259;&#355;i &#351;i de calitate<br \/>\n  satisf&#259;c&#259;toare.<\/p>\n<p align=\"justify\" style='text-align:justify'>Mai trebuie semnalat<br \/>\n    &#351;i faptul c&#259; magazinul din incinta penitenciarului de unde de&#355;inu&#355;ii ar putea<br \/>\n    cump&#259;ra m&#259;car p\u00e2ine nu le este accesibil <i>dec\u00e2t<br \/>\n    o zi pe s&#259;pt&#259;m\u00e2n&#259; respectiv lunea <\/i>&#351;i uneori, dac&#259; sunt prea mul&#355;i<br \/>\n    solicitan&#355;i, &#351;i mar&#355;ea. Aceasta cu toate c&#259; magazinul este <i>deschis pentru angaja&#355;ii penitencuiarului de luni<br \/>\n  p\u00e2n&#259; vineri inclusiv. <\/i><\/p>\n<p>    Vizita \u00een<br \/>\n      camere<\/p>\n<p align=\"justify\" style='text-align:justify'>\u00cen afar&#259; de<br \/>\n    cabinetul medical &#351;i blocul alimentar, reprezentantele asocia&#355;iei au mai<br \/>\n    vizitat \u00een cl&#259;direa veche cele dou&#259; s&#259;li de mese, camera 17 (infirmerie \u2013 patru<br \/>\n    persoane la 6 paturi), unica sal&#259; de baie a pavilionului (18 du&#351;uri &#351;i un miros<br \/>\n    insuportabil de hazna) &#351;i fosta camer&#259; de izolare (GSR). Aceasta din urm&#259;<br \/>\n    m&#259;soar&#259; maximum 6 mp &#351;i are 4 paturi suprapuse. Trei de&#355;inu&#355;i \u2013 to&#355;i tineri \u00een<br \/>\n    regim \u00eenchis \u2013 fuseser&#259; cataloga&#355;i &#351;i ca prezent\u00e2nd <i>grad sporit de risc <\/i>&#351;i fuseser&#259; muta&#355;i \u00een acest spa&#355;iu<br \/>\n    minuscul. Cei trei de&#355;inu&#355;i nu erau pedepsi&#355;i cu izolarea\u00a0 dar se aflau acolo\u00a0<br \/>\n    pentru c&#259; ceilal&#355;i de&#355;inu&#355;i tineri \u00een regim \u00eenchis (o singur&#259; camer&#259; \u00een<br \/>\n    cl&#259;direa nou&#259;) se pl\u00e2nseser&#259; \u00een mod repetat de comportamentul lor agresiv. Ne<br \/>\n    av\u00e2nd\u00a0 <i>unde <\/i>s&#259;-i mute<br \/>\n    administra&#355;ia penitenciarului a ajuns la solu&#355;ia atribuirii <i>gradului sporit de risc<\/i> care \u00een acest caz<br \/>\n    este tot <i>izolare dar f&#259;r&#259; procedura<br \/>\n  obligatorie. <\/i><\/p>\n<p align=\"justify\" style='text-align:justify'>APADOR-CH <i>insist&#259; asupra faptului c&#259; Legea 275\/2006 <b>nu <\/b>include <b>gradul sporit de risc ca regim separat de executare a pedepsei &#351;i nici nu<br \/>\n    prevede separarea de&#355;inu&#355;ilor cu aceast&#259; caracterizare de ceilal&#355;i. <\/b><\/i>L&#259;s\u00e2nd<br \/>\n    la o parte criteriile cel pu&#355;in discutabile\u00a0 \u00een stabilirea gradului sporit de<br \/>\n    risc, aceast&#259; \u201eetichet&#259;\u201d ar trebui s&#259; fie <i>doar<br \/>\n    o aten&#355;ionare a cadrelor de penitenciar \u00een sensul unei supravegheri mai stricte<br \/>\n  a de&#355;inu&#355;ilor respectivi <\/i>&#351;i \u00een niciun caz <i>izolarea <\/i>acestora de colectiv. <\/p>\n<p align=\"justify\" style='text-align:justify'>Cei trei de&#355;inu&#355;i<br \/>\n    de la \u201egsr\u201d nu \u00een&#355;elegeau motivul transfer&#259;rii lor \u00een camera respectiv&#259; &#351;i<br \/>\n    sus&#355;ineau c&#259; nu avuseser&#259; conflicte serioase cu fo&#351;tii colegi de camer&#259;. Cu<br \/>\n    permisiunea unuia dintre ei (R.N.), reprezentantele asocia&#355;iei au consultat<br \/>\n    dosarul de penitenciar &#351;i au constatat acesta avea <i>14 rapoarte de incident<\/i>, toate \u00eentr-un an, cele mai multe<br \/>\n    pentru fapte m&#259;runte. Chiar dac&#259; \u00een unele cazuri nu se dictaser&#259; sanc&#355;iuni,<br \/>\n    num&#259;rul mare al rapoartelor de incident arat&#259; c&#259; <i>mai degrab&#259; cadrele ar fi avut probleme cu acest de&#355;inut dec\u00e2t colegii<br \/>\n    lui de deten&#355;ie. <\/i>\u00cen plus, asocia&#355;ia are convingerea c&#259; \u00eentocmirea<br \/>\n  repetat&#259; a rapoartelor de incident\u00a0 \u00een cazul unor de&#355;inu&#355;i mai recalcitran&#355;i <i>nu poate avea efecte pozitive asupra lor ci <b>dimpotriv&#259;<\/b><\/i>. <\/p>\n<p align=\"justify\" style='text-align:justify'><b><i>\u00a0<\/i>\u00cen cazul celor trei de la \u201egsr\u201d, APADOR-CH cere implicarea direct&#259; a<br \/>\n    serviciului socio-educativ, \u00een primul r\u00e2nd a psihologului, pentru aplanarea<br \/>\n    st&#259;rii conflictuale \u2013 dac&#259; a existat cu adev&#259;rat \u2013 \u00eentre ei &#351;i ceilal&#355;i<br \/>\n    de&#355;inu&#355;i tineri \u00een regim \u00eenchis. <\/b>Ar fi necesar&#259; &#351;i<br \/>\n    clarificarea atitudinii cadrelor<br \/>\n  de penitenciar &#351;i pedagogice\u00a0 fa&#355;&#259; de ace&#351;ti de&#355;inu&#355;i.<\/p>\n<p align=\"justify\" style='text-align:justify'>\u00cen pavilionul<br \/>\n    relativ nou, reprezentantele asocia&#355;iei au vizitat camerele 3 (preventivi), 7<br \/>\n  (tineri \u00een regim semi-deschis) &#351;i 9 (tineri \u00een regim \u00eenchis).<\/p>\n<p align=\"justify\" style='text-align:justify'>Cele mai multe<br \/>\n    pl\u00e2ngeri au venit de aresta&#355;ii preventiv. Sunt 28 \u00een camer&#259; din care cel pu&#355;in<br \/>\n    cinci sufer&#259; de <i>prurigo<\/i>. Au<br \/>\n    probleme cu igiena personal&#259; pentru c&#259; grupul sanitar este format din doar dou&#259;<br \/>\n    WC-uri &#351;i 4 chiuvete. Du&#351;ul se face de dou&#259; ori pe s&#259;pt&#259;m\u00e2n&#259;, miercurea &#351;i<br \/>\n    s\u00e2mb&#259;ta, \u00een sala de baie comun&#259;.\u00a0 Pentru c&#259; nu au nici m&#259;turi nici mopuri sunt<br \/>\n    nevoi&#355;i s&#259; spele pe jos\u00a0 &#8211; &#351;i \u00een camer&#259; &#351;i \u00een baie \u2013 doar cu c\u00e2rpe (Directorul<br \/>\n    penitenciarului a \u00eencercat s&#259; justifice lipsa m&#259;turilor prin faptul c&#259;<br \/>\n    de&#355;inu&#355;ii le-ar\u00a0 toca &#351;i &#8230;. fuma!).\u00a0 Au solicitat s&#259; cumpere h\u00e2rtie<br \/>\n    lipicioas&#259; \u00eempotriva mu&#351;telor care roiesc \u00een camer&#259; dar nu li s-a aprobat<br \/>\n    (Directorul penitenciarului a negat c&#259; ar fi primit o astfel de cerere.). Alte<br \/>\n    nemul&#355;umiri au vizat calitatea proast&#259; a hranei &#351;i faptul c&#259; sunt sco&#351;i la aer<br \/>\n    cam o or&#259; pe zi dar nu \u00een curtea mare ci \u00eentr-un mic spa&#355;iu adiacent \u00een care<br \/>\n    exist&#259;\u00a0\u00a0\u00a0\u00a0\u00a0\u00a0\u00a0 \u00eentr-adev&#259;r c\u00e2teva aparate de for&#355;&#259; dar fiind foarte vechi &#351;i<br \/>\n  ruginite nu pot fi folosite. <\/p>\n<p align=\"justify\" style='text-align:justify'>Aresta&#355;ii<br \/>\n    preventiv mai au &#351;i alte probleme care nu se refer&#259; la sistemul penitenciar:<br \/>\n    lipsa de \u00eencredere \u00een justi&#355;ie, inactivitatea avoca&#355;ilor din oficiu, b&#259;t&#259;ile<br \/>\n    administrate de poli&#355;i&#351;ti pe durata anchetelor (au fost nominalizate poli&#355;iile<br \/>\n  din Br&#259;ila &#351;i Gala&#355;i). <\/p>\n<p align=\"justify\" style='text-align:justify'>\u00cen camera 9 erau<br \/>\n    12 persoane la 16 paturi\u00a0 avea dou&#259; WC-uri 3 chiuvete ceea ce, prin compara&#355;ie<br \/>\n    cu camera 3, pare acceptabil. Dar nici aici nu aveau m&#259;turi sau mopuri.<br \/>\n    Saltelele erau \u00eentr-o stare de degradare avansat&#259; (murdare, rupte, cu c\u00e2l&#355;ii<br \/>\n  sco&#351;i). Unul din de&#355;inu&#355;i suferea de prurigo pentru <i>a patra oar&#259; de c\u00e2nd venise la Tichile&#351;ti.<\/i> <\/p>\n<p align=\"justify\" style='text-align:justify'>\u00cen camera 7,<br \/>\n    reprezentantele APADOR-CH s-au confruntat cu o situa&#355;ie mai special&#259;:<br \/>\n    majoritatea tinerilor <i>au declarat c&#259; se tem<br \/>\n    s&#259; vorbeasc&#259; din cauza represaliilor din partea cadrelor de penitenciar <\/i>(S-ar<br \/>\n    fi \u00eent\u00e2mplat deja dup&#259; o vizit&#259; a altei organiza&#355;ii neguvernamentale.). Cu<br \/>\n    toate asigur&#259;rile date de agen&#355;ii de supraveghere c&#259; <i>nu au f&#259;cut &#351;i nu vor face <\/i>nimic de acest gen, APADOR-CH<br \/>\n    solicit&#259; ANP <i>s&#259; verifice dac&#259; dup&#259; vizita<br \/>\n    reprezentantelor asocia&#355;iei au avut loc represalii sub orice form&#259; (interven&#355;ii<br \/>\n    \u00een for&#355;&#259;,\u00a0 sanc&#355;iuni disciplinare sau \u00eentocmirea unor rapoarte de incident)<br \/>\n  \u00eempotriva de&#355;inu&#355;ilor &#351;i aresta&#355;ilor preventiv din camerele vizitate.<\/i><\/p>\n<p align=\"justify\" style='text-align:justify'>Doi de&#355;inu&#355;i din<br \/>\n    aceast&#259; camer&#259; au spus totu&#351;i c&#259; au fost &#351;i lovi&#355;i de cadre dar &#351;i sanc&#355;iona&#355;i<br \/>\n    foarte des. Cu permisiunea celor doi, reprezentantele asocia&#355;iei au v&#259;zut<br \/>\n    dosarele de penitenciar &#351;i au constatat c&#259; I.B. a avut 12 rapoarte de incident<br \/>\n    iar G.S, 8 \u00een doar un an. Comentariul asocia&#355;iei \u00een cazul de&#355;inutului cu grad<br \/>\n  sporit de risc este valabil &#351;i pentru cei doi de la camera 7.<\/p>\n<p align=\"justify\" style='text-align:justify'>De&#355;inu&#355;ii din<br \/>\n    aceast&#259; camer&#259; au confirmat ceea ce reprezentantele asocia&#355;iei aflaser&#259; deja\u00a0<br \/>\n    &#351;i anume c&#259; regim <i>semi-deschis <\/i>\u00eenseamn&#259;<br \/>\n    deschiderea u&#351;ilor camerelor doar <i>odat&#259; pe<br \/>\n  s&#259;pt&#259;m\u00e2n&#259; (s\u00e2mb&#259;ta sau duminica) &#351;i numai 30 de minute.\u00a0 <\/i><\/p>\n<p>    Coresponden&#355;a,<br \/>\n      vizite, alte aspecte<\/p>\n<p align=\"justify\" style='text-align:justify'>Cutia po&#351;tal&#259;<br \/>\n    pentru expedierea coresponden&#355;ei este plasat&#259; \u00eentr-un loc la care au acces <i>toate <\/i>persoanele private de libertate.<br \/>\n    Nici accesul la telefonul public nu pune probleme deosebite (dou&#259; convorbiri a<br \/>\n  c\u00e2te 10 minute pe s&#259;pt&#259;m\u00e2n&#259; pe de&#355;inut &#351;i nelimitate cu ap&#259;r&#259;torii).<\/p>\n<p align=\"justify\" style='text-align:justify'>Sala destinat&#259;<br \/>\n    vizitelor este supravegheat&#259; video &#351;i con&#355;ine dou&#259; cabine (discu&#355;iile se poart&#259;<br \/>\n    prin telefon de uz intern) &#351;i 6 locuri pentru vizite la mas&#259;. Fiecare de&#355;inut<br \/>\n    poate fi vizitat concomitent de doi adul&#355;i &#351;i doi minori. \u00cent\u00e2lnirile cu<br \/>\n  avoca&#355;ii au loc tot \u00een aceast&#259; sal&#259;.<\/p>\n<p align=\"justify\" style='text-align:justify'>De&#355;inu&#355;ii au<br \/>\n    posibilitatea de a se abona la ziare &#351;i\/sau reviste (doi de&#355;inu&#355;i aveau<br \/>\n    abonamente) &#351;i primesc \u00een camere \u00een cursul serii ziarele la care penitenciarul<br \/>\n    are abonament. \u00cen camerele care sunt dotate cu televizor (majoritatea),<br \/>\n  programele TV pot fi urm&#259;rite p\u00e2n&#259; la 22:30.\u00a0 <\/p>\n<p align=\"justify\" style='text-align:justify'><i>Concluzii<\/i><\/p>\n<p>    Urgentarea<br \/>\n      finaliz&#259;rii celui de al treilea corp de cl&#259;dire este <i>prioritatea num&#259;rul1. <\/i>Multe din<br \/>\n      problemele actuale (condi&#355;iile proaste de deten&#355;ie din sec&#355;ia a I-a,<br \/>\n      supraaglomerarea &#351;i grupurile sanitare insuficient dotate din unele camere<br \/>\n      din sec&#355;ia a II-a, func&#355;ionarea \u201egrs\u201d \u00een camera de izolare &#351;i \u2013 de sperat<br \/>\n      \u2013 <i>respectarea legii cu privire la<br \/>\n        regimul semi-deschis<\/i>) ar putea fi rezolvate \u00een mare parte prin<br \/>\n      darea \u00een folosin&#355;&#259; a noului spa&#355;iu de de&#355;inere;<br \/>\n    Achizi&#355;ionarea<br \/>\n      de medicamente <i>eficiente, <\/i>care<br \/>\n      s&#259; rezolve problemele de s&#259;n&#259;tate ale minorilor &#351;i tinerilor (\u00een special<br \/>\n      prurigo) este <i>obliga&#355;ia <\/i>administra&#355;iei<br \/>\n      penitenciare, indiferent de m&#259;rimea bugetului. Tot din perspectiva st&#259;rii<br \/>\n      de s&#259;n&#259;tate a de&#355;inu&#355;ilor se impune ca administra&#355;ia penitenciarului s&#259; ia<br \/>\n      m&#259;suri pentru \u00eembun&#259;t&#259;&#355;irea condi&#355;iilor igienico-sanitare &#351;i s&#259; dezvolte<br \/>\n      programe de prevenire a r&#259;sp\u00e2ndirii bolilor.<br \/>\n    Este necesar<br \/>\n      s&#259; se <i>\u00eembun&#259;t&#259;&#355;easc&#259; &#351;i diversifice<br \/>\n        regimul alimentar <\/i>pentru dezvoltarea normal&#259; a minorilor.<br \/>\n      Problema <i>p\u00e2inii <\/i>\u2013 sub aspect<br \/>\n      cantitativ &#351;i calitativ &#8211; distribuite persoanelor private de libertate<br \/>\n      trebuie rezolvat&#259; de urgen&#355;&#259;;<\/p>\n<p align=\"justify\" style='text-align:justify'>Alte concluzii &#351;i<br \/>\n  recomand&#259;ri sunt incluse \u00een raport. <\/p>\n<p align=\"justify\" style='text-align:justify'>Manuela<br \/>\n  Stef&#259;nescu<i>\u00a0\u00a0\u00a0\u00a0\u00a0\u00a0\u00a0\u00a0\u00a0\u00a0\u00a0\u00a0\u00a0\u00a0\u00a0\u00a0\u00a0\u00a0\u00a0\u00a0\u00a0\u00a0\u00a0\u00a0\u00a0\u00a0\u00a0\u00a0\u00a0\u00a0\u00a0\u00a0\u00a0\u00a0\u00a0\u00a0\u00a0\u00a0\u00a0\u00a0 <\/i>Maria Nicoleta Andreescu<\/p>\n<p>  Raspunsul ANP in acest caz <\/p>\n<p align=\"justify\">\n<p><\/p>","protected":false},"excerpt":{"rendered":"<p>Pe data de 24 iunie 2009, dou&#259; reprezentante ale APADOR-CH au vizitat Penitenciarul pentru Minori &#351;i Tineri (PMT) din Tichile&#351;ti. \u00cen afar&#259; de acest penitenciar mai exist&#259; PMT la Craiova &#351;i, \u00een curs de finalizare, \u00eenc&#259; unul la T\u00e2rgu Mure&#351;.<\/p>\n","protected":false},"author":2,"featured_media":0,"comment_status":"closed","ping_status":"open","sticky":false,"template":"","format":"standard","meta":{"footnotes":""},"categories":[15],"tags":[],"class_list":["post-1937","post","type-post","status-publish","format-standard","hentry","category-monitorizarea-conditiilor-de-detentie-penitenciare"],"_links":{"self":[{"href":"https:\/\/apador.org\/en\/wp-json\/wp\/v2\/posts\/1937","targetHints":{"allow":["GET"]}}],"collection":[{"href":"https:\/\/apador.org\/en\/wp-json\/wp\/v2\/posts"}],"about":[{"href":"https:\/\/apador.org\/en\/wp-json\/wp\/v2\/types\/post"}],"author":[{"embeddable":true,"href":"https:\/\/apador.org\/en\/wp-json\/wp\/v2\/users\/2"}],"replies":[{"embeddable":true,"href":"https:\/\/apador.org\/en\/wp-json\/wp\/v2\/comments?post=1937"}],"version-history":[{"count":0,"href":"https:\/\/apador.org\/en\/wp-json\/wp\/v2\/posts\/1937\/revisions"}],"wp:attachment":[{"href":"https:\/\/apador.org\/en\/wp-json\/wp\/v2\/media?parent=1937"}],"wp:term":[{"taxonomy":"category","embeddable":true,"href":"https:\/\/apador.org\/en\/wp-json\/wp\/v2\/categories?post=1937"},{"taxonomy":"post_tag","embeddable":true,"href":"https:\/\/apador.org\/en\/wp-json\/wp\/v2\/tags?post=1937"}],"curies":[{"name":"wp","href":"https:\/\/api.w.org\/{rel}","templated":true}]}}