{"id":1954,"date":"2007-09-14T00:00:00","date_gmt":"2007-09-14T00:00:00","guid":{"rendered":"http:\/\/www.apador.org\/seamus\/raport-asupra-cazului-sptaru-geant\/"},"modified":"2014-03-21T09:30:38","modified_gmt":"2014-03-21T09:30:38","slug":"raport-asupra-cazului-sptaru-geant","status":"publish","type":"post","link":"https:\/\/apador.org\/en\/raport-asupra-cazului-sptaru-geant\/","title":{"rendered":"Raport asupra cazului Sp\u0103taru-Geant\u0103"},"content":{"rendered":"<p class=\"qtranxs-available-languages-message qtranxs-available-languages-message-en\">Sorry, this entry is only available in <a href=\"https:\/\/apador.org\/ro\/wp-json\/wp\/v2\/posts\/1954\" class=\"qtranxs-available-language-link qtranxs-available-language-link-ro\" title=\"Rom\u00e2n\u0103\">Rom\u00e2n\u0103<\/a>. For the sake of viewer convenience, the content is shown below in the alternative language. You may click the link to switch the active language.<\/p><p><\/p>\n<p align=\"justify\">Reprezentantele\u00a0APADOR-CH s-au \u00eent\u00e2lnit, pe 14 septembrie a.c., cu dnii Mihai Sp\u0103taru<br \/>\n\u015fi Dan Gabriel Geant\u0103 care afirm\u0103 c\u0103 au fost victimele unui\u00a0abuz comis de un poli\u0163ist de la sec\u0163ia 22 din Bucure\u015fti.\u00a0Incidentul a avut loc pe data de 30 august a.c., \u00een sediul sec\u0163iei de\u00a0poli\u0163ie, a fost prezentat de posturi de televiziune chiar \u00een seara respectiv\u0103\u00a0\u015fi par\u0163ial reluat de presa scris\u0103 din ziua urm\u0103toare.<\/p>\n<p align=\"justify\">Mihai\u00a0Sp\u0103taru \u015fi Dan Gabriel Geant\u0103 lucreaz\u0103 la o firm\u0103 de\u00a0cablu.. Pe 30 august au avut loc <i>dou\u0103<br \/>\n<\/i>incidente. Primul \u2013 la care cei doi nu au participat, a\u015fa c\u0103\u00a0relatarea lor s-a bazat pe cele spuse de colegii de firm\u0103 \u2013 a avut loc \u00een\u00a0jurul orei 16.30, la un bloc din cartierul Drumul Taberei, dup\u0103 ce echipa<br \/>\ncompaniei terminase de instalat sistemul de cablu \u00een holurile comune, dup\u0103\u00a0cum prevedea contractul \u00eencheiat cu administra\u0163ia imobilului.\u00a0Angaja\u0163ii firmei erau gata s\u0103 plece c\u00e2nd so\u0163ia\u00a0vicepre\u015fedintelui de bloc, care nu \u015ftia de contract, le-a\u00a0repro\u015fat pe un ton amenin\u0163\u0103tor instalarea cablului. S-a ajuns<br \/>\nla \u00eembr\u00e2nceli reciproce \u015fi, pentru a evita escaladarea conflictului,\u00a0angaja\u0163ii firmei s-au urcat \u00een ma\u015fin\u0103 \u015fi au plecat.<\/p>\n<p align=\"justify\">La\u00a0scurt timp dup\u0103 aceea, ma\u015fina a fost oprit\u0103 de un poli\u0163ist\u00a0de la sec\u0163ia 22 care le-a comunicat c\u0103 automobilul \u201ea fost dat \u00een\u00a0urm\u0103rire\u201d, cel mai probabil \u00een urma telefonului so\u0163iei\u00a0vicepre\u015fedintelui. Dup\u0103 \u015ftiin\u0163a asocia\u0163iei, \u201edarea \u00een\u00a0urm\u0103rire\u201d presupune anumite proceduri, practic imposibil de \u00eendeplinit \u00een\u00a0cele c\u00e2teva minute de la plecarea din fa\u0163a blocului. Mai mult, dup\u0103\u00a0ce unul dintre \u201ecabli\u015fti\u201d s-a oferit s\u0103 r\u0103m\u00e2n\u0103 la\u00a0sec\u0163ie pentru clarificarea situa\u0163iei, ma\u015fina a fost\u00a0l\u0103sat\u0103 s\u0103 plece cu restul echipei. In sediul sec\u0163iei 22,\u00a0poli\u0163istul i-a cerut nu numai actele personale ci \u015fi <i>dovada <\/i>c\u0103 este angajatul firmei de cablu.\u00a0Singura solu\u0163ie era apelarea la colegi \u015fi a\u015fa Mihai Sp\u0103taru<br \/>\n\u015fi Dan Gabriel Geant\u0103 au ajuns la poli\u0163ie, \u00een jurul orei 18.00.<\/p>\n<p align=\"justify\">Al doilea\u00a0incident s-a petrecut \u00een cele 15 \u2013 20 de minute \u00een care cei doi s-au aflat \u00een\u00a0sediul poli\u0163iei. Dup\u0103 ce au confirmat identitatea colegului de\u00a0firm\u0103, Mihai Sp\u0103taru. l-a \u00eentrebat pe poli\u0163ist (care nu s-a\u00a0prezentat dar s-a aflat ulterior c\u0103 numele s\u0103u este Nicu\u015for\u00a0Badar\u0103u) <i>pentru ce motiv <\/i>ar fi\u00a0fost dat\u0103 \u00een urm\u0103rire ma\u015fina firmei. Intrebarea l-a deranjat\u00a0at\u00e2t de tare pe poli\u0163ist \u00eenc\u00e2t a \u00eenceput s\u0103 urle (\u201ece cau\u0163i \u00een\u00a0sec\u0163ie, ie\u015fi afar\u0103\u201d), l-a apucat pe Mihai Sp\u0103taru. de g\u00e2t,\u00a0l-a izbit de perete \u015fi l-a lovit cu genunchiul \u00een burt\u0103.<\/p>\n<p align=\"justify\">Dan Gabriel\u00a0Geant\u0103 a \u00eencercat s\u0103 intervin\u0103 \u00eentre cei doi dar poli\u0163istul\u00a0l-a lovit \u015fi pe el cu cotul. Trebuie men\u0163ionat c\u0103 totul se\u00a0petrecea <i>pe holul sec\u0163iei, \u00een\u00a0<\/i><i>prezen\u0163a a \u00eenc\u0103 doi poli\u0163i\u015fti \u015fi a unor oameni care\u00a0<\/i><i>treceau pe acolo. <b>Nimeni nu a\u00a0<\/b><\/i><i><b>reac\u0163ionat \u00een vreun fel, p\u0103r\u00e2nd c\u0103 nu v\u0103d ce se\u00a0<\/b><\/i><i><b>\u00eent\u00e2mpl\u0103. <\/b><\/i>Asocia\u0163ia consider\u0103 c\u0103 o vin\u0103 cel\u00a0pu\u0163in la fel de mare ca \u015fi a poli\u0163istului agresor revine <i>celorlal\u0163i poli\u0163i\u015fti\u00a0<\/i><i>prezen\u0163i care au asistat impasibili la brutalit\u0103\u0163ile colegului\u00a0<\/i><i>lor.<\/i><\/p>\n<p align=\"justify\">Mihai\u00a0Sp\u0103taru a reu\u015fit s\u0103 p\u0103r\u0103seasc\u0103 sediul\u00a0poli\u0163iei. Dup\u0103 ce a mai \u00eencasat c\u00e2teva lovituri \u015fi a fost<br \/>\namenin\u0163at cu \u0163igara aprins\u0103, a ie\u015fit \u015fi Dan Gabriel\u00a0Geant\u0103. Cei doi, convin\u015fi c\u0103 poli\u0163istul agresor era beat\u00a0(mirosea puternic a b\u0103utur\u0103), au cerut unui echipaj al poli\u0163ie\u00a0rutiere s\u0103 \u00eel testeze, dar ace\u015ftia au refuzat cu argumentul c\u0103\u00a0nu ar fi <i>procedural<\/i>! A\u015fadar, <i>procedural, <\/i>poli\u0163istul Badar\u0103u\u00a0a fost dus la sec\u0163ia de poli\u0163ie 21 \u2013 aici lucreaz\u0103 chestorul\u00a0P\u00e2rvu, \u015fef al poli\u0163iei sectorului 6 \u2013 unde i s-ar fi f\u0103cut \u00a0testul cu alcoolmetru \u00a0prin care s-ar fi stabilit c\u0103 <i>nu consumase alcool.<\/i><\/p>\n<p align=\"justify\">Intre timp, Mihai\u00a0Sp\u0103taru \u015fi Dan Gabriel Geant\u0103 s-au dus la IML pentru constatarea\u00a0leziunilor \u015fi eliberarea unor certificate medico-legale \u015fi, \u00een jurul\u00a0orei 21.00, au revenit la sec\u0163ia 22 pentru a depune pl\u00e2ngere \u00eempotriva\u00a0poli\u0163istului, dup\u0103 ce au anun\u0163at mai multe posturi de\u00a0televiziune. Film\u0103rile ar\u0103tau c\u0103 ambii aveau urme vizibile de\u00a0lovituri.<\/p>\n<p align=\"justify\">A doua zi, Mihai\u00a0Sp\u0103taru \u015fi Dan Gabriel Geant\u0103 s-au dus la sec\u0163ia 21 unde\u00a0chestorul P\u00e2rvu i-a asigurat c\u0103 va supraveghea personal ancheta\u00a0intern\u0103 pentru care se ceruse deja constituirea unei comisii.<\/p>\n<p align=\"justify\">Cei doi au\u00a0f\u0103cut pl\u00e2ngere \u015fi la parchet, urm\u00e2nd s\u0103 depun\u0103 \u015fi\u00a0certificatele medico-legale \u015fi, eventual, fotografii care s\u0103 ateste\u00a0c\u0103 au fost agresa\u0163i \u00een sediul sec\u0163iei 22 de poli\u0163ie.<\/p>\n<p align=\"justify\">Mai trebuie\u00a0men\u0163ionat c\u0103 so\u0163ia vicepre\u015fedintelui de bloc,\u00a0implicat\u0103 \u00een primul incident, a venit la sec\u0163ia 22 \u015fi a dat\u00a0declara\u0163ii. Se pare \u00eens\u0103 c\u0103, ulterior, vicepre\u015fedintele \u00a0asocia\u0163iei de proprietari ar fi\u00a0prezentat scuze firmei de cablu.<\/p>\n<p align=\"justify\">In privin\u0163a\u00a0celui de al doilea incident, <i>APADOR-CH\u00a0consider\u0103 c\u0103 a fost vorba de un abuz nu numai din partea\u00a0poli\u0163istului agresor ci \u015fi a celorlal\u0163i poli\u0163i\u015fti care\u00a0au asistat pasivi la brutalit\u0103\u0163ile comise de colegul lor.\u00a0Asocia\u0163ia aminte\u015fte c\u0103, din p\u0103cate, tot \u00een 2007 la\u00a0aceea\u015fi sec\u0163ie 22 a mai avut loc un incident similar, cu urm\u0103ri\u00a0\u015fi mai grave pentru victim\u0103. <\/i><\/p>\n<p align=\"justify\">Asocia\u0163ia subliniaz\u0103\u00a0c\u0103 \u00een acel caz ancheta intern\u0103 a poli\u0163i\u015ftilor i-a scos din\u00a0cauz\u0103 pe colegii vinova\u0163i, \u00een ciuda numeroaselor dovezi \u015fi a\u00a0declara\u0163iilor martorilor oculari. Dosarul se afl\u0103 \u00eenc\u0103 la\u00a0parchet \u015fi se a\u015fteapt\u0103 solu\u0163ia.<\/p>\n<p align=\"justify\">APADOR-CH\u00a0solicit\u0103 s\u0103 i se comunice rezultatul anchetei interne \u00een cazul\u00a0Sp\u0103taru-Geant\u0103, iar dac\u0103 <i>poli\u0163i\u015ftii <\/i>implica\u0163i (agresorul \u015fi colegii pasivi) vor fi g\u0103si\u0163i\u00a0vinova\u0163i, sanc\u0163iunile disciplinare s\u0103 fie <i>f\u0103cute publice. <\/i>Este o procedur\u0103 <i>indispensabil\u0103 <\/i>pentru a risipi, chiar \u015fi par\u0163ial,\u00a0b\u0103nuiala c\u0103, orice ar face, <i>poli\u0163i\u015ftii\u00a0se vor \u00a0bucura mereu de <b>impunitate. <\/b><\/i><\/p>\n<p align=\"justify\">Manuela\u00a0Stef\u0103nescu\u00a0\u00a0\u00a0\u00a0\u00a0\u00a0\u00a0\u00a0\u00a0\u00a0\u00a0\u00a0\u00a0\u00a0\u00a0\u00a0\u00a0\u00a0\u00a0\u00a0\u00a0\u00a0\u00a0\u00a0\u00a0\u00a0\u00a0\u00a0\u00a0\u00a0\u00a0\u00a0\u00a0\u00a0\u00a0\u00a0\u00a0\u00a0\u00a0\u00a0\u00a0\u00a0\u00a0\u00a0\u00a0\u00a0\u00a0\u00a0\u00a0\u00a0\u00a0\u00a0 Nicoleta\u00a0Popescu<\/p>\n<p><span style=\"color: #ff0000;\"><strong><a href=\"http:\/\/www.apador.org\/rasp_103.pdf\" target=\"_blank\"><span style=\"color: #ff0000;\">R\u0103spunsul IGPR \u00een acest caz<\/span><\/a><\/strong><\/span><\/p>\n<p align=\"justify\">\n<p><\/p>","protected":false},"excerpt":{"rendered":"<p>eprezentantele APADOR-CH s-au \u00eent\u00e2lnit, pe 14 septembrie a.c., cu dnii Mihai Sp&#259;taru &#351;i Dan Gabriel Geant&#259; care afirm&#259; c&#259; au fost victimele unui abuz comis de un poli&#355;ist de la sec&#355;ia 22 din Bucure&#351;ti.<\/p>\n","protected":false},"author":2,"featured_media":0,"comment_status":"closed","ping_status":"open","sticky":false,"template":"","format":"standard","meta":{"footnotes":""},"categories":[26,28],"tags":[39,77,96],"class_list":["post-1954","post","type-post","status-publish","format-standard","hentry","category-abuzuri-ale-fortelor-de-ordine","category-monitorizarea-conditiilor-de-detentie-aresturi","tag-abuzuri-politie","tag-batut-de-politie","tag-spataru-geanta"],"_links":{"self":[{"href":"https:\/\/apador.org\/en\/wp-json\/wp\/v2\/posts\/1954","targetHints":{"allow":["GET"]}}],"collection":[{"href":"https:\/\/apador.org\/en\/wp-json\/wp\/v2\/posts"}],"about":[{"href":"https:\/\/apador.org\/en\/wp-json\/wp\/v2\/types\/post"}],"author":[{"embeddable":true,"href":"https:\/\/apador.org\/en\/wp-json\/wp\/v2\/users\/2"}],"replies":[{"embeddable":true,"href":"https:\/\/apador.org\/en\/wp-json\/wp\/v2\/comments?post=1954"}],"version-history":[{"count":0,"href":"https:\/\/apador.org\/en\/wp-json\/wp\/v2\/posts\/1954\/revisions"}],"wp:attachment":[{"href":"https:\/\/apador.org\/en\/wp-json\/wp\/v2\/media?parent=1954"}],"wp:term":[{"taxonomy":"category","embeddable":true,"href":"https:\/\/apador.org\/en\/wp-json\/wp\/v2\/categories?post=1954"},{"taxonomy":"post_tag","embeddable":true,"href":"https:\/\/apador.org\/en\/wp-json\/wp\/v2\/tags?post=1954"}],"curies":[{"name":"wp","href":"https:\/\/api.w.org\/{rel}","templated":true}]}}