{"id":1956,"date":"2007-11-07T00:00:00","date_gmt":"2007-11-07T00:00:00","guid":{"rendered":"http:\/\/www.apador.org\/seamus\/raport-asupra-vizitei-in-arestul-seciei-12-de-poliie-bucureti\/"},"modified":"2007-11-07T00:00:00","modified_gmt":"2007-11-07T00:00:00","slug":"raport-asupra-vizitei-in-arestul-seciei-12-de-poliie-bucureti","status":"publish","type":"post","link":"https:\/\/apador.org\/en\/raport-asupra-vizitei-in-arestul-seciei-12-de-poliie-bucureti\/","title":{"rendered":"Raport asupra vizitei \u00een arestul sec&#355;iei 12 de poli&#355;ie (Bucure&#351;ti)"},"content":{"rendered":"<p class=\"qtranxs-available-languages-message qtranxs-available-languages-message-en\">Sorry, this entry is only available in <a href=\"https:\/\/apador.org\/ro\/wp-json\/wp\/v2\/posts\/1956\" class=\"qtranxs-available-language-link qtranxs-available-language-link-ro\" title=\"Rom\u00e2n\u0103\">Rom\u00e2n\u0103<\/a>. For the sake of viewer convenience, the content is shown below in the alternative language. You may click the link to switch the active language.<\/p><p><\/p>\n<p align=\"justify\">Pe data de 7 noiembrie 2007, dou&#259; reprezentante ale APADOR-CH au<br \/>\nvizitat arestul sec&#355;iei 12 de poli&#355;ie din Bucure&#351;ti.<\/p>\n<p align=\"justify\">&nbsp;<\/p>\n<p>1. Specificul<br \/>\narestului<\/p>\n<p align=\"justify\">Este unicul din Bucure&#351;ti &#351;i jude&#355;ul Ilfov \u00een care sunt<br \/>\n  aduse <i>numai <\/i>persoane dependente de<br \/>\n  droguri, indiferent de natura infrac&#355;iunii de care sunt b&#259;nuite. Doi<br \/>\n  medici, prin rota&#355;ie, examineaz&#259; <i>zilnic<br \/>\n    to&#355;i <\/i>aresta&#355;ii &#351;i prescriu, \u00een principal, medica&#355;ia<br \/>\n  pentru eliminarea \u2013 sau diminuarea \u2013 efectelor sevrajului. Aici apare o mare<br \/>\n  problem&#259;: singurul medicament recunoscut ca eficient \u00een tratamentul<br \/>\n  antidrog este <i>metadona<\/i>, a c&#259;rei<br \/>\n  folosire este <i>interzis&#259; at\u00e2t \u00een<br \/>\n    aresturile poli&#355;iei c\u00e2t &#351;i \u00een penitenciare. <\/i>Prin urmare, medicii <i>nu pot <\/i>administra dec\u00e2t calmante, care<br \/>\n  au efect limitat. O explica&#355;ie, discutabil&#259;, este urm&#259;toarea:<br \/>\n  tratamentul cu metadon&#259; ar dura trei luni, ceea ce ar duce la<br \/>\n  supraaglomerare \u00een arestul care func&#355;ioneaz&#259; deja la \u00eentreaga<br \/>\n  capacitate (20 de paturi). Nici m&#259;car tratamentul medicamentos de la<br \/>\n  sec&#355;ia 12 \u2013 f&#259;r&#259; metadon&#259; \u2013 nu poate fi aplicat \u00een niciun<br \/>\nalt loc de de&#355;inere. <\/p>\n<p align=\"justify\">Durata medie a &#351;ederii \u00een acest arest este de 10 zile, perioad&#259;<br \/>\n  considerat&#259; suficient&#259; pentru dep&#259;&#351;irea sevrajului,<br \/>\n  dup&#259; care aresta&#355;ii sunt transfera&#355;i la alte sec&#355;ii de<br \/>\n  poli&#355;ie. \u00cens&#259; potrivit &#351;efului sec&#355;iei, nimeni nu<br \/>\n  pleac&#259; <i>f&#259;r&#259; avizul<br \/>\n    medicului. <\/i>O persoan&#259;\u00a0 care<br \/>\n  suferise o opera&#355;ie complicat&#259; la un ochi era \u00eenc&#259; \u00een acest<br \/>\n  arest la o lun&#259; dup&#259; opera&#355;ie, la cererea expres&#259; a<br \/>\nmedicului chirurg care f&#259;cuse interven&#355;ia. <\/p>\n<p align=\"justify\">&nbsp;<\/p>\n<p>2. Problema<br \/>\n      aplic&#259;rii Legii 275\/2006\u00a0<br \/>\nprivind executarea pedepselor &#351;i a m&#259;surilor dispuse de<br \/>\norganele judiciare \u00een cursul procesului penal<\/p>\n<p align=\"justify\">Art.81 alin.4 prevede c&#259; aresturile (\u201ecentre de re&#355;inere &#351;i<br \/>\n  arestare preventiv&#259;\u201d) trebuie s&#259; fie organizate &#351;i s&#259; func&#355;ioneze<br \/>\n  \u201eprin regulament aprobat prin ordin comun al ministrului administra&#355;iei<br \/>\n  &#351;i internelor (n.n. \u2013 noua titulatur&#259; este <i>ministrul internelor &#351;i al reformei administrative<\/i>) &#351;i al<br \/>\n  ministrului justi&#355;iei.\u201d La un an de la intrarea \u00een vigoare a legii, <i>nu exist&#259; un astfel de regulament. <\/i>Poli&#355;i&#351;tii<br \/>\n  sus&#355;in c&#259; aplic&#259; Legea 275, chiar &#351;i \u00een absen&#355;a noului<br \/>\n  regulament. \u00cen practic&#259;, deocamdat&#259; ei respect&#259; tot <i>vechiul regulament<\/i>, emis \u00eenc&#259; de pe<br \/>\n  vremea regimului comunist dar, este drept, oarecum \u201e\u00eendulcit\u201d. Un exemplu<br \/>\n  elocvent este <i>\u00eenc&#259;tu&#351;area <\/i>persoanelor<br \/>\n  private de libertate la scoaterea din arest. Legea 275\u00a0 prevede la art.37 alin.2 c&#259; \u201e&#8230;.<br \/>\n  imobilizarea cu c&#259;tu&#351;e, c&#259;m&#259;&#351;i de for&#355;&#259; sau<br \/>\n  alte forme de imobilizare a corpului este permis&#259; <i>doar \u00een situa&#355;ii excep&#355;ionale.\u201d <\/i>(subl.n.). Or, \u00een toate<br \/>\n  aresturile de poli&#355;ie, \u00eenc&#259;tu&#351;area la scoaterea din arest <i>este regula din vechiul act normativ<br \/>\n  \u00eenc&#259; \u00een vigoare. <\/i>Ea se aplic&#259;&#351;i \u00een arestul sec&#355;iei 12, cu toate c&#259; mul&#355;i<br \/>\n  aresta&#355;i abia se &#355;in pe picioare &#351;i deci este cu totul improbabil<br \/>\n  c&#259; ar \u00eencerca s&#259; evadeze.\u00a0<br \/>\n  Aceasta este teama major&#259; a poli&#355;i&#351;tilor, \u00een principal<br \/>\n  din cauza sanc&#355;iunilor drastice pe care le suport&#259; dac&#259; un<br \/>\n  astfel de eveniment ar avea loc. Oricum, noul regulament \u2013 a&#351;teptat de<br \/>\n  toat&#259; lumea \u2013 <i>nu <\/i>va putea<br \/>\nmodifica legea ci, cel mult, s&#259; o nuan&#355;eze.<\/p>\n<p align=\"justify\">&nbsp;<\/p>\n<p>3. Condi&#355;ii<br \/>\nde deten&#355;ie<\/p>\n<p align=\"justify\">a)&nbsp;&nbsp;&nbsp;&nbsp;&nbsp;<br \/>\n    <i>Camerele de de&#355;inere <\/i>sunt mici (cam 9 m.p&#259;tra&#355;i)<br \/>\n  &#351;i fiecare este dotat&#259; cu 4 paturi &#351;i grup sanitar. Comitetul European<br \/>\n  pentru Prevenirea Torturii a recomandat Rom\u00e2niei \u00eenc&#259; din 1999 ca, \u00een<br \/>\n  penitenciare, spa&#355;iul de de&#355;inere s&#259; fie de minimum <i>4 metri p&#259;tra&#355;i pentru fiecare<br \/>\n    de&#355;inut. <\/i>\u00cen privin&#355;a aresturilor poli&#355;iei, cu toate c&#259;<br \/>\n  nu exist&#259; o recomandare pentru Rom\u00e2nia, \u00een standardele CPT, revizuite \u00een<br \/>\n  2006, se men&#355;ioneaz&#259; urm&#259;torul criteriu: dimensiunile unei<br \/>\n  camere din arestul poli&#355;iei, <i>pentru<br \/>\n    o singur&#259; persoan&#259;, dac&#259; este privat&#259; de libertate <b>mai mult de c\u00e2teva ore<\/b>, ar trebuie<br \/>\n    s&#259; fie \u00een jurul a 7 metri p&#259;tra&#355;i.<\/i> CPT precizeaz&#259;<br \/>\n  c&#259; acesta ar fi spa&#355;iul <i>de<br \/>\n    dorit<\/i> mai degrab&#259; dec\u00e2t un standard minim. Dac&#259; 7 m.p. pe<br \/>\n  persoan&#259; nu reprezint&#259; un criteriu obligatoriu, \u00een schimb cei 4 m.p.<br \/>\n  \u00eenseamn&#259; o recomandare expres&#259;, acceptat&#259; deja \u00een sistemul<br \/>\n  penitenciar. Este foarte clar \u00een arestul sec&#355;iei 12 nu revin dec\u00e2t cam 2<br \/>\n  m.p. pe arestat, deci exist&#259; <i>supraaglomerare.<br \/>\n  <\/i>\u00cen plus, din cauza deficitului de lumin&#259; natural&#259; (camerele sunt<br \/>\n  \u00een subsol iar ferestrele, plasate la nivelul cur&#355;ii exterioare, sunt<br \/>\n  practic obturate cu z&#259;brele &#351;i plase metalice), becurile r&#259;m\u00e2n<br \/>\naprinse pe toat&#259; durata zilei.<\/p>\n<p align=\"justify\">Nu se aflau minori printre aresta&#355;i, iar<br \/>\n  femeile, re&#355;inute pentru infrac&#355;iuni, chiar &#351;i cele dependente<br \/>\nde droguri, sunt duse \u00een arestul sec&#355;iei 15.<\/p>\n<p align=\"justify\">Arestul este dotat cu sistem de alarmare<br \/>\n  sonor&#259; (sonerii \u00een fiecare camer&#259;) dar &#351;i cu aparate video de<br \/>\n  supraveghere, instalate \u00een curtea de plimbare &#351;i pe coridoare.\u00a0 Supravegherea video se limiteaz&#259; la <i>spa&#355;ii comune <\/i>&#351;i deci nu<br \/>\nreprezint&#259; o intruziune \u00een intimitatea persoanelor private de libertate.<\/p>\n<p align=\"justify\">b)&nbsp;&nbsp;&nbsp;&nbsp;&nbsp;<br \/>\n  <i>Curtea de plimbare <\/i>este un fel de \u201ecu&#351;c&#259;\u201d de circa 6 m.p.<br \/>\n  \u00een care aresta&#355;ii nu pot dec\u00e2t s&#259; stea \u00een picioare sau s&#259;<br \/>\n  fac&#259; doi-trei pa&#351;i. \u00cen plus, accesul spre curte se face pe ni&#351;te<br \/>\n  trepte \u00eenalte, periculoase &#351;i pentru o persoan&#259; f&#259;r&#259;<br \/>\n  probleme de s&#259;n&#259;tate &#351;i, cu at\u00e2t mai mult, pentru aresta&#355;ii<br \/>\n\u00een stare de sevraj.<\/p>\n<p align=\"justify\">c)&nbsp;&nbsp;&nbsp;&nbsp;&nbsp;<br \/>\n  Considerat<br \/>\n  ca <i>infirmerie, <\/i>arestul <i>nu <\/i>este dotat nici m&#259;car cu<br \/>\n  difuzoare. Aresta&#355;ii nu au aparate de radio, iar despre televizoare nici<br \/>\n  nu poate fi vorba. Se pare c&#259; exist&#259; un sistem radio dar nu este pus<br \/>\n  \u00een func&#355;iune din motive pur tehnice. Iar pentru faptul c&#259;<br \/>\n  aresta&#355;ii nu au nici m&#259;car aparate de radio portabile,<br \/>\n  poli&#355;i&#351;tii au oferit urm&#259;toarea explica&#355;ie: dat&#259; fiind<br \/>\n  durata scurt&#259; a &#351;ederii \u00een arest, ei pot primi practic doar o<br \/>\n  vizit&#259; cu familia (regula este o vizit&#259; pe s&#259;pt&#259;m\u00e2n&#259;)<br \/>\n  \u00een timpul c&#259;reia ar putea cere s&#259; i se aduc&#259; un radio. \u00cens&#259;<br \/>\n  p\u00e2n&#259; la a doua vizit&#259;, ar fi deja transfera&#355;i \u00een alt arest.<br \/>\n  Pentru reprezentantele asocia&#355;ie nu este clar <i>de ce nu ar putea solicita familiilor s&#259; le aduc&#259; aparatele<br \/>\n\u00eenainte de prima vizit&#259;, prin telefon. <\/i><\/p>\n<p align=\"justify\">&nbsp;<\/p>\n<p>4. Cazuri<br \/>\nindividuale<\/p>\n<p align=\"justify\">\u00cen camera 1 erau 4 aresta&#355;i \u00een 4 paturi dar, pentru c\u00e2teva ore, a mai<br \/>\n  fost &#351;i un 5-lea. Doi din cei 4 de&#355;inu&#355;i s-au pl\u00e2ns de<br \/>\n  brutalit&#259;&#355;ile poli&#355;i&#351;tilor de la DIICOT din momentul \u00een<br \/>\n  care au p&#259;truns \u00een domicilii p\u00e2n&#259; la aducerea \u00een arest. Romeo Ion<br \/>\n  V&#259;rzaru prezenta urme clare de lovituri (echimoze), \u00een special pe picioare<br \/>\n  dar \u2013 spunea el \u2013 &#351;i pe p&#259;r&#355;ile \u201eru&#351;inoase\u201d ale corpului.<br \/>\n  Ninel Viorel On&#355;ic&#259; avea o plag&#259; escoriat&#259; destul de mare<br \/>\n  la \u00eencheietura m\u00e2inii st\u00e2ngi, precum &#351;i semne de agresiune pe picioare. \u00cen<br \/>\n  ambele cazuri, perchezi&#355;iile la domiciliu &#351;i \u201econducerea\u201d la<br \/>\n  poli&#355;ie au fost f&#259;cute de grupuri mari de poli&#355;i&#351;ti (cam<br \/>\n  10-12 \u00een fiecare caz), cu suspec&#355;ii imediat \u00eenc&#259;tu&#351;a&#355;i.<br \/>\n  On&#355;ic&#259; mai avea &#351;i c\u00e2&#355;iva din&#355;i lips&#259;, pentru<br \/>\n  care d&#259;dea vina tot pe poli&#355;i&#351;tii DIICOT. Un al treilea<br \/>\n  de&#355;inut \u2013 Relu Tomas Tudor Petrescu \u2013 a reclamat acel&#351;i gen de<br \/>\ntratament brutal dar din partea \u201esec&#355;iei a 8-a volante\u201d de poli&#355;ie.<\/p>\n<p align=\"justify\">Interesant este faptul c&#259;, de&#351;i sunt v&#259;zu&#355;i zilnic de<br \/>\n  un medic, niciunul nu a cerut ca urmele loviturilor s&#259; fie consemnate \u00een<br \/>\n  fi&#351;a medical&#259; &#351;i nici s&#259; fie examina&#355;i de un medic<br \/>\n  legist (sau de alt medic din afara sistemului) cu toate c&#259; Legea 275\/2006<br \/>\n  le-ar da acest drept. Cel mai probabil, aresta&#355;ii nu au habar de<br \/>\naceast&#259; posibilitate.  <\/p>\n<p align=\"justify\">Revenind la Ninel Viorel On&#355;ic&#259;, asocia&#355;ia face<br \/>\n  urm&#259;toarele preciz&#259;ri: el a mai reclamat abuzurile fizice suportate<br \/>\n  din partea poli&#355;i&#351;tilor de la aceea&#351;i institu&#355;ie (DIICOT)<br \/>\n  \u00een septembrie 2006. Atunci, instan&#355;a <i>nu<br \/>\n  <\/i>a dat mandat de arestare iar On&#355;ic&#259; a fost pus imediat \u00een<br \/>\n  libertate. El a sesizat toate institu&#355;iile cu atribu&#355;ii &#351;i<br \/>\n  APADOR-CH care l-a sus&#355;inut \u00een demersurile sale. Pl\u00e2ngerea lui a ajuns \u00een<br \/>\n  instan&#355;&#259; unde s-a judecat pe 30 octombrie a.c., judec&#259;torul<br \/>\n  am\u00e2n\u00e2nd pronun&#355;area. <i>\u00cen aceea&#351;i<br \/>\n    zi<\/i>, poli&#355;i&#351;tii de la DIICOT au n&#259;v&#259;lit la el<br \/>\n  acas&#259;, unde l-au supus tratamentului amintit mai sus. Coinciden&#355;a<br \/>\n  merit&#259; semnalat&#259; &#351;i mai apare &#351;i \u00eentrebarea <i>ce s-ar fi \u00eent\u00e2mplat dac&#259;<br \/>\n  judec&#259;torul ar fi respins pe loc pl\u00e2ngerea lui On&#355;ic&#259;: mai aveau<br \/>\n  \u2013 sau nu \u2013 loc perchezitia &#351;i re&#355;inerea<\/i>? Cele dou&#259;<br \/>\n  ac&#355;iuni din 30 octombrie, precum &#351;i modul brutal de<br \/>\n  desf&#259;&#351;urare pot fi interpretate <b><i>&#351;i \u00een cheia intimid&#259;rii &#351;i<br \/>\nsau \u201epedepsirii\u201d <\/i><\/b>lui On&#355;ic&#259; pentru\u201enecazurile\u201d provocate prin pl\u00e2ngerea de anul trecut.<\/p>\n<p align=\"justify\">Ninel Viorel On&#355;ic&#259; este consumator de droguri &#351;i este, de<br \/>\n  mai mul&#355;i ani, inclus \u00eentr-un program anti-drog recunoscut oficial. El are <i>dreptul legal <\/i>de a de&#355;ine<br \/>\n  &#351;i utiliza metadon&#259; dar, ca &#351;i la re&#355;inerea din 2006,<br \/>\n  medicamentul i-a fost confiscat. Dup&#259; cum s-a men&#355;ionat mai sus,<br \/>\n  metadona este interzis&#259; \u00een aresturile poli&#355;iei &#351;i \u00een<br \/>\n  penitenciare. Prin urmare, On&#355;ic&#259; \u2013 &#351;i al&#355;ii \u00een<br \/>\n  situa&#355;ii similare \u2013 <i>sunt<br \/>\n    priva&#355;i de tratamentul prescris de medicii speciali&#351;ti, ceea ce, \u00een<br \/>\n    opinia asocia&#355;iei, \u00eenseamn&#259; <b>tratament<br \/>\ninuman. <\/b><\/i><\/p>\n<p align=\"justify\">On&#355;ic&#259; mai sus&#355;ine c&#259; tot ce s-a \u00eent\u00e2mplat pe 30<br \/>\n  octombrie a.c. este o <i>\u00eenscenare <\/i>a<br \/>\n  DIICOT. La perchezi&#355;ie i s-au confiscat, pe l\u00e2ng&#259; metadon&#259;, <i>17 bile de heroin&#259; <\/i>(arestatul<br \/>\n  afirm&#259; c&#259; ar fi avut numai una, pentru uz propriu) &#351;i <i>circa 4 milioane de lei vechi<\/i>, printre<br \/>\n  care cineva ar fi strecurat dou&#259; bancnote marcate de poli&#355;ie. \u00cen<br \/>\n  plus, o persoan&#259; apropiat&#259; lui On&#355;ic&#259;, prezent&#259; la<br \/>\n  perchezi&#355;ie &#351;i re&#355;inere, a auzit un poli&#355;ist vorbind la<br \/>\n  telefonul mobil &#351;i spun\u00e2nd ceva de genul \u201egata &#351;efu, l-am luat\u201d, ceea<br \/>\nce ar putea \u00eent&#259;ri suspiciunile de \u00eenscenare.<\/p>\n<p align=\"justify\">&nbsp;<\/p>\n<p align=\"justify\">APADOR-CH\u00a0 cere Ministerului<br \/>\n  Internelor &#351;i Reformei Administrative:<\/p>\n<p align=\"justify\">1.&nbsp;&nbsp;&nbsp;&nbsp;&nbsp;<br \/>\n  S&#259;<br \/>\n  declan&#351;eze imediat o anchet&#259; cu privire la modul \u00een care<br \/>\n  procedeaz&#259; poli&#355;i&#351;tii de la DIICOT la perchezi&#355;ii &#351;i<br \/>\n  re&#355;ineri <i>\u00een general<\/i> &#351;i, <i>\u00een particular<\/i>, \u00een cazurile<br \/>\n  On&#355;ic&#259; &#351;i V&#259;rzaru. O anchet&#259; similar&#259; este necesar&#259;<br \/>\n  &#351;i \u00een cazul Petrescu, \u00een care a fost implicat&#259; \u201esec&#355;ia a 8-a<br \/>\nvolant&#259;\u201d;<\/p>\n<p align=\"justify\"><i>2.&nbsp;&nbsp;&nbsp;&nbsp;&nbsp; <\/i>Asocia&#355;ia cere rezolvarea de<br \/>\n  urgen&#355;&#259; a problemei folosirii metadonei \u00een arest <i>\u00een primul r\u00e2nd pentru cei care urmeaz&#259; acest tratament dinainte de<br \/>\nre&#355;inere\/arestare.<\/i><\/p>\n<p align=\"justify\">Asocia&#355;ia cere din nou <i>urgentarea<br \/>\n  redact&#259;rii regulamentului de aplicare a Legii 275\/2006 \u00een aresturile<br \/>\n  poli&#355;iei &#351;i a emiterii ordinului comun MIRA-MJ, <\/i>\u00een vederea<br \/>\n  elimin&#259;rii tuturor regulilor actuale ce au intrat \u00een conflict cu noul act<br \/>\nnormativ.<\/p>\n<p align=\"justify\">&nbsp;<\/p>\n<p align=\"justify\">Manuela Stef&#259;nescu\u00a0\u00a0 \u00a0\u00a0\u00a0\u00a0\u00a0\u00a0\u00a0\u00a0\u00a0\u00a0\u00a0\u00a0\u00a0\u00a0\u00a0\u00a0\u00a0\u00a0\u00a0\u00a0\u00a0\u00a0\u00a0\u00a0\u00a0\u00a0\u00a0\u00a0\u00a0\u00a0\u00a0\u00a0\u00a0\u00a0\u00a0\u00a0\u00a0\u00a0\u00a0\u00a0\u00a0\u00a0\u00a0\u00a0\u00a0\u00a0Maria Andreescu<\/p>\n<p>  Raspunsul IGPR in acest caz <\/p>\n<p align=\"justify\">\n<p> <\/p>","protected":false},"excerpt":{"rendered":"<p>Pe data de 7 noiembrie 2007, dou&#259; reprezentante ale APADOR-CH au vizitat arestul sec&#355;iei 12 de poli&#355;ie din Bucure&#351;ti.<\/p>\n","protected":false},"author":2,"featured_media":0,"comment_status":"closed","ping_status":"open","sticky":false,"template":"","format":"standard","meta":{"footnotes":""},"categories":[28],"tags":[],"class_list":["post-1956","post","type-post","status-publish","format-standard","hentry","category-monitorizarea-conditiilor-de-detentie-aresturi"],"_links":{"self":[{"href":"https:\/\/apador.org\/en\/wp-json\/wp\/v2\/posts\/1956","targetHints":{"allow":["GET"]}}],"collection":[{"href":"https:\/\/apador.org\/en\/wp-json\/wp\/v2\/posts"}],"about":[{"href":"https:\/\/apador.org\/en\/wp-json\/wp\/v2\/types\/post"}],"author":[{"embeddable":true,"href":"https:\/\/apador.org\/en\/wp-json\/wp\/v2\/users\/2"}],"replies":[{"embeddable":true,"href":"https:\/\/apador.org\/en\/wp-json\/wp\/v2\/comments?post=1956"}],"version-history":[{"count":0,"href":"https:\/\/apador.org\/en\/wp-json\/wp\/v2\/posts\/1956\/revisions"}],"wp:attachment":[{"href":"https:\/\/apador.org\/en\/wp-json\/wp\/v2\/media?parent=1956"}],"wp:term":[{"taxonomy":"category","embeddable":true,"href":"https:\/\/apador.org\/en\/wp-json\/wp\/v2\/categories?post=1956"},{"taxonomy":"post_tag","embeddable":true,"href":"https:\/\/apador.org\/en\/wp-json\/wp\/v2\/tags?post=1956"}],"curies":[{"name":"wp","href":"https:\/\/api.w.org\/{rel}","templated":true}]}}