{"id":1967,"date":"2009-06-25T00:00:00","date_gmt":"2009-06-25T00:00:00","guid":{"rendered":"http:\/\/www.apador.org\/seamus\/raport-asupra-vizitei-apador-ch-in-arestul-inspectoratului-de-poliie-al-judeului-brila\/"},"modified":"2009-06-25T00:00:00","modified_gmt":"2009-06-25T00:00:00","slug":"raport-asupra-vizitei-apador-ch-in-arestul-inspectoratului-de-poliie-al-judeului-brila","status":"publish","type":"post","link":"https:\/\/apador.org\/en\/raport-asupra-vizitei-apador-ch-in-arestul-inspectoratului-de-poliie-al-judeului-brila\/","title":{"rendered":"Raport asupra vizitei APADOR-CH \u00een arestul Inspectoratului de Poli&#355;ie al Jude&#355;ului Br&#259;ila"},"content":{"rendered":"<p class=\"qtranxs-available-languages-message qtranxs-available-languages-message-en\">Sorry, this entry is only available in <a href=\"https:\/\/apador.org\/ro\/wp-json\/wp\/v2\/posts\/1967\" class=\"qtranxs-available-language-link qtranxs-available-language-link-ro\" title=\"Rom\u00e2n\u0103\">Rom\u00e2n\u0103<\/a>. For the sake of viewer convenience, the content is shown below in the alternative language. You may click the link to switch the active language.<\/p><p><\/p>\n<p align=\"justify\" style='text-align:justify'>Pe data de 25<br \/>\n    iunie 2009 dou&#259; reprezentante ale APADOR-CH au vizitat arestul Inspectoratului de<br \/>\n  Poli&#355;ie al Jude&#355;ului Br&#259;ila, singurul arest din jude&#355;. <\/p>\n<p align=\"justify\" style='text-align:justify'> APADOR-CH atrage din nou aten&#355;ia asupra faptului c&#259; <i>Ministerul Internelor &#351;i Reformei Administrative &#351;i Ministerul Justi&#355;iei<\/i> nu au elaborat \u00eenc&#259; <i><b>regulamentul de aplicare \u00een aresturile poli&#355;iei a Legii nr. 275\/2006<\/b><\/i> privind executarea pedepselor &#351;i a m&#259;surilor dispuse de organele judiciare \u00een cursul procesului penal. \u00cen lipsa acestui<br \/>\n    document poli&#355;i&#351;tii \u00ee&#351;i desf&#259;&#351;oar&#259; activitatea conform unor proceduri mai<br \/>\n    vechi, care \u00eencalc&#259; unele prevederi din Legea nr. 275\/2006. De exemplu, \u00een<br \/>\n    arestul poli&#355;iei Br&#259;ila se practic&#259; \u00een continuare \u00eenc&#259;tu&#351;area automat&#259; a<br \/>\n    persoanelor private de libertate la scoaterea din arest. Aceast&#259; practic&#259; este<br \/>\n    \u00een contradic&#355;ie cu prevederile din Legea 275\/2006 care stipuleaz&#259; c&#259;<i> imobilizarea de acest tip se poate aplica numai \u00een<br \/>\n    situa&#355;ii excep&#355;ionale. <\/i>\u00cen plus, de&#351;i poli&#355;i&#351;tii au afirmat c&#259;<br \/>\n    desc&#259;tu&#351;eaz&#259; aresta&#355;ii care a&#351;teapt&#259; \u00een boxe s&#259; fie introdu&#351;i \u00een sala de<br \/>\n    judecat&#259;, dou&#259; persoane private de libertate au sus&#355;inut c&#259; <i>nu <\/i>s-a procedat a&#351;a \u00een niciun moment \u00eentre<br \/>\n  ie&#351;irea &#351;i revenirea lor \u00een arest. <\/p>\n<p align=\"justify\" style='text-align:justify;'>\u00b7&nbsp;&nbsp;&nbsp;&nbsp;&nbsp;&nbsp;&nbsp; <b>Condi&#355;ii<br \/>\n  de deten&#355;ie<\/b><\/p>\n<p align=\"justify\" style='text-align:justify'>La data vizitei\u00a0<br \/>\n    \u00een arestul IPJ Br&#259;ila se aflau 12 aresta&#355;i, b&#259;rba&#355;i, to&#355;i adul&#355;i. Personalul<br \/>\n    arestului este format din 20 de persoane: 12 agen&#355;i care asigur&#259; permanen&#355;a<br \/>\n    (c\u00e2te patru \u00een trei ture), patru &#351;oferi, trei agen&#355;i la escort&#259; &#351;i &#351;eful<br \/>\n  serviciului.<\/p>\n<p align=\"justify\" style='text-align:justify'>Arestul, situat<br \/>\n    la demisolul cl&#259;dirii vechi a inspectoratului, are 19 camere de aproximativ\u00a0 6<br \/>\n    mp fiecare, 17 dintre acestea cu dou&#259; paturi, iar dou&#259; cu trei paturi.\u00a0 Numai 6<br \/>\n    camere sunt ocupate ceea ce duce, \u00een mod paradoxal av\u00e2nd \u00een vedere suprafa&#355;a<br \/>\n    total&#259; a arestului, la supraglomerare at\u00e2t din perspectiva sistemului caduc de<br \/>\n    evaluare, cel ce se raporteaz&#259; la criteriul celor 6 mc aer\/persoan&#259; de&#355;inut&#259;, c\u00e2t<br \/>\n    mai ales din perspectiva recomand&#259;rii din 1999 a Comitetului European pentru<br \/>\n    Prevenirea Torturii ca, \u00een penitenciare, spa&#355;iul de de&#355;inere s&#259; fie de minimum <i>4 metri p&#259;tra&#355;i pentru fiecare de&#355;inut. Comitetul a<br \/>\n    extins recomandarea &#351;i la aresturile poli&#355;iei prin raportul asupra vizitei sale<br \/>\n  \u00een Rom\u00e2nia \u00een 2006 f&#259;cut public \u00een 2008.<\/i><\/p>\n<p align=\"justify\" style='text-align:justify'><b>\u00cen<br \/>\n    arestul IPJ Br&#259;ila, \u00een camerele cu dou&#259; paturi revin 3 mp\/arestat iar \u00een cele<br \/>\n    cu trei paturi revin doar 2 mp\/arestat deci exist&#259; <i>supraaglomerare<\/i><\/b><i> (iar perioada medie pe care un arestat o petrece \u00een<br \/>\n    acest arest este de dou&#259; luni<\/i>, conform estim&#259;rilor<br \/>\n  &#351;efului arestului<i>). <\/i><\/p>\n<p align=\"justify\" style='text-align:justify'>Camerele sunt<br \/>\n    insuficient luminate natural din cauza amplas&#259;rii la demisol &#351;i securiz&#259;rii<br \/>\n  ferestrelor cu plase dese de s\u00e2rm&#259;. <\/p>\n<p align=\"justify\" style='text-align:justify'>Camerele de<br \/>\n    de&#355;inere<i> nu au niciun fel de dotare igienico-sanitar&#259;.<br \/>\n    Pe timpul nop&#355;ii aresta&#355;ii sunt nevoi&#355;i s&#259; utilizeze tinetele (ni&#351;te g&#259;le&#355;i cu<br \/>\n    capac) deoarece <\/i>aresta&#355;ii<i> nu sunt<br \/>\n    sco&#351;i din camere \u00eentre ora 22.00 &#351;i 6.00 diminea&#355;a.<\/i> Pe timpul zilei,<br \/>\n    c\u00e2nd\u00a0 o persoan&#259; din arest dore&#351;te s&#259; mearg&#259; la grupul sanitar, ea trebuie s&#259;<br \/>\n    fac&#259; apel la bun&#259;voin&#355;a supraveghetorilor (arestul are sistem de alarmare<br \/>\n    audio-viziual&#259;). <b>APADOR-CH <i>\u00a0consider&#259; c&#259; dependen&#355;a persoanelor din arest de<br \/>\n    supraveghetori pentru satisfacerea nevoilor fiziologice, precum &#351;i folosirea<br \/>\n    insalubrei tinete pe durata nop&#355;ii \u00eenseamn&#259; tratament degradant. <\/i><\/b>Potrivit<br \/>\n    &#351;efului personalului arestului (afirma&#355;ie confirmat&#259; de persoanele de&#355;inute la<br \/>\n    momentul vizitei), fiecarei solicit&#259;ri a aresta&#355;ilor de a utiliza grupul<br \/>\n    sanitar comun (4 du&#351;uri, 3 WC-uri &#351;i un jgheab cu dou&#259; robinete) i se d&#259; curs \u00a0cu<br \/>\n    promptitudine. \u00cen opinia asocia&#355;iei, <i>cea mai<br \/>\n    bun&#259; solu&#355;ie este mutarea arestului \u00eentr-un spa&#355;iu care s&#259; corespund&#259; normelor<br \/>\n  de cazare &#351;i igienico-sanitare. <\/i><\/p>\n<p align=\"justify\" style='text-align:justify'><i>Au<br \/>\n    fost instalate aparate\u00a0 video de supraveghere permanent&#259;\u00a0 \u00een dou&#259; dintre<br \/>\n    camerele de de&#355;inere. <\/i><b>Asocia&#355;ia reaminte&#351;te faptul c&#259; m&#259;sura supravegherii video continue<br \/>\n    reprezint&#259; o <i>\u00eenc&#259;lcare grav&#259; a dreptului la<br \/>\n    protejarea vie&#355;ii intime <\/i>a persoanelor re&#355;inute sau aflate \u00een arest<br \/>\n    preventiv. Instalarea <\/b>camerelor video este de dorit pe<br \/>\n    coridoare &#351;i, mai ales, \u00een birourile de anchet&#259;, <i>dar \u00een niciun caz \u00een camerele de de&#355;inere, grupuri sanitare sau<br \/>\n    cabinete medicale.<\/i> <b>APADOR-CH<br \/>\n    revine asupra solicit&#259;rii adresate Inspectoratului General al Poli&#355;iei de a<br \/>\n    clarifica\u00a0 <i>temeiul legal pe baza c&#259;ruia au<br \/>\n  fost instalate camerele video. <\/i><\/b><\/p>\n<p align=\"justify\" style='text-align:justify'>Arestul nu<br \/>\n    asigur&#259; dec\u00e2t pat, a&#351;ternuturi, pern&#259;, p&#259;tur&#259; &#351;i detergen&#355;i. Restul obiectelor<br \/>\n    igienico-sanitare absolut necesare \u2013 s&#259;pun, past&#259; de din&#355;i &#351;i de ras, h\u00e2rtie<br \/>\n    igienic&#259; etc. \u2013 sunt fie aduse \u00een bagajul personal la re&#355;inere\/arestare, fie<br \/>\n  furnizate ulterior de apar&#355;in&#259;tori. <\/p>\n<p align=\"justify\" style='text-align:justify'>Hrana aresta&#355;ilor<br \/>\n    provine de la buc&#259;t&#259;ria penitenciarului Br&#259;ila &#351;i este de o calitate foarte<br \/>\n    proast&#259;. Aresta&#355;ii se hr&#259;nesc \u00een general cu alimentele primite de la<br \/>\n    apar&#355;in&#259;tori pe care le p&#259;streaz&#259; \u00een frigiderele puse la dispozi&#355;ie de arest &#351;i<br \/>\n    la care au acces oric\u00e2nd \u00een timpul zilei (aresta&#355;ii pot utiliza &#351;i un cuptor cu<br \/>\n    microunde &#351;i un fierb&#259;tor electric). \u00cen plus aresta&#355;ii care dispun de bani<br \/>\n    proprii au posibilitatea s&#259;-&#351;i achizi&#355;ioneze alimente &#351;i produse sanitare prin<br \/>\n    intermediul personalului arestului, s&#259;pt&#259;m\u00e2nal, pe baza unor liste de<br \/>\n  cump&#259;r&#259;turi.<\/p>\n<p align=\"justify\" style='text-align:justify'>Camerele de<br \/>\n    de&#355;inere sunt dotate cu echipamente prin intermediul c&#259;rora se difuzeaz&#259;<br \/>\n    programe ale unor posturi rom\u00e2ne&#351;ti de radio. Aresta&#355;ii pot face abonamente la<br \/>\n    ziare &#351;i reviste. Arestul are amenajat&#259; o camer&#259; cu destina&#355;ia de club, dotat&#259;<br \/>\n    cu o b&#259;ncu&#355;&#259; &#351;i un televizor, \u00een care aresta&#355;ii au acces zilnic timp de o<br \/>\n  jum&#259;tate de or&#259;, uneori mai mult, \u00een func&#355;ie de efective. <\/p>\n<p align=\"justify\" style='text-align:justify'>Cur&#355;ile de<br \/>\n    plimbare (\u00een fapt ni&#351;te camere c&#259;rora le lip&#351;este acoperi&#351;ul, \u00eenlocuit cu o<br \/>\n    plas&#259; de s\u00e2rm&#259;)\u00a0 \u00een num&#259;r de trei, sunt mici &#351;i nu au niciun fel de dotare<br \/>\n    pentru sport sau orice tip de activitate \u00een afar&#259; de plimbatul \u00een cerc &#351;i de<br \/>\n    statul pe b&#259;ncu&#355;&#259;. <i>APADOR-CH solicit&#259; din<br \/>\n    nou IGPR instalarea unor echipamente simple (de pild&#259; bare fixe) ceea ce ar<br \/>\n    face mai atractiv&#259; ie&#351;irea la aer.<\/i> Persoanele private de libertate<br \/>\n  ies la aer zilnic timp de aproximativ o or&#259;. <\/p>\n<p align=\"justify\" style='text-align:justify'><i>Asisten&#355;a<br \/>\n    medical&#259; este asigurat&#259; de <\/i>un medic de la<br \/>\n    Centru medical al MAI care efectueaz&#259; un consult medical fiec&#259;rui arestat \u00een<br \/>\n    maxim 24 de ore de la \u00eencarcerare sau de\u00eendat&#259; la cererea &#351;efului arestului<br \/>\n    dac&#259; un arestat prezint&#259; semne de violen&#355;&#259;. Conform &#351;efului arestului exist&#259;<br \/>\n    \u00eenc&#259; astfel de cazuri, aresta&#355;ii suferind, probabil agresiuni \u00een perioada<br \/>\n    premerg&#259;toare introducerii \u00een arest, perioada \u201econducerii la sec&#355;ie\u201d (astfel de<br \/>\n    situa&#355;ii au fost relatate &#351;i de aresta&#355;ii cu care au discutat reprezentantele<br \/>\n    APADOR-CH &#8211; vezi mai jos \u00een raport). Nu au fost semnalate probleme speciale de<br \/>\n    s&#259;n&#259;tate precum epidemii, infec&#355;ii HIV\/SIDA sau afec&#355;iuni medicale asociate<br \/>\n    consumului de droguri. Cabinetul medical este amenajat &#351;i dotat cu medicamente &#351;i<br \/>\n    materiale sanitare similare unui cabinet de medicin&#259; de familie. Nu se asigur&#259;<br \/>\n    permanen&#355;a asisten&#355;ei medicale \u00eens&#259; \u00een situa&#355;ii de urgen&#355;&#259; aresta&#355;ii sunt<br \/>\n  transporta&#355;i fie la Centrul medical al MAI fie la Spitalul Jude&#355;ean.<\/p>\n<p align=\"justify\" style='text-align:justify'>Cutia po&#351;tal&#259;<br \/>\n    este amplasat&#259; pe hol iar aresta&#355;ii pot introduce personal plicurile \u00een cutie.<br \/>\n    Coresponden&#355;a primit&#259; este \u00eenregistrat&#259; la registratura IPJ &#351;i distribuit&#259;<br \/>\n    aresta&#355;ilor de &#351;eful arestului. Telefonul este instalat \u00een cabinetul medical<br \/>\n    iar supraveghtorul iese pe hol dup&#259; ce verific&#259; num&#259;rul apelat. Vizitele &#351;i<br \/>\n    pachetele sunt primite \u00eentr-o \u00eenc&#259;pere\u00a0\u00a0 special amenajat&#259; \u00een afara arestului.<br \/>\n  Tot aici au loc &#351;i \u00eent\u00e2lnirile cu avoca&#355;ii.<\/p>\n<p align=\"justify\" style='text-align:justify;'>\u00b7&nbsp;&nbsp;&nbsp;&nbsp;&nbsp;&nbsp;&nbsp; <b>Discu&#355;ii<br \/>\n  cu aresta&#355;ii <\/b><\/p>\n<p align=\"justify\" style='text-align:justify'>La momentul<br \/>\n    vizitei \u00een clubul arestului se aflau dou&#259; persoane care urm&#259;reau un program TV<br \/>\n    iar \u00eentr-una din cur&#355;ile de plimbare, alte dou&#259; .To&#355;i ace&#351;tia au declarat c&#259;<br \/>\n    sunt bine trata&#355;i \u00een arest &#351;i nu s-au pl\u00e2ns dec\u00e2t de calitatea hranei despre<br \/>\n    care au afirmat c&#259; este at\u00e2t de proast&#259; \u00eenc\u00e2t nimeni nu o poate m\u00e2nca. Unul<br \/>\n    dintre aresta&#355;i a semnalat faptul c&#259;, \u00eenainte de a fi introdus \u00een arest a fost<br \/>\n    audiat de poli&#355;i&#351;ti f&#259;r&#259; avocat de&#351;i solicitase unul. \u00cen camerele 18 &#351;i 19<br \/>\n    reprezentantele asocia&#355;iei au \u00eent\u00e2lnit al&#355;i patru aresta&#355;i care au sesizat de<br \/>\n    asemenea calitatea hranei &#351;i absen&#355;a avoca&#355;ilor la momentul declara&#355;iilor. \u00cen<br \/>\n    plus ace&#351;tia au afirmat c&#259; din camerele de anchet&#259; ale IPJ Br&#259;ila, situate la<br \/>\n    etajele superioare, se aud frecvent &#355;ipetele de durere ale aresta&#355;ilor &#351;i c&#259;<br \/>\n    abuzurile fizice ale poli&#355;i&#351;tilor sunt frecvente \u00een sec&#355;iile\/posturile de<br \/>\n  poli&#355;ie din jude&#355;ul Br&#259;ila.<\/p>\n<p align=\"justify\" style='text-align:justify'>Reprezentantele<br \/>\n    APADOR-CH au discutat cu Berand&#259; Florin, arestat preventiv, la solicitarea<br \/>\n    acestuia. B.F. a relatat c&#259; pe 30 martie a.c. a fost condus la sec&#355;ia de<br \/>\n    poli&#355;ie din localitatea Traian-sat &#351;i a fost b&#259;tut de agen&#355;ii prezen&#355;i \u00een<br \/>\n    sec&#355;ie timp de mai bine de 12 ore pentru a recunoa&#351;te c&#259; a comis o infrac&#355;iune.<br \/>\n    B. F. a relatat c&#259; a scris &#351;i a semnat declara&#355;ia \u00een forma solicitat&#259; de<br \/>\n    poli&#355;i&#351;ti deoarece era epuizat \u00een urma b&#259;t&#259;ii primite &#351;i c&#259; niciun avocat nu a<br \/>\n    fost prezent c\u00e2nd a scris declara&#355;ia de&#351;i a cerut s&#259; i se asigure unul\u00a0 din<br \/>\n    oficiu. A mai povestit c&#259; &#351;i-a retras pl\u00e2ngerea depus&#259; \u00eempotriva agen&#355;ilor care<br \/>\n    l-au agresat deoarece procurorul de caz l-a convins c&#259; nu are nicio &#351;ans&#259; s&#259;<br \/>\n  c\u00e2&#351;tige.<\/p>\n<p align=\"justify\" style='text-align:justify'><b><i>Concluzii &#351;i recomand&#259;ri:<\/i><\/b><\/p>\n<p align=\"justify\" style='text-align:justify;'>\u00b7&nbsp;&nbsp;&nbsp;&nbsp;&nbsp;&nbsp;&nbsp; APADOR-CH solicit&#259; conducerii<br \/>\n  poli&#355;iei s&#259; ia m&#259;suri pentru <b><i>eliminarea supraaglomer&#259;rii <\/i><\/b>;<\/p>\n<p align=\"justify\" style='text-align:justify;'>\u00b7&nbsp;&nbsp;&nbsp;&nbsp;&nbsp;&nbsp;&nbsp; Asocia&#355;ia <b><i>cere eliminarea aparaturii de<br \/>\n    supraveghere video din camerele de de&#355;inere.<\/i><\/b> Prezen&#355;a lor \u00eenseamn&#259; o \u00eenc&#259;lcare v&#259;dit&#259;<br \/>\n    a dreptului la via&#355;&#259; intim&#259;, drept ce trebuie respectat chiar &#351;i \u00een cazul<br \/>\n  priv&#259;rii de libertate;<\/p>\n<p align=\"justify\" style='text-align:justify;'>\u00b7&nbsp;&nbsp;&nbsp;&nbsp;&nbsp;&nbsp;&nbsp; <b>APADOR-CH <\/b>consider&#259; c&#259; afirma&#355;iile<br \/>\n    persoanelor private de libertate\u00a0 \u00een arestul IPJ Br&#259;ila referitoare la violen&#355;a<br \/>\n    poli&#355;i&#351;tilor (violen&#355;&#259; care se manifest&#259; prin <b><i>b&#259;t&#259;i aplicate persoanelor anchetate mai ales \u00een<br \/>\n    perioada \u201econducerii\u201d la sediul poli&#355;iei dar &#351;i dup&#259; arestare<\/i><\/b>)<br \/>\n    se refer&#259; la fapte foarte grave &#351;i solicit&#259; IGPR s&#259; investigheze veridicitatea<br \/>\n  acestora &#351;i s&#259; dispun&#259; m&#259;suri \u00een consecin&#355;&#259;. <\/p>\n<p align=\"justify\" style='text-align:justify;'>\u00b7&nbsp;&nbsp;&nbsp;&nbsp;&nbsp;&nbsp;&nbsp; APADOR-CH cere respectarea \u00eentocmai a<br \/>\n    legii cu privire la dreptul la ap&#259;rare al persoanei private de libertate ceea<br \/>\n    ce \u00eenseamn&#259; <i>prezen&#355;a obligatorie a unui<br \/>\n    ap&#259;r&#259;tor \u00een momentul redact&#259;rii primei declara&#355;ii. Totodat&#259;, asocia&#355;ia insist&#259;<br \/>\n    asupra <b>obliga&#355;iei poli&#355;i&#351;tilor de a informa<br \/>\n  persoana suspect&#259; c&#259; are dreptul de a t&#259;cea p\u00e2n&#259; la sosirea avocatului;<\/b><\/i><\/p>\n<p align=\"justify\" style='text-align:justify'>Alte concluzii &#351;i<br \/>\n  recomand&#259;ri sunt incluse \u00een raport.<\/p>\n<p align=\"justify\" style='text-align:justify'>Manuela<br \/>\n    Stef&#259;nescu\u00a0\u00a0\u00a0\u00a0\u00a0\u00a0\u00a0\u00a0\u00a0\u00a0\u00a0\u00a0\u00a0\u00a0\u00a0\u00a0\u00a0\u00a0\u00a0\u00a0\u00a0\u00a0\u00a0\u00a0\u00a0\u00a0\u00a0\u00a0\u00a0\u00a0\u00a0\u00a0\u00a0\u00a0\u00a0\u00a0\u00a0\u00a0\u00a0\u00a0\u00a0\u00a0\u00a0\u00a0\u00a0\u00a0\u00a0\u00a0\u00a0\u00a0\u00a0\u00a0\u00a0\u00a0\u00a0\u00a0\u00a0\u00a0\u00a0\u00a0\u00a0\u00a0\u00a0<br \/>\n  Maria-Nicoleta Andreescu<\/p>\n<p>  Raspunsul IGPR in acest caz <\/p>\n<p align=\"justify\">\n<p> <\/p>","protected":false},"excerpt":{"rendered":"<p>APADOR-CH atrage din nou aten&#355;ia asupra faptului c&#259; Ministerul Internelor &#351;i Reformei Administrative &#351;i Ministerul Justi&#355;iei nu au elaborat \u00eenc&#259; regulamentul de aplicare \u00een aresturile poli&#355;iei a Legii nr. 275\/2006 privind executarea pedepselor &#351;i a m&#259;surilor dispuse de organele judiciare \u00een cursul procesului penal.<\/p>\n","protected":false},"author":2,"featured_media":0,"comment_status":"closed","ping_status":"open","sticky":false,"template":"","format":"standard","meta":{"footnotes":""},"categories":[28],"tags":[],"class_list":["post-1967","post","type-post","status-publish","format-standard","hentry","category-monitorizarea-conditiilor-de-detentie-aresturi"],"_links":{"self":[{"href":"https:\/\/apador.org\/en\/wp-json\/wp\/v2\/posts\/1967","targetHints":{"allow":["GET"]}}],"collection":[{"href":"https:\/\/apador.org\/en\/wp-json\/wp\/v2\/posts"}],"about":[{"href":"https:\/\/apador.org\/en\/wp-json\/wp\/v2\/types\/post"}],"author":[{"embeddable":true,"href":"https:\/\/apador.org\/en\/wp-json\/wp\/v2\/users\/2"}],"replies":[{"embeddable":true,"href":"https:\/\/apador.org\/en\/wp-json\/wp\/v2\/comments?post=1967"}],"version-history":[{"count":0,"href":"https:\/\/apador.org\/en\/wp-json\/wp\/v2\/posts\/1967\/revisions"}],"wp:attachment":[{"href":"https:\/\/apador.org\/en\/wp-json\/wp\/v2\/media?parent=1967"}],"wp:term":[{"taxonomy":"category","embeddable":true,"href":"https:\/\/apador.org\/en\/wp-json\/wp\/v2\/categories?post=1967"},{"taxonomy":"post_tag","embeddable":true,"href":"https:\/\/apador.org\/en\/wp-json\/wp\/v2\/tags?post=1967"}],"curies":[{"name":"wp","href":"https:\/\/api.w.org\/{rel}","templated":true}]}}