{"id":3043,"date":"2015-04-21T12:43:31","date_gmt":"2015-04-21T10:43:31","guid":{"rendered":"http:\/\/www.apador.org\/blog\/?p=3043"},"modified":"2015-04-21T12:43:31","modified_gmt":"2015-04-21T10:43:31","slug":"avocatul-poporului-recomanda-inchiderea-sediului-vechi-al-sectiei-10-politie-unde-au-fost-batuti-mai-multi-cetateni","status":"publish","type":"post","link":"https:\/\/apador.org\/en\/avocatul-poporului-recomanda-inchiderea-sediului-vechi-al-sectiei-10-politie-unde-au-fost-batuti-mai-multi-cetateni\/","title":{"rendered":"Avocatul Poporului recomand\u0103 \u00eenchiderea sediului vechi al Sec\u021biei 10 Poli\u021bie, unde au fost b\u0103tu\u021bi mai mul\u021bi cet\u0103\u021beni"},"content":{"rendered":"<p>La cererea APADOR-CH,\u00a0Avocatul Poporului a emis recomandarea 3\/2015 prin care \u00eei solicit\u0103 chestorului general Petre Tob\u0103, \u0219eful Poli\u021biei Rom\u00e2ne, s\u0103 \u00eenchid\u0103 sediul vechi al Sec\u021biei 10 Poli\u021bie, unde numai \u00een ultimii ani s-au petrecut mai multe abuzuri la adresa cet\u0103\u021benilor, unele soldate \u0219i cu <a href=\"http:\/\/www.apador.org\/raport-asupra-cazului-gabriel-daniel-dumitrache-decedat-in-incinta-garajelor-sectiei-10-politie\/\" target=\"_blank\" rel=\"noopener noreferrer\">un deces<\/a>. Recomandarea vine ca urmare a <a href=\"http:\/\/www.apador.org\/patru-cetateni-batuti-de-politie-in-ultimele-doua-luni-in-bucuresti\/\" target=\"_blank\" rel=\"noopener noreferrer\">sesiz\u0103rilor repetate f\u0103cute de APADOR-CH<\/a>, at\u00e2t la conducerea Poli\u021biei, c\u00e2t \u0219i la Avocatul Poporului, dup\u0103 ce organiza\u021bia primise mai multe pl\u00e2ngeri de la cet\u0103\u021beni agresa\u021bi de poli\u021bi\u0219ti, \u00een Centrul istoric sau chiar \u00een sediul poli\u021biei.<\/p>\n<p style=\"text-align: center;\"><a href=\"http:\/\/www.apador.org\/blog\/wp-content\/uploads\/2015\/04\/sectia10.jpg\"><img loading=\"lazy\" decoding=\"async\" class=\"aligncenter  wp-image-3045\" alt=\"sectia10\" src=\"http:\/\/www.apador.org\/blog\/wp-content\/uploads\/2015\/04\/sectia10.jpg\" width=\"640\" height=\"391\" \/><\/a><\/p>\n<p>Conform r\u0103spunsului semnat de Victor Ciorbea, Avocatul Poporului a constatat, dup\u0103 verific\u0103rile proprii derulate la Sec\u021bia 10, c\u0103 aspectele semnalate de APADOR-CH se confirm\u0103 \u0219i c\u0103 se impune ca vechiul sediu al sec\u021biei, din strada Stelea Sp\u0103taru \u2013 unde se petrec cele mai multe abuzuri \u2013 s\u0103 fie \u00eenchis, iar activitatea poli\u021bi\u0219tilor de la ordine public\u0103 s\u0103 fie mutat\u0103 \u00een sediul administrativ al sec\u021biei, din Bulevardul Unirii. Aici agen\u021bii mai \u201enervo\u0219i\u201d pot fi supraveghea\u021bi de \u0219efii direc\u021bi, \u00een felul acesta fiind prevenite eventualele abuzuri asupra persoanelor conduse la sec\u021bie sau re\u021binute.<\/p>\n<p>Din r\u0103spunsul Avocatului Poporului re\u021binem \u0219i c\u0103 <b>\u00een cursul anului 2014 au fost deschise 28 de dosare penale la Biroul Control Intern al Poli\u021biei sector 3, dosare ce privesc fapte de natur\u0103 penal\u0103 comise de poli\u021bi\u0219ti ai Sec\u021biei 10<\/b>. Aceste fapte vizeaz\u0103 \u201epurtare abuziv\u0103\u201d \u0219i \u201eabuz \u00een serviciu\u201d, p\u00e2n\u0103 \u00een prezent numai 12 dintre aceste dosare fiind cercetate (\u0219i clasate), \u00een curs sunt restul de 16.<\/p>\n<p>De asemenea, la Parchetul de pe l\u00e2ng\u0103 Tribunalul Bucure\u0219ti exist\u0103 \u0219i dosarul penal care-l prive\u0219te pe poli\u021bistul acuzat c\u0103 l-ar fi lovit pe cet\u0103\u021beanul Daniel Dumitrache, mort \u00een luna martie 2014 \u00een sediul Sec\u021biei 10 de poli\u021bie. <b>Poli\u021bistul respectiv este trimis \u00een judecat\u0103 sub acuza\u021bia de omor<\/b>. \u00cen aceea\u0219i perioad\u0103, Serviciul Control Intern din Direc\u021bia General\u0103 a Poli\u021biei a anchetat alte dou\u0103 dosare ale unor poli\u021bi\u0219ti de la Sec\u021bia 10, privind purtare abuziv\u0103, dar \u0219i aceste dosare au fost clasate. Tot purtarea abuziv\u0103 constituie \u0219i motivul cercet\u0103rii unui alt poli\u021bist de la Sec\u021bia 10, \u00eentr-un dosar instrumentat de Parchetul de pe l\u00e2ng\u0103 Judec\u0103toria sectorului 3.<\/p>\n<p>Practic, Avocatul Poporului a fost informat de Sec\u021bia 10 Poli\u021bie c\u0103 mai mul\u021bi angaja\u021bi ai sec\u021biei au f\u0103cut sau fac obiectul cercet\u0103rilor penale pentru purtare abuziv\u0103, \u00eens\u0103 deocamdat\u0103 numai cel acuzat de omor se afl\u0103 \u00een pericol s\u0103-\u0219i piard\u0103 locul de munc\u0103.<\/p>\n<p>De remarcat \u0219i c\u0103 \u00een cursul cercet\u0103rilor f\u0103cute de AVP la Sec\u021bia 10, atitudinea poli\u021bi\u0219tilor fa\u021b\u0103 de reprezentan\u021bii Avocatului Poporului pare s\u0103 nu fi fost tocmai cea mai potrivit\u0103: <b>\u201e\u00een ceea ce prive\u0219te colaborarea institu\u021bional\u0103 dintre unitatea de poli\u021bie mai sus men\u021bionat\u0103 \u0219i institu\u021bia Avocatului Poporului, consider\u0103m c\u0103, de\u0219i <i>\u00een general<\/i> aceasta s-a desf\u0103\u0219urat \u00een condi\u021bii corespunz\u0103toare, se impun anumite \u00eembun\u0103t\u0103\u021biri&#8230;\u201d \u2013 <\/b>se precizeaz\u0103<b> <\/b>\u00een recomandarea AVP c\u0103tre chestorul Petre Tob\u0103.<\/p>\n<h3>Citi\u021bi <a href=\"http:\/\/www.apador.org\/blog\/wp-content\/uploads\/2015\/04\/raspuns-avp-sectia10.pdf\">r\u0103spunsul AVP c\u0103tre APADOR-CH \u0219i recomandarea AVP c\u0103tre \u0219eful poli\u021biei<\/a>, privind \u00eenchiderea Sec\u021biei 10.<\/h3>\n<p>APADOR-CH salut\u0103 implicarea Avocatului Poporului \u00een acest caz \u0219i continu\u0103 eforturile pentru ca \u0219i Sec\u021bia 10 poli\u021bie s\u0103 respecte standardele de conduit\u0103 impuse de o societate democratic\u0103.<\/p>\n<p>***<\/p>\n<p><a href=\"http:\/\/www.apador.org\/blog\/wp-content\/uploads\/2015\/05\/sigle.jpg\" rel=\"lightbox[3087]\"><img loading=\"lazy\" decoding=\"async\" alt=\"sigle\" src=\"http:\/\/www.apador.org\/blog\/wp-content\/uploads\/2015\/05\/sigle-800x161.jpg\" width=\"640\" height=\"129\" \/><\/a><\/p>\n<p><i><strong>Acest text face parte din proiectul \u201e<a href=\"http:\/\/www.apador.org\/blog\/campanii\/cu-ochii-pe-abuzurile-politiei\/\" target=\"_blank\" rel=\"noopener noreferrer\">Cu ochii pe abuzurile poli\u021biei<\/a>\u201d, derulat de APADOR-CH cu Casa Jurnalistului,<\/strong>\u00a0<em><strong>cu sprijinul financiar al Fondului pentru Inovare Civic\u0103, program finan\u0163at de Trust for Civil Society in Central and Eastern Europe, administrat de Funda\u021bia pentru Dezvoltarea Societ\u0103\u021bii Civile<\/strong><\/em><\/i><\/p>\n<p>&nbsp;<\/p>\n","protected":false},"excerpt":{"rendered":"<p>\u00cen 2014 au fost deschise 28 de dosare ce privesc fapte de natur\u0103 penal\u0103 comise de poli\u021bi\u0219ti ai Sec\u021biei 10. Aceste fapte vizeaz\u0103 \u201epurtare abuziv\u0103\u201d \u0219i \u201eabuz \u00een serviciu\u201d.<\/p>\n","protected":false},"author":5,"featured_media":8225,"comment_status":"open","ping_status":"open","sticky":false,"template":"","format":"standard","meta":{"footnotes":""},"categories":[1030],"tags":[1034,42,77,1205,1290],"class_list":["post-3043","post","type-post","status-publish","format-standard","has-post-thumbnail","hentry","category-scoateti-legea-duba","tag-abuzuri-ale-politiei","tag-avocatul-poporului","tag-batut-de-politie","tag-mort-in-sectia-10-politie","tag-sectia-10-politie"],"_links":{"self":[{"href":"https:\/\/apador.org\/en\/wp-json\/wp\/v2\/posts\/3043","targetHints":{"allow":["GET"]}}],"collection":[{"href":"https:\/\/apador.org\/en\/wp-json\/wp\/v2\/posts"}],"about":[{"href":"https:\/\/apador.org\/en\/wp-json\/wp\/v2\/types\/post"}],"author":[{"embeddable":true,"href":"https:\/\/apador.org\/en\/wp-json\/wp\/v2\/users\/5"}],"replies":[{"embeddable":true,"href":"https:\/\/apador.org\/en\/wp-json\/wp\/v2\/comments?post=3043"}],"version-history":[{"count":0,"href":"https:\/\/apador.org\/en\/wp-json\/wp\/v2\/posts\/3043\/revisions"}],"wp:featuredmedia":[{"embeddable":true,"href":"https:\/\/apador.org\/en\/wp-json\/wp\/v2\/media\/8225"}],"wp:attachment":[{"href":"https:\/\/apador.org\/en\/wp-json\/wp\/v2\/media?parent=3043"}],"wp:term":[{"taxonomy":"category","embeddable":true,"href":"https:\/\/apador.org\/en\/wp-json\/wp\/v2\/categories?post=3043"},{"taxonomy":"post_tag","embeddable":true,"href":"https:\/\/apador.org\/en\/wp-json\/wp\/v2\/tags?post=3043"}],"curies":[{"name":"wp","href":"https:\/\/api.w.org\/{rel}","templated":true}]}}