{"id":4369,"date":"2015-07-14T12:10:20","date_gmt":"2015-07-14T12:10:20","guid":{"rendered":"http:\/\/www.apador.org\/?p=4369"},"modified":"2015-07-14T12:10:20","modified_gmt":"2015-07-14T12:10:20","slug":"oprescu-chemat-in-judecata-pentru-ca-interzice-protestele-in-bucuresti","status":"publish","type":"post","link":"https:\/\/apador.org\/en\/oprescu-chemat-in-judecata-pentru-ca-interzice-protestele-in-bucuresti\/","title":{"rendered":"Oprescu, chemat \u00een judecat\u0103 pentru c\u0103 interzice protestele \u00een Bucure\u0219ti"},"content":{"rendered":"<p class=\"qtranxs-available-languages-message qtranxs-available-languages-message-en\">Sorry, this entry is only available in <a href=\"https:\/\/apador.org\/ro\/wp-json\/wp\/v2\/posts\/4369\" class=\"qtranxs-available-language-link qtranxs-available-language-link-ro\" title=\"Rom\u00e2n\u0103\">Rom\u00e2n\u0103<\/a>. For the sake of viewer convenience, the content is shown below in the alternative language. You may click the link to switch the active language.<\/p><p><span style=\"line-height: 1.714285714; font-size: 1rem;\">S\u00e2mb\u0103t\u0103, \u00a019 septembrie 2015, de la ora 14.30, \u00een Bucure\u0219ti se va desf\u0103\u0219ura al \u0219aptelea mar\u0219 al bicicli\u0219tilor, sub numele \u201dOra\u0219 pentru oameni\u201d. Ca \u0219i la protestele anterioare, administra\u021bia local\u0103 ignor\u0103 \u0219i de data asta problemele cet\u0103\u021benilor, dar depune eforturi pentru a-i determina pe organizatori s\u0103 renun\u021be s\u0103 ias\u0103 \u00een strad\u0103 ca s\u0103-\u0219i fac\u0103 cunoscute problemele.<\/span><\/p>\n<p>Mai exact, de\u0219i a fost notificat\u0103 din timp (\u00eenc\u0103 din iulie 2013) privind mar\u0219urile bicicli\u0219tilor \u00een urm\u0103torii ani, <strong>Prim\u0103ria Capitalei a \u00eenc\u0103lcat legea \u00eencheind protocoale cu al\u021bi organizatori de adun\u0103ri publice, pentru acelea\u0219i date \u0219i pe acelela\u0219i traseu precizat \u00een declara\u021bia prealabil\u0103.<\/strong><\/p>\n<p><strong>Din acest motiv , Organiza\u021bia pentru Promovarea Transportului Alternativ \u00een Rom\u00e2nia (OPTAR), asistat\u0103 de Asocia\u021bia Pentru Ap\u0103rarea Drepturilor Omului \u00een Rom\u00e2nia \u2013 Comitetul Helsinki (APADOR-CH), a chemat \u00een judecat\u0103 Prim\u0103ria Municipiului Bucure\u0219ti, prin Primarul General, pentru a solu\u021biona notificarea protestului din 19 septembrie 2015, depus\u0103 la prim\u0103rie \u00eenc\u0103 din 08.07.2013.<\/strong><\/p>\n<p>OPTAR a respectat toate obliga\u021biile legale privind declararea prealabil\u0103 a adun\u0103rii publice, \u00een termenele prev\u0103zute de lege, \u00een schimb municipalitatea nu \u0219i-a respectat \u00eendatoririle.<\/p>\n<p>Conform legii, este interzis\u0103 desf\u0103\u0219urarea simultan\u0103 a dou\u0103 sau mai multe adun\u0103ri publice distincte, \u00een acela\u0219i loc sau pe acelea\u0219i trasee, indiferent de caracterul acestora.<\/p>\n<p>De aceea consider\u0103m c\u0103, inten\u021bionat sau nu, \u00a0Comisia pentru adun\u0103ri publice a \u00eenc\u0103lcat legea atunci c\u00e2nd a semnat protocoale pentru noi manifest\u0103ri, pe un traseu declarat \u00een prealabil de al\u021bi organizatori. Reprezentan\u021bii OPTAR au aflat despre aceste protocoale de la membrii comisiei pentru adun\u0103ri publice, cu care s-au \u00eent\u00e2lnit la 20 \u0219i 21 aprilie 2015.<\/p>\n<p>De\u0219i at\u00e2t membrii comisiei, c\u00e2t \u0219i reprezentantul Primarului General, consilierul personal Solomon Wigler, au promis &#8211; la 21 aprilie 2015 &#8211; c\u0103 vor remedia gre\u0219eala, acest lucru nu s-a \u00eent\u00e2mplat \u00eenc\u0103. OPTAR a primit \u00een schimb un document din partea Prim\u0103riei, \u00een care se invoc\u0103 o rezolu\u021bie a Primarului Sorin Oprescu, prin care se dore\u0219te interzicerea protestului.<\/p>\n<p>Deoarece aceast\u0103 rezolu\u021bie nu ne-a fost comunicat\u0103, iar OPTAR, organizatorul protestului din data 19 septembrie 2015, a respectat toate procedurile \u0219i termenele prev\u0103zute de lege, pe 30 iunie 2015 a fost depus\u0103 la tribunal o cerere de chemare \u00een judecat\u0103 pe numele Prim\u0103riei Municipiului Bucure\u0219ti, prin Primarul General.<\/p>\n<p>Mai multe despre conflictul dintre Prim\u0103rie \u0219i OPTAR pute\u021bi citi \u0219i <a href=\"http:\/\/www.apador.org\/blog\/ce-zice-cedo-cand-primaria-si-politia-nu-te-lasa-sa-protestezi\/\" target=\"_blank\">aici<\/a>.<\/p>\n<p>***<\/p>\n<p>Date din notificarea depus\u0103 de OPTAR la Prim\u0103ria Municipiului Bucure\u0219ti, la data 08.07.2013:<\/p>\n<p>&nbsp;<\/p>\n<p><i>La adunare vor participa circa 40 000 de persoane. <\/i><\/p>\n<p><i>Traseele de acces spre locul adun\u0103rii, precum \u0219i cele de dispersare vor fi: <\/i><\/p>\n<p>&#8211;\u00a0\u00a0\u00a0\u00a0\u00a0\u00a0\u00a0 <i>Adunarea participan\u021bilor va fi la ora 14:30 \u00een parcul Her\u0103str\u0103u, intrarea Charles de Gaulle. Plecarea \u00een mar\u0219 va fi la ora 15:30 pe traseul Bdul Mare\u0219al Constantin Prezan &#8211; Arcul de Triumf &#8211; \u0218os Pavel Dimitrievici Kiseleff &#8211; P\u021ba Victoriei &#8211; \u0218os Nicolae Titulescu &#8211; Pasajul Basarab &#8211; \u0218os Groz\u0103ve\u0219ti &#8211; \u00centoarcere la Intrarea Groz\u0103ve\u0219ti &#8211; \u0218os Groz\u0103ve\u0219ti &#8211; Pasajul Basarab &#8211; \u0218os Nicolae Titulescu &#8211; P\u021ba Victoriei &#8211; Calea Victoriei &#8211; Bdul Regina Elisabeta &#8211; Bdul Schitu M\u0103gureanu &#8211; Pod Izvor &#8211; Splaiul Independen\u021bei &#8211; Bdul Libert\u0103\u021bii &#8211; Bdul Na\u021biunile Unite &#8211; Strada Izvor &#8211; Calea 13 Sepembrie &#8211; Bdul Libert\u0103\u021bii &#8211; Bdul Unirii &#8211; Bdul Dimitrie Cantemir &#8211; Parcul Tineretului<\/i><\/p>\n<p><i>Scopul adun\u0103rii publice \u00eel constituie manifestarea protestului \u00een leg\u0103tur\u0103 cu:<\/i><\/p>\n<p><i>Neaplicarea m\u0103surilor de siguran\u021b\u0103 rutier\u0103, \u00eencurajarea transportului motorizat \u00een timp ce ora\u0219ul este cea mai poluat\u0103 capital\u0103 european\u0103, lipsa unei viziuni a administra\u021biei ora\u0219ului pentru cre\u0219terea calit\u0103\u021bii vie\u021bii, men\u021binerea \u00een func\u021bii a persoanelor vinovate de pagubele de milioane de euro provocate de recep\u021bia ilegal\u0103 a pistelor pentru biciclete, neaplicarea m\u0103surilor de eficientizare a transportului public prin asigurarea de benzi dedicate.<\/i><\/p>\n<p><i>_____<\/i><\/p>\n<p><b>OPTAR (Organiza\u0163ia pentru Promovarea Transportului Alternativ \u00een Rom\u00e2nia) este o asocia\u0163ie care sus\u0163ine dezvoltarea mobilit\u0103\u0163ii urbane prin oferirea de alternative viabile de deplasare pentru cet\u0103\u0163eni, indiferent cum aleg s\u0103 se deplaseze: pe jos, cu bicicleta, cu transportul public sau cu autoturismul.<\/b><\/p>","protected":false},"excerpt":{"rendered":"<p class=\"qtranxs-available-languages-message qtranxs-available-languages-message-en\">Sorry, this entry is only available in <a href=\"https:\/\/apador.org\/ro\/wp-json\/wp\/v2\/posts\/4369\" class=\"qtranxs-available-language-link qtranxs-available-language-link-ro\" title=\"Rom\u00e2n\u0103\">Rom\u00e2n\u0103<\/a>. For the sake of viewer convenience, the content is shown below in the alternative language. You may click the link to switch the active language.<\/p>\n<p>Organiza\u021bia pentru Promovarea Transportului Alternativ \u00een Rom\u00e2nia (OPTAR), asistat\u0103 de APADOR-CH, a chemat \u00een judecat\u0103 Prim\u0103ria Municipiului Bucure\u0219ti, pentru c\u0103 pune piedici birocratice \u0219i ilegale adun\u0103rilor publice.<\/p>\n","protected":false},"author":2,"featured_media":4370,"comment_status":"closed","ping_status":"open","sticky":false,"template":"","format":"standard","meta":{"footnotes":""},"categories":[29],"tags":[385,41,43,377,384,195,386,89,387],"class_list":["post-4369","post","type-post","status-publish","format-standard","has-post-thumbnail","hentry","category-comunicate","tag-adunari-publice","tag-apador-ch","tag-bucuresti","tag-legea-adunarilor-publice","tag-optar","tag-primar","tag-primaria-capitalei","tag-protest","tag-sorin-oprescu"],"_links":{"self":[{"href":"https:\/\/apador.org\/en\/wp-json\/wp\/v2\/posts\/4369","targetHints":{"allow":["GET"]}}],"collection":[{"href":"https:\/\/apador.org\/en\/wp-json\/wp\/v2\/posts"}],"about":[{"href":"https:\/\/apador.org\/en\/wp-json\/wp\/v2\/types\/post"}],"author":[{"embeddable":true,"href":"https:\/\/apador.org\/en\/wp-json\/wp\/v2\/users\/2"}],"replies":[{"embeddable":true,"href":"https:\/\/apador.org\/en\/wp-json\/wp\/v2\/comments?post=4369"}],"version-history":[{"count":0,"href":"https:\/\/apador.org\/en\/wp-json\/wp\/v2\/posts\/4369\/revisions"}],"wp:featuredmedia":[{"embeddable":true,"href":"https:\/\/apador.org\/en\/wp-json\/wp\/v2\/media\/4370"}],"wp:attachment":[{"href":"https:\/\/apador.org\/en\/wp-json\/wp\/v2\/media?parent=4369"}],"wp:term":[{"taxonomy":"category","embeddable":true,"href":"https:\/\/apador.org\/en\/wp-json\/wp\/v2\/categories?post=4369"},{"taxonomy":"post_tag","embeddable":true,"href":"https:\/\/apador.org\/en\/wp-json\/wp\/v2\/tags?post=4369"}],"curies":[{"name":"wp","href":"https:\/\/api.w.org\/{rel}","templated":true}]}}