{"id":4601,"date":"2015-10-28T06:15:50","date_gmt":"2015-10-28T06:15:50","guid":{"rendered":"http:\/\/www.apador.org\/?p=4601"},"modified":"2015-10-28T10:56:09","modified_gmt":"2015-10-28T10:56:09","slug":"avp-sesizat-sa-atace-ordonanta-prin-care-guvernul-ponta-ofera-serviciile-spp-gratis","status":"publish","type":"post","link":"https:\/\/apador.org\/en\/avp-sesizat-sa-atace-ordonanta-prin-care-guvernul-ponta-ofera-serviciile-spp-gratis\/","title":{"rendered":"AVP, sesizat s\u0103 atace ordonan\u021ba prin care Guvernul Ponta ofer\u0103 serviciile SPP gratis"},"content":{"rendered":"<p class=\"qtranxs-available-languages-message qtranxs-available-languages-message-en\">Sorry, this entry is only available in <a href=\"https:\/\/apador.org\/ro\/wp-json\/wp\/v2\/posts\/4601\" class=\"qtranxs-available-language-link qtranxs-available-language-link-ro\" title=\"Rom\u00e2n\u0103\">Rom\u00e2n\u0103<\/a>. For the sake of viewer convenience, the content is shown below in the alternative language. You may click the link to switch the active language.<\/p><p><\/p>\n<p align=\"center\"><b>Societatea civil\u0103 \u00eei cere Avocatului Poporului s\u0103 atace la Curtea Constitu\u021bional\u0103 Ordonan\u021ba 43\/2015 prin care Guvernul Ponta ofer\u0103 serviciile SPP gratis pentru oricine le solicit\u0103<\/b><\/p>\n<p><span style=\"line-height: 1.71429; font-size: 1rem;\">\u00a0<\/span><\/p>\n<p>APADOR-CH \u00eempreun\u0103 cu alte 21 de organiza\u021bii neguvernamentale\u00a0i-au\u00a0cerut azi Avocatului Poporului s\u0103 atace la Curtea Constitu\u021bional\u0103 Ordonan\u021ba 43\/2015 prin care Guvernului Ponta modific\u0103, printre altele, modul \u00een care SPP va asigura coloane oficiale pentru diver\u0219i demnitari. Motivul este acela c\u0103 ordonan\u021ba \u00eencalc\u0103 articolul 115 din Constitu\u0163ie, adic\u0103 nu este motivat\u0103 de vreo situa\u021bie extraordinar\u0103 care s\u0103 justifice \u00eenlocuirea Parlamentului, ca putere legiuitoare.<\/p>\n<p>Ordonan\u021ba 43\/2015 modific\u0103 Legea 191\/1998 privind organizarea \u0219i func\u021bionarea SPP, \u0219i a fost adoptat\u0103 de guvern imediat dup\u0103 accidentul \u00een care un poli\u021bist a murit \u00eenso\u021bind coloana oficial\u0103 a ministrului de interne Gabriel Oprea. Acest accident a pus \u00een discu\u0163ie modul \u00een care fusese constituit\u0103 respectiva coloan\u0103 oficial\u0103 \u015fi dac\u0103 ministrul Oprea avea sau nu dreptul legal la ea. <b>Ordonan\u0163a 43 include \u015fefii de partid \u00een sfera persoanelor care pot beneficia de o coloan\u0103 oficial\u0103 \u015fi instituie regula gratuit\u0103\u0163ii protec\u0163iei SPP pentru orice beneficiar. P\u00e2n\u0103 acum, protec\u0163ia SPP pentru cei care nu erau demnitari \u00een func\u021bie putea fi acordat\u0103 doar contra cost, nu gratis<\/b>.<\/p>\n<p>Guvernul nu a justificat sub nicio form\u0103 urgen\u0163a modific\u0103rii Legii nr. 191\/1998. De altfel ea a fost strecurat\u0103 printre alte modific\u0103ri \u0219i figureaz\u0103 \u00een finalul ordonan\u0163ei. \u00cen nota de fundamentare a OUG 43, <b>Guvernul invoc\u0103 necesitarea respect\u0103rii unor norme \u015fi proceduri NATO<\/b>, precum \u0219i \u201e<i>necesitatea asigur\u0103rii protec\u0163iei speciale a unor persoane care nu au func\u0163ii de demnitate public\u0103, dar care particip\u0103 la luarea unor decizii de importan\u0163\u0103 deosebit\u0103 pentru activitatea statului, stabilesc realizarea unor strategii, direc\u0163ii de ac\u0163iune, influen\u0163eaz\u0103 adoptarea unor decizii \u015fi se deplaseaz\u0103 \u00een locuri \u015fi medii cu un anumit grad de risc<\/i>\u201d, dar acestea<b> <\/b>nu justific\u0103 urgen\u0163a unei interven\u0163ii legislative.<\/p>\n<p>Nu este singurul caz \u00een care se amestec\u0103 \u00een aceea\u0219i OUG modific\u0103ri ale mai multor legi, multe f\u0103r\u0103 leg\u0103tur\u0103 \u00eentre ele \u0219i nici prima dat\u0103 c\u00e2nd Guvernul se substituie Parlamentului \u00een actul legifer\u0103rii, abuz\u00e2nd de ordonan\u021bele de urgen\u021b\u0103. Numai \u00een acest an au fost OUG nr. 2\/2015 \u0219i nr. 41\/2015 (<a href=\"http:\/\/www.apador.org\/in-ultimii-zece-ani-romania-a-fost-guvernata-cu-cate-o-ordonanta-la-60-de-ore\/\" target=\"_blank\">Avocatului Poporului i-au fost adresate cereri pentru sesizarea CCR \u0219i \u00een cazul acestor ordonan\u021be<\/a>), dar practica este veche de cel pu\u021bin un deceniu. P\u00e2n\u0103 acum Avocatul Poporului <a href=\"http:\/\/www.apador.org\/nu-mai-vrem-ordonante-de-urgenta-fara-urgenta\/\" target=\"_blank\">a atacat o singur\u0103 dat\u0103 la CCR o ordonan\u021b\u0103 de urgen\u021b\u0103 pe motiv c\u0103 nu era urgent\u0103<\/a> \u2013 respectiv OUG 7\/2015.<\/p>\n<p><strong><a href=\"http:\/\/www.apador.org\/wp-content\/uploads\/2015\/10\/Sesizare-AVP-priv-OUG-43_2015-SPP-Coloana-oficiala.pdf\"><span class=\"su-frame su-frame-align-left su-frame-style-default\"><span class=\"su-frame-inner\">\u00a0Citi\u021bi solicitarea c\u0103tre AVP, integral<\/a>.<\/span><\/span><\/strong><\/p>\n<p><b>Semnatari<\/b>: organiza\u021bii membre ale <a href=\"http:\/\/www.apador.org\/blog\/campanii\/avocatului-poporului-i-se-pregateste-ceva-poporul-il-vrea-inapoi\/reteaua-de-aparare-a-drepturilor-cetatenesti\/\" target=\"_blank\">\u00a0Re\u021belei pentru Ap\u0103rarea Drepturilor Cet\u0103\u021bene\u0219ti<\/a>\u00a0:<\/p>\n<ul>\n<li>Asocia\u021bia pentru Ap\u0103rarea Drepturilor Omului \u00een Rom\u00e2nia \u2013 Comitetul Helsinki \u2013 APADOR-CH<\/li>\n<li>Asocia\u021bia Na\u021bional\u0103 a Birourilor de Consilere pentru Cet\u0103\u021beni<\/li>\n<li>Grupul pentru Democra\u021bie Participativ\u0103 Plenum<\/li>\n<li>Asocia\u021bia Mili\u021bia Spiritual\u0103<\/li>\n<li>Expert Forum<\/li>\n<li>Centrul de Resurse pentru Participare Public\u0103<\/li>\n<li>Centrul de Asisten\u021b\u0103 pentru Organiza\u021bii Neguvernamentale<\/li>\n<li>Centrul pentru Jurnalism Independent<\/li>\n<li>Funky Citizens<\/li>\n<li>Centrul Rom\u00e2n pentru Politici Europene<\/li>\n<li>ActiveWatch<\/li>\n<\/ul>\n<p><b>Alte organiza\u021bii semnatare:<\/b><\/p>\n<ul>\n<li>Societatea Academic\u0103 din Rom\u00e2nia<\/li>\n<li>Funda\u021bia pentru Dezvoltarea Societ\u0103\u021bii Civile<\/li>\n<li>Asocia\u021bia Romanian Youth Movement for Democracy<\/li>\n<li>Institutul pentru Politici Publice<\/li>\n<li>Academia de Advocacy<\/li>\n<li>Alian\u021ba Na\u021bional\u0103 a Organiza\u021biilor Studen\u021be\u0219ti din Rom\u00e2nia<\/li>\n<li>Asocia\u0163ia DEMNITATE pentru COMUNITATE<\/li>\n<li>Asociatia Pro.Do.Mo<\/li>\n<li>Centrul Ra\u021biu pentru Democra\u021bie \u0219i Centrul pentru Resurse Civice<\/li>\n<li>Liga Studen\u021bilor Rom\u00e2ni din Str\u0103in\u0103tate<\/li>\n<li>Funda\u021bia CAESAR<\/li>\n<\/ul>\n<p><a href=\"http:\/\/www.apador.org\/wp-content\/uploads\/2015\/03\/sigle-parteneri.jpg\"><img loading=\"lazy\" decoding=\"async\" class=\"aligncenter size-large wp-image-4093\" alt=\"sigle-parteneri\" src=\"http:\/\/www.apador.org\/wp-content\/uploads\/2015\/03\/sigle-parteneri-637x165.jpg\" width=\"625\" height=\"161\" \/><\/a><\/p>\n<p>***<\/p>\n<p>Proiectul \u201c<a href=\"http:\/\/www.apador.org\/avocatului-poporului-i-se-pregateste-ceva-poporul-il-vrea-inapoi\/\" target=\"_blank\"><b><i>Re\u021beaua pentru Ap\u0103rarea Drepturilor Cet\u0103\u021bene\u0219ti &#8211; Ne trebuie un Avocat al Poporului eficient!<\/i><\/b><\/a>\u201d este derulat de APADOR-CH, ActiveWatch \u0219i Asocia\u021bia Na\u021bional\u0103 a Birourilor\u00a0 de Consiliere pentru Cet\u0103\u021beni (ANBCC) \u0219i finan\u0163at prin granturile SEE 2009 \u2013 2014, \u00een cadrul Fondului ONG \u00een Rom\u00e2nia. Pentru informa\u0163ii oficiale despre granturile SEE \u015fi norvegiene accesa\u0163i www.eeagrants.org.<\/p>","protected":false},"excerpt":{"rendered":"<p class=\"qtranxs-available-languages-message qtranxs-available-languages-message-en\">Sorry, this entry is only available in <a href=\"https:\/\/apador.org\/ro\/wp-json\/wp\/v2\/posts\/4601\" class=\"qtranxs-available-language-link qtranxs-available-language-link-ro\" title=\"Rom\u00e2n\u0103\">Rom\u00e2n\u0103<\/a>. For the sake of viewer convenience, the content is shown below in the alternative language. You may click the link to switch the active language.<\/p>\n<p>Societatea civil\u0103 \u00eei cere Avocatului Poporului s\u0103 atace la Curtea Constitu\u021bional\u0103 Ordonan\u021ba 43\/2015, prin care Guvernul Ponta ofer\u0103 serviciile SPP gratis pentru oricine le solicit\u0103<\/p>\n","protected":false},"author":2,"featured_media":4605,"comment_status":"closed","ping_status":"open","sticky":false,"template":"","format":"standard","meta":{"footnotes":""},"categories":[29,81],"tags":[41,42,90,126,250,424],"class_list":["post-4601","post","type-post","status-publish","format-standard","has-post-thumbnail","hentry","category-comunicate","category-slider","tag-apador-ch","tag-avocatul-poporului","tag-curtea-constitutionala","tag-neconstitutional","tag-ordonanta-de-urgenta","tag-spp"],"_links":{"self":[{"href":"https:\/\/apador.org\/en\/wp-json\/wp\/v2\/posts\/4601","targetHints":{"allow":["GET"]}}],"collection":[{"href":"https:\/\/apador.org\/en\/wp-json\/wp\/v2\/posts"}],"about":[{"href":"https:\/\/apador.org\/en\/wp-json\/wp\/v2\/types\/post"}],"author":[{"embeddable":true,"href":"https:\/\/apador.org\/en\/wp-json\/wp\/v2\/users\/2"}],"replies":[{"embeddable":true,"href":"https:\/\/apador.org\/en\/wp-json\/wp\/v2\/comments?post=4601"}],"version-history":[{"count":0,"href":"https:\/\/apador.org\/en\/wp-json\/wp\/v2\/posts\/4601\/revisions"}],"wp:featuredmedia":[{"embeddable":true,"href":"https:\/\/apador.org\/en\/wp-json\/wp\/v2\/media\/4605"}],"wp:attachment":[{"href":"https:\/\/apador.org\/en\/wp-json\/wp\/v2\/media?parent=4601"}],"wp:term":[{"taxonomy":"category","embeddable":true,"href":"https:\/\/apador.org\/en\/wp-json\/wp\/v2\/categories?post=4601"},{"taxonomy":"post_tag","embeddable":true,"href":"https:\/\/apador.org\/en\/wp-json\/wp\/v2\/tags?post=4601"}],"curies":[{"name":"wp","href":"https:\/\/api.w.org\/{rel}","templated":true}]}}