{"id":4642,"date":"2015-11-05T12:55:18","date_gmt":"2015-11-05T12:55:18","guid":{"rendered":"http:\/\/www.apador.org\/?p=4642"},"modified":"2015-11-05T12:55:18","modified_gmt":"2015-11-05T12:55:18","slug":"apel-catre-comisarului-corina-cretu-sa-se-implice-pentru-ingrijirea-ranitilor-din-clubul-colectiv","status":"publish","type":"post","link":"https:\/\/apador.org\/en\/apel-catre-comisarului-corina-cretu-sa-se-implice-pentru-ingrijirea-ranitilor-din-clubul-colectiv\/","title":{"rendered":"Apel c\u0103tre comisarului Corina Cre\u021bu s\u0103 se implice pentru \u00eengrijirea r\u0103ni\u021bilor din Clubul Colectiv"},"content":{"rendered":"<p class=\"qtranxs-available-languages-message qtranxs-available-languages-message-en\">Sorry, this entry is only available in <a href=\"https:\/\/apador.org\/ro\/wp-json\/wp\/v2\/posts\/4642\" class=\"qtranxs-available-language-link qtranxs-available-language-link-ro\" title=\"Rom\u00e2n\u0103\">Rom\u00e2n\u0103<\/a>. For the sake of viewer convenience, the content is shown below in the alternative language. You may click the link to switch the active language.<\/p><p><b>APADOR-CH a semnat apelul f\u0103cut de membri ai comunit\u0103\u021bilor rom\u00e2ne\u0219ti din mai multe state europene, \u00eempreun\u0103 cu alte \u0219apte ONG-uri din \u021bar\u0103, prin care i se cere comisarului european Corina Cre\u021bu s\u0103 se implice \u00een eforturile de salvare a vie\u021bilor pacien\u021bilor r\u0103ni\u021bi grav \u00een incendiul de la Clubul Colectiv. Semnatarii apelului \u00eei cer Corinei Cre\u021bu s\u0103 faciliteze transferul r\u0103ni\u021bilor la spitale din str\u0103in\u0103tate, prin intermediul formularului european E 112 sau prin parteneriate cu spitale europene.<\/b><\/p>\n<p>Zeci de r\u0103ni\u021bi, \u00een stare grav\u0103, critic\u0103 sau ameliorat\u0103 se afl\u0103 \u00een aceste momente \u00een spitalele bucure\u0219tene. Unii dintre ei au plecat \u00een spitale din str\u0103in\u0103tate, dar pe cheltuiala proprie, dup\u0103 cum au declarat managerii unor spitale.<\/p>\n<div class=\"su-box su-box-style-soft\" id=\"\" style=\"border-color:#00215d;border-radius:3px;max-width:none\"><div class=\"su-box-title\" style=\"background-color:#115490;color:#FFFFFF;border-top-left-radius:1px;border-top-right-radius:1px\">Scrisoare deschis\u0103 adresat\u0103 comisarului european pentru Politici Regionale, Corina Cre\u021bu:<\/div><div class=\"su-box-content su-u-clearfix su-u-trim\" style=\"border-bottom-left-radius:1px;border-bottom-right-radius:1px\">\n<p>Stimat\u0103 doamn\u0103 comisar,<\/p>\n<p>V\u0103 scriem pentru a v\u0103 solicita, \u00een mod direct, implicarea \u0219i sprijinul pentru victimele care au supravie\u021buit tragediei de la Colectiv. Drama celor care \u0219i-au pierdut via\u021ba \u0219i a celor care \u00eenc\u0103 lupt\u0103 pentru ea a zguduit\u00a0 Europa.<\/p>\n<p>Sunt peste o sut\u0103 de oameni spitaliza\u021bi la Bucure\u0219ti, \u00een condi\u021biile \u00een care \u00eengrijirea unui singur pacient necesit\u0103 resurse umane \u0219i financiare foarte mari. Sunt 34 de tineri interna\u021bi \u00een stare critic\u0103 \u0219i grav\u0103, la Spitalul Universitar, Spitalul de Chirurgie Plastic\u0103 Reparatorie \u0219i Arsuri, Spitalul Militar \u0219i Spitalul Agrippa Ionescu. Al\u021bi 30 sunt intuba\u021bi la Spitalul Bagdasar, Spitalul Grigore Alexandrescu, Spitalul Sf. Ioan, Spitalul Elias, Spitalul Sf. Pantelimon \u0219i Spitalul Floreasca, iar 70 se afl\u0103 \u00een stare stabil\u0103 la clinicile Bagdasar, Sf. Ioan, Elias, Spitalul Militar, Spitalul Sf. Pantelimon, Spitalul Floreasca, Spitalul Universitar, Spitalul Gerota, Spitalul Agrippa Ionescu \u0219i Spitalul de Chirurgie Plastic\u0103 Reparatorie \u0219i Arsuri.<\/p>\n<p>Cazurile medicale cu arsuri pe o suprafa\u021b\u0103 mare a corpului sunt printre cele mai complexe. Speciali\u0219ti \u00een acest domeniu, foarte pu\u021bini. Este clar, \u00een acest moment, c\u0103 medicii rom\u00e2ni au nevoie de ajutor \u0219i c\u0103 trebuie intervenit urgent pentru a salva vie\u021bile acestor oameni. Rom\u00e2nia este stat-membru al Uniunii Europene. V\u0103 rug\u0103m s\u0103 purta\u021bi mesajul nostru mai departe \u0219i s\u0103 face\u021bi un apel c\u0103tre statele-membre, pentru ca, pe baza formularului european E 112 sau prin cel mai rapid sistem cu putin\u021b\u0103, o parte dintre ace\u0219ti pacien\u021bi s\u0103 fie transfera\u021bi pentru \u00eengrijii medicale \u00een str\u0103inatate. Se pot stabili parteneriate directe \u00eentre spitale, suntem cet\u0103\u021beni europeni.<\/p>\n<p>Suntem convin\u0219i c\u0103 \u00een momente precum acesta, solidaritatea celorlalte state din Uniunea European\u0103 nu va ezita s\u0103 se manifeste, dac\u0103 mesajul nostru \u0219i al dumneavoastr\u0103 va ajunge la ele. Nu avem timp de pierdut, via\u021ba este o prioritate absolut\u0103 \u0219i trebuie ac\u021bionat f\u0103r\u0103 \u00eent\u00e2rziere.<\/p>\n<p>V\u0103 mul\u021bumim\u00a0!<\/p>\n<p><strong>Semneaz\u0103\u00a0: <\/strong><\/p>\n<p>Rom\u00e2ni din institu\u021biile europene,\u00a0Membri ai comunit\u0103\u021bii rom\u00e2ne\u0219ti din Belgia, Fran\u021ba, Spania, Italia, Germania, Irlanda, Marea Britanie, Olanda<\/p>\n<p>Organiza\u021bii non-guvernamentale din Rom\u00e2nia\u00a0:<\/p>\n<p>Expert Forum<\/p>\n<p>Centrul Rom\u00e2n de Politici Europene<\/p>\n<p>Freedom House<\/p>\n<p>Asociatia Rom\u00e2n\u0103 pentru Cultur\u0103, Educa\u0163ie si Normalitate (ARCEN)<\/p>\n<p>Centrul pentru Jurnalism Independent (CJI)<\/p>\n<p>Centrul pentru Resurse Civice (CRC)<\/p>\n<p>Centrul de Resurse pentru Participare Public\u0103 (CERE)<\/p>\n<p>Asocia\u021bia pentru Ap\u0103rarea Drepturilor Omului \u00een Rom\u00e2nia \u2013 Comitetul Helsinki (APADOR CH)<\/div><\/div><\/p>","protected":false},"excerpt":{"rendered":"<p class=\"qtranxs-available-languages-message qtranxs-available-languages-message-en\">Sorry, this entry is only available in <a href=\"https:\/\/apador.org\/ro\/wp-json\/wp\/v2\/posts\/4642\" class=\"qtranxs-available-language-link qtranxs-available-language-link-ro\" title=\"Rom\u00e2n\u0103\">Rom\u00e2n\u0103<\/a>. For the sake of viewer convenience, the content is shown below in the alternative language. You may click the link to switch the active language.<\/p>\n<p>Semnatarii apelului \u00eei cer Corinei Cre\u021bu s\u0103 faciliteze transferul r\u0103ni\u021bilor la spitale din str\u0103in\u0103tate, prin intermediul formularului european E 112 sau prin parteneriate cu spitale europene.<\/p>\n","protected":false},"author":2,"featured_media":4645,"comment_status":"closed","ping_status":"open","sticky":false,"template":"","format":"standard","meta":{"footnotes":""},"categories":[29],"tags":[41,433,431,430,432,434,178],"class_list":["post-4642","post","type-post","status-publish","format-standard","has-post-thumbnail","hentry","category-comunicate","tag-apador-ch","tag-colectiv","tag-comisar-european","tag-corina-cretu","tag-raniti","tag-spitale-europene","tag-ue"],"_links":{"self":[{"href":"https:\/\/apador.org\/en\/wp-json\/wp\/v2\/posts\/4642","targetHints":{"allow":["GET"]}}],"collection":[{"href":"https:\/\/apador.org\/en\/wp-json\/wp\/v2\/posts"}],"about":[{"href":"https:\/\/apador.org\/en\/wp-json\/wp\/v2\/types\/post"}],"author":[{"embeddable":true,"href":"https:\/\/apador.org\/en\/wp-json\/wp\/v2\/users\/2"}],"replies":[{"embeddable":true,"href":"https:\/\/apador.org\/en\/wp-json\/wp\/v2\/comments?post=4642"}],"version-history":[{"count":0,"href":"https:\/\/apador.org\/en\/wp-json\/wp\/v2\/posts\/4642\/revisions"}],"wp:featuredmedia":[{"embeddable":true,"href":"https:\/\/apador.org\/en\/wp-json\/wp\/v2\/media\/4645"}],"wp:attachment":[{"href":"https:\/\/apador.org\/en\/wp-json\/wp\/v2\/media?parent=4642"}],"wp:term":[{"taxonomy":"category","embeddable":true,"href":"https:\/\/apador.org\/en\/wp-json\/wp\/v2\/categories?post=4642"},{"taxonomy":"post_tag","embeddable":true,"href":"https:\/\/apador.org\/en\/wp-json\/wp\/v2\/tags?post=4642"}],"curies":[{"name":"wp","href":"https:\/\/api.w.org\/{rel}","templated":true}]}}