{"id":4896,"date":"2016-02-10T15:40:28","date_gmt":"2016-02-10T15:40:28","guid":{"rendered":"http:\/\/www.apador.org\/?p=4896"},"modified":"2016-02-10T16:04:12","modified_gmt":"2016-02-10T16:04:12","slug":"fiti-toleranti-nu-votati-legea-defaimarii","status":"publish","type":"post","link":"https:\/\/apador.org\/en\/fiti-toleranti-nu-votati-legea-defaimarii\/","title":{"rendered":"Fi\u021bi toleran\u021bi, NU vota\u021bi legea def\u0103im\u0103rii!"},"content":{"rendered":"<p class=\"qtranxs-available-languages-message qtranxs-available-languages-message-en\">Sorry, this entry is only available in <a href=\"https:\/\/apador.org\/ro\/wp-json\/wp\/v2\/posts\/4896\" class=\"qtranxs-available-language-link qtranxs-available-language-link-ro\" title=\"Rom\u00e2n\u0103\">Rom\u00e2n\u0103<\/a>. For the sake of viewer convenience, the content is shown below in the alternative language. You may click the link to switch the active language.<\/p><p>&nbsp;<\/p>\n<p style=\"text-align: center;\" align=\"center\"><em><span style=\"line-height: 1.71429; font-size: 1rem;\">Apel c\u0103tre deputa\u021bi: \u00a0<\/span><\/em><\/p>\n<p style=\"text-align: center;\"><strong>Stimate doamne deputate, stima\u021bi domni deputa\u021bi,<\/strong><\/p>\n<h1 style=\"text-align: center;\">\u00a0Fi\u021bi toleran\u021bi, NU vota\u021bi legea def\u0103im\u0103rii!<\/h1>\n<p>V\u0103 solicit\u0103m s\u0103 vota\u021bi \u00eempotriva proiectului de lege privind def\u0103imarea social\u0103 (PL-x 649.2015) deoarece con\u021bine defini\u021bii vagi care pot da na\u0219tere unor abuzuri \u0219i pot conduce la restr\u00e2ngerea unor drepturi fundamentale.<\/p>\n<p>Spre exemplu, conform proiectului, def\u0103imarea social\u0103 este fapta sau <b>afirma\u021bia<\/b> prin care o persoan\u0103 este <b>pus\u0103 \u00een situa\u0163ie de inferioritate <\/b>pe temeiul apartenen\u0163ei sale la un anumit grup social.<br \/>\nIncluderea \u201eafirma\u021biilor\u201d \u00een aceast\u0103 defini\u021bie va avea ca efect inhibarea unor discu\u021bii libere pe teme de interes general, aduc\u00e2ndu-se astfel atingere libert\u0103\u021bii de exprimare. O alt\u0103 problem\u0103 este legat\u0103 de lipsa de previzibilitate a sintagmei \u201epus\u0103 \u00een situa\u0163ie de inferioritate&#8221;, care este mult prea ambigu\u0103 astfel c\u0103 las\u0103 loc la abuzuri, deoarece destinatarii legii nu pot cunoa\u0219te limitele precise ce trebuie respectate pentru a nu \u00eenc\u0103lca legea.<\/p>\n<p>Acestea sunt doar dou\u0103 exemple. Mai multe pute\u021bi g\u0103si \u00een <strong><a href=\"http:\/\/www.apador.org\/proiectul-legii-dragnea-o-lipsa-cronica-de-intelegere-a-fenomenului-discriminarii\/\" target=\"_blank\">pozi\u021bia public\u0103 asumat\u0103 de opt organiza\u021bii neguvernamentale <\/a><\/strong>\u00een urma adopt\u0103rii proiectului de lege \u00een Senat, anul trecut. Fa\u021b\u0103 de varianta adoptat\u0103 de Senat proiectul propus acum \u00een Camera Deputa\u021bilor a suferit mici modific\u0103ri, dar care nu rezolv\u0103 problemele grave ale legii.<\/p>\n<p>Trebuie precizat c\u0103 proiectul, odat\u0103 devenit lege, nu va contribui la prevenirea \u0219i combaterea discrimin\u0103rii, ci mai degrab\u0103 va duce \u00een derizoriu conceptul de nediscriminare, deoarece dubleaz\u0103 unele prevederi deja existente \u00een legisla\u021bia ce guverneaz\u0103 domeniul \u0219i instituie un nou organism cu atribu\u021bii antidiscriminare \u00een interiorul (dar oarecum nesupus autorit\u0103\u021bii) celui deja existent \u2013 Consiliul Na\u021bional pentru Combaterea Discrimin\u0103rii.<\/p>\n<p>Mai mult dec\u00e2t at\u00e2t, \u00een prim\u0103 instan\u021b\u0103 spectrul acestei legi va inhiba discursul \u0219i discu\u021biile publice din mediul online. Pe termen mediu \u0219i lung, aceast\u0103 lege va deschide u\u0219a pentru introducerea unor ini\u021biative legislative sau chiar m\u0103suri administrative care s\u0103 contribuie la cenzura Internetului sub pretextul aplic\u0103rii legisla\u021biei anti-discriminare.<\/p>\n<p>Sper\u0103m, stimate doamne \u0219i stima\u021bi domni, c\u0103 ve\u021bi citi cu aten\u021bie proiectul de lege care este deja \u00eenscris pe ordinea de zi a Camerei Deputa\u021bilor \u0219i ve\u021bi alege s\u0103 vota\u021bi NU!<\/p>\n<p><b>Semnatarii acestui apel: <\/b><\/p>\n<ul>\n<li>APADOR-CH<\/li>\n<li>ActiveWatch<\/li>\n<li>Centru pentru Jurnalism Independent &#8211; CJI<\/li>\n<li>Centrul Rom\u00e2n pentru Jurnalism de Investiga\u021bie &#8211; CRJI<\/li>\n<li>Asocia\u021bia pentru Tehnologie \u0219i Internet &#8211; ApTI<\/li>\n<li>Societatea Academic\u0103 Rom\u00e2n\u0103 &#8211; SAR<\/li>\n<\/ul>\n<p><b>\u00a0<\/b><\/p>","protected":false},"excerpt":{"rendered":"<p class=\"qtranxs-available-languages-message qtranxs-available-languages-message-en\">Sorry, this entry is only available in <a href=\"https:\/\/apador.org\/ro\/wp-json\/wp\/v2\/posts\/4896\" class=\"qtranxs-available-language-link qtranxs-available-language-link-ro\" title=\"Rom\u00e2n\u0103\">Rom\u00e2n\u0103<\/a>. For the sake of viewer convenience, the content is shown below in the alternative language. You may click the link to switch the active language.<\/p>\n<p>APADOR-CH \u00eempreun\u0103 cu mai multe organiza\u021bii neguvernamentale lanseaz\u0103 un apel c\u0103tre deputa\u021bi, s\u0103 nu voteze Legea def\u0103im\u0103rii, ini\u021biat\u0103 de Liviu Dragnea:<\/p>\n","protected":false},"author":2,"featured_media":4897,"comment_status":"closed","ping_status":"open","sticky":false,"template":"","format":"standard","meta":{"footnotes":""},"categories":[29,81],"tags":[41,463,461,198,246,130,462],"class_list":["post-4896","post","type-post","status-publish","format-standard","has-post-thumbnail","hentry","category-comunicate","category-slider","tag-apador-ch","tag-deputati","tag-legea-defaimarii","tag-libertate-de-exprimare","tag-liviu-dragnea","tag-parlament","tag-toleranta"],"_links":{"self":[{"href":"https:\/\/apador.org\/en\/wp-json\/wp\/v2\/posts\/4896","targetHints":{"allow":["GET"]}}],"collection":[{"href":"https:\/\/apador.org\/en\/wp-json\/wp\/v2\/posts"}],"about":[{"href":"https:\/\/apador.org\/en\/wp-json\/wp\/v2\/types\/post"}],"author":[{"embeddable":true,"href":"https:\/\/apador.org\/en\/wp-json\/wp\/v2\/users\/2"}],"replies":[{"embeddable":true,"href":"https:\/\/apador.org\/en\/wp-json\/wp\/v2\/comments?post=4896"}],"version-history":[{"count":0,"href":"https:\/\/apador.org\/en\/wp-json\/wp\/v2\/posts\/4896\/revisions"}],"wp:featuredmedia":[{"embeddable":true,"href":"https:\/\/apador.org\/en\/wp-json\/wp\/v2\/media\/4897"}],"wp:attachment":[{"href":"https:\/\/apador.org\/en\/wp-json\/wp\/v2\/media?parent=4896"}],"wp:term":[{"taxonomy":"category","embeddable":true,"href":"https:\/\/apador.org\/en\/wp-json\/wp\/v2\/categories?post=4896"},{"taxonomy":"post_tag","embeddable":true,"href":"https:\/\/apador.org\/en\/wp-json\/wp\/v2\/tags?post=4896"}],"curies":[{"name":"wp","href":"https:\/\/api.w.org\/{rel}","templated":true}]}}