{"id":5164,"date":"2016-05-27T08:33:17","date_gmt":"2016-05-27T08:33:17","guid":{"rendered":"http:\/\/www.apador.org\/?p=5164"},"modified":"2016-05-27T08:33:59","modified_gmt":"2016-05-27T08:33:59","slug":"avocatului-poporului-chemat-sa-ne-apere-drepturile-de-atacul-guvernului","status":"publish","type":"post","link":"https:\/\/apador.org\/en\/avocatului-poporului-chemat-sa-ne-apere-drepturile-de-atacul-guvernului\/","title":{"rendered":"Avocatului poporului, chemat s\u0103 ne apere drepturile de atacul guvernului"},"content":{"rendered":"<p class=\"qtranxs-available-languages-message qtranxs-available-languages-message-en\">Sorry, this entry is only available in <a href=\"https:\/\/apador.org\/ro\/wp-json\/wp\/v2\/posts\/5164\" class=\"qtranxs-available-language-link qtranxs-available-language-link-ro\" title=\"Rom\u00e2n\u0103\">Rom\u00e2n\u0103<\/a>. For the sake of viewer convenience, the content is shown below in the alternative language. You may click the link to switch the active language.<\/p><p><\/p>\n<p style=\"text-align: justify;\">APADOR-CH i-a trimis ieri Avocatului poporului o solicitare de a sesiza Curtea Constitu\u021bional\u0103 privind neconstitu\u021bionalitatea unor prevederi din Ordonan\u021ba 18\/2016, prin care guvernul a modificat Codul penal \u0219i Codul de procedur\u0103 penal\u0103.<\/p>\n<p style=\"text-align: justify;\"><b>\u00cen textul ordonan\u021bei, punctele 31 \u0219i 49 din articolul II modific\u0103 articolele 153 alineatul 1 \u0219i 223 alineatul 2 din Codul de procedur\u0103 penal\u0103, iar prin aceste modific\u0103ri afecteaz\u0103 grav drepturi fundamentale ale omului, cum ar fi dreptul la via\u0163\u0103 privat\u0103 \u0219i libertatea individual\u0103, drepturi garantate de Constitu\u0163ie \u015fi de Conven\u0163ia European\u0103 a Drepturilor Omului. Acest lucru este neconstitu\u021bional, \u00eentruc\u00e2t articolul 115 alineatul 6 din Constitu\u0163ie interzice adoptarea de ordonan\u0163e de urgen\u0163\u0103 prin care sunt afectate drepturile \u015fi libert\u0103\u0163ile prev\u0103zute de Constitu\u0163ie.<\/b><\/p>\n<p style=\"text-align: justify;\">Concret, prim modificarea articolului 153 din Codul de procedur\u0103 penal\u0103, guvernul a eliminat filtrul judec\u0103torului din situa\u021bia \u00een care un procuror cere unei b\u0103nci date despre conturile unei persoane, elimin\u00e2nd astfel o garan\u021bie a respect\u0103rii dreptului la via\u021b\u0103 privat\u0103.<\/p>\n<p style=\"text-align: justify;\">Prin modificarea articolului 223, guvernul a ad\u0103ugat noi infrac\u021biuni pentru care se poate dispune arestarea preventiv\u0103, modificare ce nu se poate face, constitu\u021bional, dec\u00e2t printr-o lege adoptat\u0103 de parlament.<\/p>\n<p style=\"text-align: justify;\">APADOR-CH <a href=\"http:\/\/www.apador.org\/guvernul-mai-taie-in-secret-din-dreptul-la-viata-privata-si-la-informare-modificand-codul-penal-si-codul-de-procedura-penala\/\" target=\"_blank\">a atras aten\u021bia guvernului<\/a> privind modul netransparent \u0219i lipsit de loialitate \u00een care a fost adoptat\u0103 Ordonan\u021ba 18\/2016, dar f\u0103r\u0103 succes. Sesizarea AVP este singura cale pe care societatea civil\u0103 o are la dispozi\u021bie pentru a atrage aten\u021bia asupra neconstitu\u021bionalit\u0103\u021bii unui act legislativ. Aceasta nu este prima sesizare de acest fel f\u0103cut\u0103 de APADOR-CH c\u0103tre AVP, g\u0103si\u021bi <a href=\"http:\/\/www.apador.org\/blog\/campanii\/avocatului-poporului-i-se-pregateste-ceva-poporul-il-vrea-inapoi\/avp-si-ordonantele-de-urgenta-cereri-obisnuite-raspunsuri-inedite\/\" target=\"_blank\">aici o cronologie<\/a> din ultimii ani.<\/p>\n<p style=\"text-align: justify;\">Citi\u021bi sesizarea c\u0103tre Avocatului poporului:<\/p>\n<p style=\"text-align: justify;\"><div class=\"su-document su-u-responsive-media-yes\"><iframe loading=\"lazy\" src=\"\/\/docs.google.com\/viewer?embedded=true&url=http:\/\/www.apador.org\/wp-content\/uploads\/2016\/05\/Adresa-AVP-oug-cpp-rectificata.pdf\" width=\"600\" height=\"400\" class=\"su-document\" title=\"\"><\/iframe><\/div>\n<p><\/p>","protected":false},"excerpt":{"rendered":"<p class=\"qtranxs-available-languages-message qtranxs-available-languages-message-en\">Sorry, this entry is only available in <a href=\"https:\/\/apador.org\/ro\/wp-json\/wp\/v2\/posts\/5164\" class=\"qtranxs-available-language-link qtranxs-available-language-link-ro\" title=\"Rom\u00e2n\u0103\">Rom\u00e2n\u0103<\/a>. For the sake of viewer convenience, the content is shown below in the alternative language. You may click the link to switch the active language.<\/p>\n<p>APADOR-CH i-a trimis ieri Avocatului poporului o solicitare de a sesiza Curtea Constitu\u021bional\u0103 privind neconstitu\u021bionalitatea unor prevederi din Ordonan\u021ba 18\/2016, prin care guvernul a modificat Codul penal \u0219i Codul de procedur\u0103 penal\u0103.<\/p>\n","protected":false},"author":2,"featured_media":5167,"comment_status":"closed","ping_status":"open","sticky":false,"template":"","format":"standard","meta":{"footnotes":""},"categories":[5,29],"tags":[42,90,481,487,126,250],"class_list":["post-5164","post","type-post","status-publish","format-standard","has-post-thumbnail","hentry","category-buna-guvernare","category-comunicate","tag-avocatul-poporului","tag-curtea-constitutionala","tag-dreptul-la-viata-privata","tag-modificarea-codului-penal","tag-neconstitutional","tag-ordonanta-de-urgenta"],"_links":{"self":[{"href":"https:\/\/apador.org\/en\/wp-json\/wp\/v2\/posts\/5164","targetHints":{"allow":["GET"]}}],"collection":[{"href":"https:\/\/apador.org\/en\/wp-json\/wp\/v2\/posts"}],"about":[{"href":"https:\/\/apador.org\/en\/wp-json\/wp\/v2\/types\/post"}],"author":[{"embeddable":true,"href":"https:\/\/apador.org\/en\/wp-json\/wp\/v2\/users\/2"}],"replies":[{"embeddable":true,"href":"https:\/\/apador.org\/en\/wp-json\/wp\/v2\/comments?post=5164"}],"version-history":[{"count":0,"href":"https:\/\/apador.org\/en\/wp-json\/wp\/v2\/posts\/5164\/revisions"}],"wp:featuredmedia":[{"embeddable":true,"href":"https:\/\/apador.org\/en\/wp-json\/wp\/v2\/media\/5167"}],"wp:attachment":[{"href":"https:\/\/apador.org\/en\/wp-json\/wp\/v2\/media?parent=5164"}],"wp:term":[{"taxonomy":"category","embeddable":true,"href":"https:\/\/apador.org\/en\/wp-json\/wp\/v2\/categories?post=5164"},{"taxonomy":"post_tag","embeddable":true,"href":"https:\/\/apador.org\/en\/wp-json\/wp\/v2\/tags?post=5164"}],"curies":[{"name":"wp","href":"https:\/\/api.w.org\/{rel}","templated":true}]}}