{"id":5265,"date":"2016-07-15T07:32:58","date_gmt":"2016-07-15T07:32:58","guid":{"rendered":"http:\/\/www.apador.org\/?p=5265"},"modified":"2016-07-15T07:32:58","modified_gmt":"2016-07-15T07:32:58","slug":"raport-asupra-vizitei-la-centrul-de-retinere-si-arestare-preventiva-din-subordinea-inspectoratului-de-politie-al-judetului-cluj","status":"publish","type":"post","link":"https:\/\/apador.org\/en\/raport-asupra-vizitei-la-centrul-de-retinere-si-arestare-preventiva-din-subordinea-inspectoratului-de-politie-al-judetului-cluj\/","title":{"rendered":"Raport asupra vizitei la Centrul de re\u0163inere \u015fi arestare preventiv\u0103 din subordinea Inspectoratului de Poli\u0163ie al Jude\u0163ului Cluj"},"content":{"rendered":"<p class=\"qtranxs-available-languages-message qtranxs-available-languages-message-en\">Sorry, this entry is only available in <a href=\"https:\/\/apador.org\/ro\/wp-json\/wp\/v2\/posts\/5265\" class=\"qtranxs-available-language-link qtranxs-available-language-link-ro\" title=\"Rom\u00e2n\u0103\">Rom\u00e2n\u0103<\/a>. For the sake of viewer convenience, the content is shown below in the alternative language. You may click the link to switch the active language.<\/p><p><\/p>\n<p style=\"text-align: justify;\">\u00a0<span style=\"line-height: 1.71429; font-size: 1rem;\">\u00a0<\/span><\/p>\n<p style=\"text-align: justify;\">La data de 28 iunie 2016 dou\u0103 reprezentante APADOR-CH au vizitat Centrul de re\u021binere \u0219i arestare preventiv\u0103 (CRAP) din subordinea Inspectoratului de Poli\u021bie al Jude\u021bului Cluj (IPJ). <a href=\"http:\/\/www.apador.org\/raport-asupra-vizitei-la-centrul-de-reinere-i-arestare-preventiv-din-subordinea-inspectoratului-de-poliie-al-judeului-cluj\/\" target=\"_blank\">Vizita anterioar\u0103 avusese loc pe 25 septembrie 2013<\/a>. Cu acea ocazie APADOR-CH a recomandat \u00eenchiderea imediat\u0103 a arestului deoarece condi\u021biile de deten\u021bie erau sub orice critic\u0103. Camerele erau foarte mici, nu aveau ferestre, bec sau grup sanitar \u00een interior, podeaua \u0219i pere\u021bii erau tot timpul umede iar aerul mirosea a urin\u0103 \u0219i mucegai.<\/p>\n<p style=\"text-align: justify;\"><b>Evolu\u021bia condi\u021biilor de deten\u021bie de la vizita anterioar\u0103, alte aspecte generale<\/b><\/p>\n<p style=\"text-align: justify;\">CRAP Cluj se afl\u0103 \u00een continuare la demisolul cl\u0103dirii IPJ Cluj, \u00eens\u0103 <b>au fost efectuate lucr\u0103ri consistente de renovare \u0219i \u00eembun\u0103t\u0103\u021bire a condi\u021biilor de deten\u021bie<\/b>. \u0218eful arestului a afirmat c\u0103 au fost utilizate \u00een acest scop fonduri norvegiene, lucr\u0103rile fiind \u00eencepute \u00een noiembrie 2015 \u0219i finalizate \u00een prim\u0103vara acestui an.<\/p>\n<p style=\"text-align: justify;\">\u00a0<div class=\"su-note\"  style=\"border-color:#a7b4d2;border-radius:3px;-moz-border-radius:3px;-webkit-border-radius:3px;\"><div class=\"su-note-inner su-u-clearfix su-u-trim\" style=\"background-color:#c1ceec;border-color:#ffffff;color:#333333;border-radius:3px;-moz-border-radius:3px;-webkit-border-radius:3px;\">\n<p style=\"text-align: justify;\">Concret, lucr\u0103rile au constat \u00een:<\/p>\n<ul>\n<li><span style=\"text-align: justify;\">eliminarea infiltra\u021biilor de ap\u0103 din pere\u021bi \u0219i podele;<\/span><\/li>\n<li><span style=\"text-align: justify;\">m\u0103rirea \u0219i recompartimentarea camerelor de de\u021binere prin diminuarea suprafe\u021bei holurilor;<\/span><\/li>\n<li><span style=\"text-align: justify;\">dotarea tuturor camerelor cu grup sanitar propriu (WC, chiuvet\u0103 \u0219i du\u0219 metalice);<\/span><\/li>\n<li><span style=\"text-align: justify;\">instalarea unor ferestre la camere care dau spre hol, care la r\u00e2ndul lui este mult mai luminos pentru c\u0103 are ferestre mult mai mari;<\/span><\/li>\n<li><span style=\"text-align: justify;\">dotarea camerelor cu aparate de aer condi\u021bionat care compenseaz\u0103 oarecum lipsa total\u0103 a ventila\u021biei naturale;<\/span><\/li>\n<li><span style=\"text-align: justify;\">dotarea camerelor cu televizoare;<\/span><\/li>\n<li><span style=\"text-align: justify;\">schimbarea mobilierului \u0219i a saltelelor;<\/span><\/li>\n<li><span style=\"text-align: justify;\">dotarea arestului cu dou\u0103 ma\u0219ini de sp\u0103lat pentru uzul aresta\u021bilor;<\/span><\/li>\n<li><span style=\"text-align: justify;\">instalarea unor panouri de plexiglas pe acoperi\u0219urile cur\u021bilor de plimbare pentru ca acestea s\u0103 poat\u0103 fi folosite \u0219i pe timp de ploaie.\u00a0<\/span><\/li>\n<\/ul>\n<p style=\"text-align: justify;\">\u00a0<\/div><\/div>\n<p style=\"text-align: justify;\">\u0218eful arestului a mai afirmat c\u0103 \u00een continuare se fac demersuri pentru mutarea arestului, \u00een a\u0219a fel \u00eenc\u00e2t s\u0103 nu mai fie la subsol. \u00cen acest sens exist\u0103 un proiect de preluare a unei cl\u0103diri care apar\u021bine jandarmeriei.<\/p>\n<p style=\"text-align: justify;\">Holurile arestului sunt supravegheate video, iar imaginile sunt stocate 30 de zile. \u00cenc\u0103perile destinate perchezi\u021biei corporale \u0219i vizitelor sunt amenajate corespunz\u0103tor, \u00eens\u0103 nu exist\u0103 \u00eenc\u0103 posibilitatea de a se acorda vizite intime (posibilitatea prev\u0103zut\u0103 de noul regulament de aplicare a Legii nr. 254\/2013) din motive procedurale, \u00een sensul c\u0103 este nevoie de legisla\u021bie ter\u021biar\u0103 (un Ordin al Ministrului de Interne care s\u0103 detalieze modul de acordare a acestor vizite).<\/p>\n<p style=\"text-align: justify;\">\u00cen arestul IPJ Cluj se practic\u0103 \u00een continuare \u00eenc\u0103tu\u0219area automat\u0103 la scoaterea din arest,\u00a0 cu unele mici excep\u021bii, de exemplu \u00een cazul unor femei. Conform \u0219efului arestului, procurorul este anun\u021bat de \u00eendat\u0103 ce un arestat prezint\u0103 urme de violen\u021b\u0103 sau afirm\u0103 c\u0103 a fost b\u0103tut iar pentru cazuri de afec\u021biuni medicale acute \u0219i grave este chemat\u0103 ambulan\u021ba.<\/p>\n<p style=\"text-align: justify;\">Dou\u0103 telefoane \u0219i o cutie po\u0219tal\u0103 sunt amplasate pe holurile arestului. Telefoanele nu sunt protejate de vreun dispozitiv care s\u0103 asigure confiden\u021bialitatea convorbirilor. Conform agen\u021bilor din arest exist\u0103 resurse pentru a asigura h\u00e2rtia, plicurile \u0219i timbrele necesare pentru acei de\u021binu\u021bi care nu dispun de propriile resurse.<\/p>\n<p style=\"text-align: justify;\">Judec\u0103torul de supraveghere este cel de la Penitenciarul Gherla \u0219i se deplaseaz\u0103 \u00een CRAP Cluj la cerere, \u00een general pentru refuz de hran\u0103. Conform reprezentan\u021bilor arestului, dar \u0219i unor de\u021binu\u021bi, to\u021bi cei \u00eencarcera\u021bi sunt informa\u021bi c\u0103 aceast\u0103 institu\u021bie exist\u0103 \u0219i ce atribu\u021bii are.<\/p>\n<p style=\"text-align: justify;\"><b>Efective, spa\u021bii de de\u021binere, personal<\/b><\/p>\n<p style=\"text-align: justify;\">La momentul vizitei erau \u00een centru 19 persoane, to\u021bi b\u0103rba\u021bi, dintre care 16 aresta\u021bi preventiv, 2 re\u021binu\u021bi \u0219i 1 condamnat, aflat \u00een tranzit. Arestul g\u0103zduie\u0219te c\u00e2nd este cazul \u0219i femei \u0219i minori (ace\u0219tia din urm\u0103 pentru perioade foarte scurte, de ordinul zilelor).<\/p>\n<p style=\"text-align: justify;\">CRAP Cluj dispune acum de 8 camere de deten\u021bie, organizate pe dou\u0103 sec\u021bii \u2013 1 cu 8 paturi, 3 cu 6 paturi, 2 cu 4 paturi \u0219i 2 cu dou\u0103 paturi. Suprafa\u021ba care revine unei persoane este acum foarte aproape de standardele minimale interna\u021bionale \u2013 de exemplu, \u00een camera 5A la data vizitei erau 6 paturi pe o suprafa\u021b\u0103 de aproximativ 22 mp (23,85 incluz\u00e2nd baia) ceea ce \u00eenseamn\u0103 aproape 4 mp\/persoan\u0103. Dac\u0103 \u021binem cont \u0219i de faptul c\u0103 doar jum\u0103tate dintre paturi erau ocupate la data vizitei \u0219i de afirma\u021biile agen\u021bilor c\u0103 \u00een ultima perioad\u0103 nu au fost niciodat\u0103 ocupate toate, putem spune c\u0103 arestul nu mai este supraaglomerat. Cl\u0103direa IPJ Cluj are central\u0103 termic\u0103 proprie \u0219i arestul este astfel asigurat cu suficient\u0103 c\u0103ldur\u0103 pe timp de iarn\u0103. Apa cald\u0103 este disponibil\u0103 permanent.<\/p>\n<p style=\"text-align: justify;\">Cele c\u00e2teva cur\u021bi de plimbare, de aproximativ 10 mp fiecare, nu sunt dotate pentru desf\u0103\u0219urarea de activit\u0103\u021bi fizice. Aresta\u021bii sunt sco\u0219i zilnic la aer c\u00e2te o or\u0103. A fost amenajat\u0103 \u00eentr-o fost\u0103 curte de plimbare o sal\u0103 care urmeaz\u0103 a fi dotat\u0103 cu echipament sportiv.\u00a0\u00a0 Pe sec\u021bia 2 au mai fost amenajate o bibliotec\u0103 \u0219i o sal\u0103 de comunic\u0103ri online.<\/p>\n<p style=\"text-align: justify;\">Conducerea arestului a afirmat c\u0103 <b>personalul<\/b> este suficient, inclusiv femei (pentru perchezi\u021bia de\u021binutelor femei), \u00eens\u0103 nu a furnizat date certe privind num\u0103rul exact al angaja\u021bilor din CRAP Cluj.<\/p>\n<p style=\"text-align: justify;\"><b>Cabinetul medical<\/b> existent \u00een arest este o camer\u0103 mic\u0103 \u0219i nu are propriul medic. Asisten\u021ba medical\u0103 este asigurat\u0103 zilnic \u0219i la fiecare \u00eencarcerare de personal angajat al Centrului medical jude\u021bean al poli\u021biei.<\/p>\n<p style=\"text-align: justify;\">Din afirma\u021biile \u0219efului arestului a existat un caz de \u00eemboln\u0103vire grav\u0103 \u00een ultimul timp \u0219i anume o persoan\u0103 consumatoare de droguri (a\u0219a-numitele etnobotanice) care a intrat \u00een sevraj. Nu au existat \u00eens\u0103 cazuri de dependen\u021b\u0103 de droguri care s\u0103 necesite tratament substitutiv deoarece \u00een zon\u0103 nu s-ar consuma heroin\u0103, \u00eens\u0103 nici nu ar exista posibilitatea acord\u0103rii de tratament substitutiv \u00een cazul \u00een care un arestat s-ar declara consumator de droguri. Pentru consumatorii de droguri exist\u0103 doar suport de natur\u0103 psihologic\u0103 pe care \u00eel acorda centrul zonal al Agen\u021biei Na\u021bionale Antidrog.\u00a0 Nu exist\u0103 nici prezervative pentru prevenirea r\u0103sp\u00e2ndirii infec\u021biilor pe cale sexual\u0103, iar reprezentan\u021bii arestului au afirmat c\u0103 rela\u021biile sexuale consim\u021bite sunt \u201co problem\u0103 pe care \u00eencerc\u0103m s\u0103 o evit\u0103m\u201d. <i>APADOR-CH reaminte\u0219te c\u0103 tratamentul substitutiv \u0219i m\u0103surile de prevenire a transmiterii infec\u021biilor pe cale sexual\u0103 sunt nu numai legale ci extrem de necesare pentru s\u0103n\u0103tate public\u0103 \u0219i solicit\u0103 IGPR s\u0103 ia m\u0103suri pentru remedierea acestei \u00eenc\u0103lc\u0103ri a regulamentului de aplicare a Legii nr. 254\/2013 (Art. 241 alin 3 din regulament).<\/i><\/p>\n<p style=\"text-align: justify;\"><b>Hrana aresta\u0163ilor<\/b><\/p>\n<p style=\"text-align: justify;\">Hrana este \u00een continuare furnizat\u0103 de penitenciarul Gherla \u0219i nu este considerat\u0103 bun\u0103 de de\u021binu\u021bi cu excep\u021bia ciorbelor. CRAP Cluj dispune de 2 frigidere unde aresta\u021bii \u00ee\u0219i p\u0103streaz\u0103 hrana primit\u0103 de la apar\u021bin\u0103tori \u0219i pe cea cump\u0103rat\u0103. Cump\u0103r\u0103turile se fac s\u0103pt\u0103m\u00e2nal de c\u0103tre angaja\u021bi ai arestului pe baza listelor \u00eentocmite de de\u021binu\u021bi.<\/p>\n<p style=\"text-align: justify;\"><b>Vizita \u00een camere<\/b><\/p>\n<p style=\"text-align: justify;\">Reprezentantele asocia\u021biei au vizitat 4 camere de de\u021binere \u0219i au discutat cu de\u021binu\u021bii. Camerele erau curate \u0219i dotate corespunz\u0103tor: paturi metalice cu sertare, saltele \u0219i lenjerie curate, grup sanitar propriu \u00een stare bun\u0103, sistem de alarmare, televizor, neon pe timpul zilei \u0219i lumin\u0103 de veghe noaptea, aer condi\u021bionat. Aparatele de aer condi\u021bionat sunt pornite \u0219i oprite de agen\u021bi la cerere (dup\u0103 cum am precizat, camerele au doar geamuri care dau spre hol).<\/p>\n<p style=\"text-align: justify;\">Cu o singur\u0103 excep\u021bie, aresta\u021bii nu au avut nimic de repro\u0219at. Excep\u021bia a fost un arestat care se pl\u00e2ngea c\u0103 i-au fost confisca\u021bi bani, dar \u0219i c\u0103 m\u00e2ncarea e proast\u0103 \u0219i c\u0103 nu este scos la medic c\u00e2nd are nevoie. Din discu\u021bia cu \u0219eful arestului a reie\u0219it c\u0103, de fapt, se instituise sechestru asupra unei sume de bani g\u0103site asupra lui \u00een momentul arest\u0103rii. Totu\u0219i, arestatul respectiv nu p\u0103rea c\u0103 \u00een\u021belege cu adev\u0103rat ce se \u00eent\u00e2mpl\u0103 \u0219i\u00a0 se considera victima unor abuzuri motiv pentru care \u0219i declarase recent refuz de hran\u0103. <i>Asocia\u021bia recomand\u0103 conducerii arestului s\u0103 \u00eei asigure arestatului asisten\u021b\u0103 de natur\u0103 psihologic\u0103. <\/i><\/p>\n<p style=\"text-align: justify;\"><b>\u00a0<div class=\"su-box su-box-style-soft\" id=\"\" style=\"border-color:#86a0ca;border-radius:3px;max-width:none\"><div class=\"su-box-title\" style=\"background-color:#b9d3fd;color:#FFFFFF;border-top-left-radius:1px;border-top-right-radius:1px\">Concluzii \u0219i recomand\u0103ri<\/div><div class=\"su-box-content su-u-clearfix su-u-trim\" style=\"border-bottom-left-radius:1px;border-bottom-right-radius:1px\"><\/b><\/p>\n<p style=\"text-align: justify;\"><b>\u00a0<\/b><\/p>\n<p style=\"text-align: justify;\"><b>\u00a0<\/b><\/p>\n<ul style=\"text-align: justify;\">\n<li>APADOR-CH apreciaz\u0103 eforturile f\u0103cute pentru \u00eembun\u0103t\u0103\u021birea condi\u021biilor din arestul IJP Cluj \u0219i consider\u0103 c\u0103 \u00een actualul amplasament s-a f\u0103cut tot ce era posibil. Cu toate acestea, asocia\u021bia recomand\u0103 continuarea demersurilor pentru amenajare arestului \u00een alt loc, la nivel suprateran, care s\u0103 permit\u0103 iluminatul \u0219i ventila\u021bia naturale a camerelor de de\u021binere.<\/li>\n<li>Asocia\u021bia reaminte\u0219te c\u0103 acordarea de tratament substitutiv pentru consumatorii de droguri \u0219i m\u0103surile de prevenire a r\u0103sp\u00e2ndirii infec\u021biilor (in special HIV \u0219i hepatite) sunt obliga\u021bii legale \u0219i nerespectarea lor afecteaz\u0103 s\u0103n\u0103tatea public\u0103. Ca urmare, APADOR-CH solicit\u0103 m\u0103suri urgente pentru remediere situa\u021biei.<\/li>\n<\/ul>\n<p style=\"text-align: justify;\"><b>\u00a0<\/b><\/p>\n<p style=\"text-align: justify;\"><b><\/div><\/div><\/b><\/p>\n<p style=\"text-align: justify;\">Maria-Nicoleta Andreescu<\/p>\n<p style=\"text-align: justify;\">Dollores Benezic<\/p>\n<p style=\"text-align: justify;\">\n<p style=\"text-align: justify;\">\n<p style=\"text-align: justify;\">\n<p><\/p>","protected":false},"excerpt":{"rendered":"<p class=\"qtranxs-available-languages-message qtranxs-available-languages-message-en\">Sorry, this entry is only available in <a href=\"https:\/\/apador.org\/ro\/wp-json\/wp\/v2\/posts\/5265\" class=\"qtranxs-available-language-link qtranxs-available-language-link-ro\" title=\"Rom\u00e2n\u0103\">Rom\u00e2n\u0103<\/a>. For the sake of viewer convenience, the content is shown below in the alternative language. You may click the link to switch the active language.<\/p>\n<p>Arestul Cluj, cum se poate transforma o hrub\u0103 insalubr\u0103, \u00eentunecat\u0103 \u0219i f\u0103r\u0103 aer, \u00eentr-un arest modern, \u00een numai jum\u0103tate de an \u0219i cu fonduri norvegiene.<\/p>\n","protected":false},"author":2,"featured_media":4735,"comment_status":"closed","ping_status":"open","sticky":false,"template":"","format":"standard","meta":{"footnotes":""},"categories":[28,14],"tags":[41,522,525,523,524],"class_list":["post-5265","post","type-post","status-publish","format-standard","has-post-thumbnail","hentry","category-monitorizarea-conditiilor-de-detentie-aresturi","category-monitorizarea-conditiilor-de-detentie","tag-apador-ch","tag-arest-cluj","tag-centrul-de-retinere-si-arestare-preventiva-din-subordinea-inspectoratului-de-politie-al-judetului-cluj","tag-cladire-arest-cluj","tag-conditii-arest"],"_links":{"self":[{"href":"https:\/\/apador.org\/en\/wp-json\/wp\/v2\/posts\/5265","targetHints":{"allow":["GET"]}}],"collection":[{"href":"https:\/\/apador.org\/en\/wp-json\/wp\/v2\/posts"}],"about":[{"href":"https:\/\/apador.org\/en\/wp-json\/wp\/v2\/types\/post"}],"author":[{"embeddable":true,"href":"https:\/\/apador.org\/en\/wp-json\/wp\/v2\/users\/2"}],"replies":[{"embeddable":true,"href":"https:\/\/apador.org\/en\/wp-json\/wp\/v2\/comments?post=5265"}],"version-history":[{"count":0,"href":"https:\/\/apador.org\/en\/wp-json\/wp\/v2\/posts\/5265\/revisions"}],"wp:featuredmedia":[{"embeddable":true,"href":"https:\/\/apador.org\/en\/wp-json\/wp\/v2\/media\/4735"}],"wp:attachment":[{"href":"https:\/\/apador.org\/en\/wp-json\/wp\/v2\/media?parent=5265"}],"wp:term":[{"taxonomy":"category","embeddable":true,"href":"https:\/\/apador.org\/en\/wp-json\/wp\/v2\/categories?post=5265"},{"taxonomy":"post_tag","embeddable":true,"href":"https:\/\/apador.org\/en\/wp-json\/wp\/v2\/tags?post=5265"}],"curies":[{"name":"wp","href":"https:\/\/api.w.org\/{rel}","templated":true}]}}