{"id":5371,"date":"2016-09-15T10:10:34","date_gmt":"2016-09-15T08:10:34","guid":{"rendered":"http:\/\/www.apador.org\/?p=5371"},"modified":"2020-08-05T15:49:30","modified_gmt":"2020-08-05T13:49:30","slug":"apador-ch-nu-e-implicata-in-proiectul-municipiului-baia-mare","status":"publish","type":"post","link":"https:\/\/apador.org\/en\/apador-ch-nu-e-implicata-in-proiectul-municipiului-baia-mare\/","title":{"rendered":"APADOR-CH nu e implicat\u0103 \u00een proiectul municipiului Baia Mare"},"content":{"rendered":"<p class=\"qtranxs-available-languages-message qtranxs-available-languages-message-en\">Sorry, this entry is only available in <a href=\"https:\/\/apador.org\/ro\/wp-json\/wp\/v2\/posts\/5371\" class=\"qtranxs-available-language-link qtranxs-available-language-link-ro\" title=\"Rom\u00e2n\u0103\">Rom\u00e2n\u0103<\/a>. For the sake of viewer convenience, the content is shown below in the alternative language. You may click the link to switch the active language.<\/p><p><\/p>\n<p style=\"text-align: justify;\">Referitor la men\u0163ionarea denumirii \u201cAPADOR-CH\u201d \u00een cuprinsul <a href=\"http:\/\/www.capitalaculturala2021.ro\/Files\/bidbook\/BaiaMare\/Baia-Mare-2-Bidbook-romana-pagebypage.pdf\" target=\"_blank\" rel=\"noopener noreferrer\">Dosarului de candidatur\u0103 \u00eentocmit de municipiul Baia Mare pentru titlul de \u201cCapital\u0103 European\u0103 a Culturii\u201d din anul 2021<\/a>, asocia\u0163ia face urm\u0103toarele preciz\u0103ri:<\/p>\n<p style=\"text-align: justify;\">La pagina 14 din dosarul de candidatur\u0103 susmen\u0163ionat exist\u0103 urm\u0103toarea fraz\u0103:<\/p>\n<blockquote>\n<p style=\"text-align: justify;\"><i>Ca un efect al temelor aduse \u00een discu\u021bie \u00een agenda politic\u0103 de c\u0103tre candidatura noastr\u0103, administra\u021bia local\u0103, \u00eempreun\u0103 cu societatea civil\u0103 fac \u00een prezent lobby \u0219i au \u00eentreprins pa\u0219i importan\u021bi astfel \u00eenc\u00e2t proiectul pilot a noii Strategii AntiS\u0103r\u0103cie a Guvernului s\u0103 fie implementat \u00een Baia Mare, sub supravegherea organiza\u021biilor recunoscute precum <b>Apador-CH<\/b>.<\/i>\u201d<\/p>\n<\/blockquote>\n<p style=\"text-align: justify;\"><b>APADOR-CH precizeaz\u0103 c\u0103 aceast\u0103 fraz\u0103 a fost introdus\u0103 \u00een textul publicat f\u0103r\u0103 consultarea asocia\u0163iei.<\/b><\/p>\n<p style=\"text-align: justify;\">De asemenea, APADOR-CH precizeaz\u0103 c\u0103 nu are nicio leg\u0103tur\u0103, nu \u015fi-a asumat nicio obliga\u0163ie privind proiectul municipiului Baia Mare de a deveni \u00een 2021 capital\u0103 european\u0103 a culturii, \u015fi solicit\u0103 public celor implica\u0163i \u00een acest proiect s\u0103 nu mai men\u0163ioneze denumirea asocia\u0163iei \u00een documentele aferente.<\/p>\n<p style=\"text-align: justify;\"><strong>Maria Nicoleta Andreescu<\/strong><\/p>\n<p style=\"text-align: justify;\">Director executiv APADOR-CH<\/p>\n<p><\/p>","protected":false},"excerpt":{"rendered":"<p class=\"qtranxs-available-languages-message qtranxs-available-languages-message-en\">Sorry, this entry is only available in <a href=\"https:\/\/apador.org\/ro\/wp-json\/wp\/v2\/posts\/5371\" class=\"qtranxs-available-language-link qtranxs-available-language-link-ro\" title=\"Rom\u00e2n\u0103\">Rom\u00e2n\u0103<\/a>. For the sake of viewer convenience, the content is shown below in the alternative language. You may click the link to switch the active language.<\/p>\n<p>APADOR-CH nu are nicio leg\u0103tur\u0103, nu \u015fi-a asumat nicio obliga\u0163ie privind proiectul municipiului Baia Mare de a deveni \u00een 2021 capital\u0103 european\u0103 a culturii, \u015fi solicit\u0103 celor implica\u0163i \u00een acest proiect s\u0103 nu mai men\u0163ioneze denumirea asocia\u0163iei \u00een documentele aferente<\/p>\n","protected":false},"author":2,"featured_media":4778,"comment_status":"closed","ping_status":"open","sticky":false,"template":"","format":"standard","meta":{"footnotes":""},"categories":[29],"tags":[],"class_list":["post-5371","post","type-post","status-publish","format-standard","has-post-thumbnail","hentry","category-comunicate"],"_links":{"self":[{"href":"https:\/\/apador.org\/en\/wp-json\/wp\/v2\/posts\/5371","targetHints":{"allow":["GET"]}}],"collection":[{"href":"https:\/\/apador.org\/en\/wp-json\/wp\/v2\/posts"}],"about":[{"href":"https:\/\/apador.org\/en\/wp-json\/wp\/v2\/types\/post"}],"author":[{"embeddable":true,"href":"https:\/\/apador.org\/en\/wp-json\/wp\/v2\/users\/2"}],"replies":[{"embeddable":true,"href":"https:\/\/apador.org\/en\/wp-json\/wp\/v2\/comments?post=5371"}],"version-history":[{"count":0,"href":"https:\/\/apador.org\/en\/wp-json\/wp\/v2\/posts\/5371\/revisions"}],"wp:featuredmedia":[{"embeddable":true,"href":"https:\/\/apador.org\/en\/wp-json\/wp\/v2\/media\/4778"}],"wp:attachment":[{"href":"https:\/\/apador.org\/en\/wp-json\/wp\/v2\/media?parent=5371"}],"wp:term":[{"taxonomy":"category","embeddable":true,"href":"https:\/\/apador.org\/en\/wp-json\/wp\/v2\/categories?post=5371"},{"taxonomy":"post_tag","embeddable":true,"href":"https:\/\/apador.org\/en\/wp-json\/wp\/v2\/tags?post=5371"}],"curies":[{"name":"wp","href":"https:\/\/api.w.org\/{rel}","templated":true}]}}