{"id":5441,"date":"2016-10-19T17:15:42","date_gmt":"2016-10-19T17:15:42","guid":{"rendered":"http:\/\/www.apador.org\/?p=5441"},"modified":"2016-10-19T17:15:42","modified_gmt":"2016-10-19T17:15:42","slug":"apador-ch-cere-mai-sa-nu-puna-upi-pe-urmele-noastre-fara-mandat","status":"publish","type":"post","link":"https:\/\/apador.org\/en\/apador-ch-cere-mai-sa-nu-puna-upi-pe-urmele-noastre-fara-mandat\/","title":{"rendered":"APADOR-CH cere MAI s\u0103 nu pun\u0103 UPI pe urmele noastre f\u0103r\u0103 mandat"},"content":{"rendered":"<p class=\"qtranxs-available-languages-message qtranxs-available-languages-message-en\">Sorry, this entry is only available in <a href=\"https:\/\/apador.org\/ro\/wp-json\/wp\/v2\/posts\/5441\" class=\"qtranxs-available-language-link qtranxs-available-language-link-ro\" title=\"Rom\u00e2n\u0103\">Rom\u00e2n\u0103<\/a>. For the sake of viewer convenience, the content is shown below in the alternative language. You may click the link to switch the active language.<\/p><p><\/p>\n<p style=\"text-align: justify;\">\n<p style=\"text-align: justify;\">APADOR-CH a transmis ast\u0103zi Ministerului de Interne o propunere pentru completarea proiectului de ordonan\u0163\u0103 de urgen\u0163\u0103 privind \u00eenfiin\u021barea, organizarea \u0219i func\u021bionarea\u00a0<strong>Unit\u0103\u021bii de Protec\u021bie Intern\u0103<\/strong>\u00a0(UPI) a Ministerului Afacerilor Interne. Proiectul prevede printre altele, la articolul 13, c\u0103 UPI va putea culege informa\u021bii f\u0103r\u0103 mandat de interceptare de la judec\u0103tor. (<a href=\"http:\/\/www.apador.org\/wp-content\/uploads\/2016\/10\/proiect_de_OUG_UPI.pdf\" target=\"_blank\">citi\u021bi textul proiectului<\/a>)<\/p>\n<p style=\"text-align: justify;\"><b>Propunerea APADOR-CH se refer\u0103 la obliga\u021bia de\u021binerii unei autoriz\u0103ri judec\u0103tore\u0219ti pentru derularea oric\u0103ror activit\u0103\u021bi specifice culegerii de informa\u021bii, <\/b><b>care presupun restr\u00e2ngerea exerci\u0163iului unor drepturi sau libert\u0103\u0163i fundamentale ale omului<\/b><b> <\/b><b>de c\u0103tre UPI.<\/b><\/p>\n<p style=\"text-align: justify;\">Modificarea proiectului de ordonan\u021b\u0103 de urgen\u021b\u0103 \u00een acest sens este necesar\u0103 deoarece, \u00een forma propus\u0103, UPI ar urma s\u0103 deruleze acest tip de activit\u0103\u021bi \u00een baza Legii nr. 51\/1991 privind securitatea na\u0163ional\u0103 a Rom\u00e2niei, lege veche de 25 de ani \u015fi care nu a cunoscut modific\u0103ri de substan\u0163\u0103 \u00een aceast\u0103 perioad\u0103. Astfel, m\u0103surile de supraveghere efectuate de UPI ar trebui s\u0103 aib\u0103 doar autorizarea unui procuror.<\/p>\n<p style=\"text-align: justify;\">Actualul Cod de procedur\u0103 penal\u0103, intrat \u00een vigoare \u00een 2014, acord\u0103 \u00eens\u0103 importan\u021ba cuvenit\u0103 respect\u0103rii dreptului la via\u021b\u0103 privat\u0103 \u0219i stipuleaz\u0103 c\u0103 m\u0103surile de culegere de informa\u0163ii\/supraveghere a persoanei care presupun restr\u00e2ngerea exerci\u0163iului unor drepturi sau libert\u0103\u0163i fundamentale ale omului nu pot fi dispuse de c\u0103tre procuror, ci numai de c\u0103tre judec\u0103tor, care este magistrat independent.<\/p>\n<p style=\"text-align: justify;\"><a href=\"http:\/\/www.apador.org\/wp-content\/uploads\/2016\/10\/Propunere-APADOR-CH-completare-OUG-UPI.pdf\" target=\"_blank\">Textul integral al propunerii APADOR-CH<br \/>\n<\/a><\/p>\n<p><\/p>","protected":false},"excerpt":{"rendered":"<p class=\"qtranxs-available-languages-message qtranxs-available-languages-message-en\">Sorry, this entry is only available in <a href=\"https:\/\/apador.org\/ro\/wp-json\/wp\/v2\/posts\/5441\" class=\"qtranxs-available-language-link qtranxs-available-language-link-ro\" title=\"Rom\u00e2n\u0103\">Rom\u00e2n\u0103<\/a>. For the sake of viewer convenience, the content is shown below in the alternative language. You may click the link to switch the active language.<\/p>\n<p>Propunerea APADOR-CH se refer\u0103 la obliga\u021bia de\u021binerii unei autoriz\u0103ri judec\u0103tore\u0219ti pentru derularea oric\u0103ror activit\u0103\u021bi specifice culegerii de informa\u021bii, care presupun restr\u00e2ngerea exerci\u0163iului unor drepturi sau libert\u0103\u0163i fundamentale ale omului<\/p>\n","protected":false},"author":2,"featured_media":5444,"comment_status":"closed","ping_status":"open","sticky":false,"template":"","format":"standard","meta":{"footnotes":""},"categories":[29],"tags":[41,555,556,557,558,139,250,554],"class_list":["post-5441","post","type-post","status-publish","format-standard","has-post-thumbnail","hentry","category-comunicate","tag-apador-ch","tag-dipi-mai","tag-interceptari","tag-interceptari-fara-mandat","tag-mandat-judecatoresc","tag-ministerul-afacerilor-interne","tag-ordonanta-de-urgenta","tag-upi"],"_links":{"self":[{"href":"https:\/\/apador.org\/en\/wp-json\/wp\/v2\/posts\/5441","targetHints":{"allow":["GET"]}}],"collection":[{"href":"https:\/\/apador.org\/en\/wp-json\/wp\/v2\/posts"}],"about":[{"href":"https:\/\/apador.org\/en\/wp-json\/wp\/v2\/types\/post"}],"author":[{"embeddable":true,"href":"https:\/\/apador.org\/en\/wp-json\/wp\/v2\/users\/2"}],"replies":[{"embeddable":true,"href":"https:\/\/apador.org\/en\/wp-json\/wp\/v2\/comments?post=5441"}],"version-history":[{"count":0,"href":"https:\/\/apador.org\/en\/wp-json\/wp\/v2\/posts\/5441\/revisions"}],"wp:featuredmedia":[{"embeddable":true,"href":"https:\/\/apador.org\/en\/wp-json\/wp\/v2\/media\/5444"}],"wp:attachment":[{"href":"https:\/\/apador.org\/en\/wp-json\/wp\/v2\/media?parent=5441"}],"wp:term":[{"taxonomy":"category","embeddable":true,"href":"https:\/\/apador.org\/en\/wp-json\/wp\/v2\/categories?post=5441"},{"taxonomy":"post_tag","embeddable":true,"href":"https:\/\/apador.org\/en\/wp-json\/wp\/v2\/tags?post=5441"}],"curies":[{"name":"wp","href":"https:\/\/api.w.org\/{rel}","templated":true}]}}