{"id":5576,"date":"2017-01-30T15:37:25","date_gmt":"2017-01-30T15:37:25","guid":{"rendered":"http:\/\/www.apador.org\/?p=5576"},"modified":"2017-01-30T15:37:25","modified_gmt":"2017-01-30T15:37:25","slug":"dezbaterea-proiectelor-de-ordonanta-privind-gratierile-si-modificarile-aduse-codului-penal","status":"publish","type":"post","link":"https:\/\/apador.org\/en\/dezbaterea-proiectelor-de-ordonanta-privind-gratierile-si-modificarile-aduse-codului-penal\/","title":{"rendered":"Dezbaterea proiectelor de ordonan\u021b\u0103 privind gra\u021bierile \u0219i modific\u0103rile aduse Codului penal"},"content":{"rendered":"<p class=\"qtranxs-available-languages-message qtranxs-available-languages-message-en\">Sorry, this entry is only available in <a href=\"https:\/\/apador.org\/ro\/wp-json\/wp\/v2\/posts\/5576\" class=\"qtranxs-available-language-link qtranxs-available-language-link-ro\" title=\"Rom\u00e2n\u0103\">Rom\u00e2n\u0103<\/a>. For the sake of viewer convenience, the content is shown below in the alternative language. You may click the link to switch the active language.<\/p><p>APADOR-CH a participat azi, 30 ianuarie 2017, la dezbaterea organizat\u0103 de Ministerul Justi\u021biei, pe marginea proiectelor de ordonan\u021b\u0103 de urgen\u021b\u0103 privind gra\u021bierile colective \u0219i modific\u0103ri aduse Codului penal. Evenimentul, cerut insistent de societate, a adunat peste o sut\u0103 de participan\u021bi &#8211; reprezenta\u021bi ai unor organiza\u021bii neguvernamentale sau simpli cet\u0103\u021beni &#8211; \u0219i un num\u0103r mare de ziari\u0219ti. Din cauza particip\u0103rii masive, dezbaterea s-a \u021binut \u00een dou\u0103 etape. \u00cen pofida interesului uria\u0219, suscitat de tema dezbaterilor, Ministerul justi\u021biei nu a luat m\u0103suri suficiente pentru o organizare propice. Sonorizarea proast\u0103 \u0219i lipsa unui dialog real \u00eentre participan\u021bi \u0219i ministru, au fost dou\u0103 dintre cele mai vizibile minusuri ale dezbaterii, care s-a transformat astfel \u00eentr-o audien\u021b\u0103 colectiv\u0103.<\/p>\n<p>Practic ministrul justi\u021biei, Florin Iordache, a dat impresia c\u0103 a ascultat\/notat punctele de vedere exprimate de participan\u021bi, dar a refuzat s\u0103 spun\u0103, chiar \u0219i la finalul dezbaterii, dac\u0103 va \u021bine cont de ele, de care anume sau \u00een ce fel va proceda mai departe cu cele dou\u0103 ordonan\u021be, dat fiind c\u0103 mul\u021bi dintre participan\u021bi au cerut retragerea lor.<\/p>\n<p style=\"text-align: center;\"><a href=\"http:\/\/www.apador.org\/wp-content\/uploads\/2017\/01\/dezbatere.jpg\"><img loading=\"lazy\" decoding=\"async\" class=\"aligncenter  wp-image-5577\" alt=\"dezbatere\" src=\"http:\/\/www.apador.org\/wp-content\/uploads\/2017\/01\/dezbatere.jpg\" width=\"600\" height=\"450\" \/><\/a><\/p>\n<p>La dezbatere au fost prezentate puncte de vedere pro \u0219i contra ordonan\u021belor, at\u00e2t pe fond c\u00e2t \u0219i pe form\u0103, mare parte dintre cei prezen\u021bi fiind de p\u0103rere c\u0103 cele dou\u0103 acte ar trebui dezb\u0103tute \u00een Parlament, nicidecum adoptate \u00een procedur\u0103 de urgen\u021b\u0103, de Guvern.<\/p>\n<p>APADOR-CH a reiterat <a href=\"http:\/\/www.apador.org\/guvernul-urgenteaza-anchetarea-mineriadei-ceruta-de-cedo-si-trece-direct-la-gratierea-posibililor-vinovati\/\" target=\"_blank\">punctul de vedere transmis \u0219i \u00een scris ministerului<\/a>, cer\u00e2nd totodat\u0103 ca \u00een caz c\u0103 se ajunge la discutarea unor proiecte de lege, consultarea public\u0103 s\u0103 fie extins\u0103 la mai mult de 30 de zile. Prima parte a dezbaterii, care a durat mai bine de dou\u0103 ore, poate fi urm\u0103rit\u0103 \u00een aceast\u0103 \u00eenregistrare video:<br \/>\n<iframe loading=\"lazy\" style=\"border: none; overflow: hidden;\" src=\"https:\/\/www.facebook.com\/plugins\/video.php?href=https%3A%2F%2Fwww.facebook.com%2FAPADOR.CH%2Fvideos%2F1295025800556733%2F&amp;show_text=0&amp;width=400\" height=\"400\" width=\"400\" allowfullscreen=\"true\" frameborder=\"0\" scrolling=\"no\"><\/iframe><\/p>","protected":false},"excerpt":{"rendered":"<p class=\"qtranxs-available-languages-message qtranxs-available-languages-message-en\">Sorry, this entry is only available in <a href=\"https:\/\/apador.org\/ro\/wp-json\/wp\/v2\/posts\/5576\" class=\"qtranxs-available-language-link qtranxs-available-language-link-ro\" title=\"Rom\u00e2n\u0103\">Rom\u00e2n\u0103<\/a>. For the sake of viewer convenience, the content is shown below in the alternative language. You may click the link to switch the active language.<\/p>\n<p>Ministrul a dat impresia c\u0103 a ascultat toate p\u0103rerile, dar a refuzat s\u0103 spun\u0103, chiar \u0219i la finalul dezbaterii, dac\u0103 va \u021bine cont de ele sau \u00een ce fel va proceda mai departe cu cele dou\u0103 ordonan\u021be<\/p>\n","protected":false},"author":2,"featured_media":5578,"comment_status":"closed","ping_status":"open","sticky":false,"template":"","format":"standard","meta":{"footnotes":""},"categories":[24,25],"tags":[582,583,487,584],"class_list":["post-5576","post","type-post","status-publish","format-standard","has-post-thumbnail","hentry","category-transparenta","category-video","tag-dezbatere","tag-ministerul-justitiei","tag-modificarea-codului-penal","tag-ordonanta-gratiere"],"_links":{"self":[{"href":"https:\/\/apador.org\/en\/wp-json\/wp\/v2\/posts\/5576","targetHints":{"allow":["GET"]}}],"collection":[{"href":"https:\/\/apador.org\/en\/wp-json\/wp\/v2\/posts"}],"about":[{"href":"https:\/\/apador.org\/en\/wp-json\/wp\/v2\/types\/post"}],"author":[{"embeddable":true,"href":"https:\/\/apador.org\/en\/wp-json\/wp\/v2\/users\/2"}],"replies":[{"embeddable":true,"href":"https:\/\/apador.org\/en\/wp-json\/wp\/v2\/comments?post=5576"}],"version-history":[{"count":0,"href":"https:\/\/apador.org\/en\/wp-json\/wp\/v2\/posts\/5576\/revisions"}],"wp:featuredmedia":[{"embeddable":true,"href":"https:\/\/apador.org\/en\/wp-json\/wp\/v2\/media\/5578"}],"wp:attachment":[{"href":"https:\/\/apador.org\/en\/wp-json\/wp\/v2\/media?parent=5576"}],"wp:term":[{"taxonomy":"category","embeddable":true,"href":"https:\/\/apador.org\/en\/wp-json\/wp\/v2\/categories?post=5576"},{"taxonomy":"post_tag","embeddable":true,"href":"https:\/\/apador.org\/en\/wp-json\/wp\/v2\/tags?post=5576"}],"curies":[{"name":"wp","href":"https:\/\/api.w.org\/{rel}","templated":true}]}}