{"id":6007,"date":"2017-12-07T08:40:28","date_gmt":"2017-12-07T08:40:28","guid":{"rendered":"http:\/\/www.apador.org\/?p=6007"},"modified":"2020-08-06T11:53:40","modified_gmt":"2020-08-06T09:53:40","slug":"manualul-de-bune-practici-al-politiei","status":"publish","type":"post","link":"https:\/\/apador.org\/en\/manualul-de-bune-practici-al-politiei\/","title":{"rendered":"Dup\u0103 doi ani de procese am ob\u021binut \u201emanualul de bune practici\u201d al poli\u021biei"},"content":{"rendered":"<p class=\"qtranxs-available-languages-message qtranxs-available-languages-message-en\">Sorry, this entry is only available in <a href=\"https:\/\/apador.org\/ro\/wp-json\/wp\/v2\/posts\/6007\" class=\"qtranxs-available-language-link qtranxs-available-language-link-ro\" title=\"Rom\u00e2n\u0103\">Rom\u00e2n\u0103<\/a>. For the sake of viewer convenience, the content is shown below in the alternative language. You may click the link to switch the active language.<\/p><em>Dar acum MAI discut\u0103 modificarea lui, a\u0219a c\u0103 citi\u021bi-l pe \u0103sta aflat \u00een vigoare, ca s\u0103 \u0219ti\u021bi ce drepturi avea\u021bi p\u00e2n\u0103 acum c\u00e2nd v\u0103 \u00eent\u00e2lnea\u021bi cu poli\u021bia. Ce se va schimba \u00een el afla\u021bi dac\u0103 participa\u021bi la dezbaterea organizat\u0103 de MAI, luni, 11 decembrie<\/em><\/p>\n<p style=\"text-align: justify;\">Dup\u0103 doi ani \u0219i dou\u0103 luni de procese \u0219i tergivers\u0103ri am ob\u021binut \u00een sf\u00e2r\u0219it de la IGPR <em><a href=\"http:\/\/www.apador.org\/wp-content\/uploads\/2017\/12\/manual-practici-politie.pdf\" target=\"_blank\" rel=\"noopener noreferrer\">Manualul de bune practici de interven\u021bie pentru poli\u021bistul de ordine public\u0103<\/a>, <\/em>document public pe care-l cerusem \u00een baza Legii 544\/2001. \u021ainut la secret p\u00e2n\u0103 acum, pe motiv c\u0103 modul \u00een care trebuie s\u0103 se comporte poli\u021bia cu cet\u0103\u021benii nu e bine s\u0103 fie aflat de \u201eelementele criminogene\u201d, manualul era totu\u0219i v\u00e2ndut prin libr\u0103rii, sub semn\u0103tura unor \u0219efi ai poli\u021biei.<\/p>\n<p style=\"text-align: justify;\">\u00cen el sunt detaliate toate procedurile pe care poli\u021bi\u0219tii sunt obliga\u021bi s\u0103 le respecte atunci c\u00e2nd abordeaz\u0103, legitimeaz\u0103, perchezi\u021bioneaz\u0103 \u0219i conduc la sec\u021bie un cet\u0103\u021bean. De asemenea sunt explicate practicile de \u00eenc\u0103tu\u0219are, amprentare, folosire a armamentului din dotare \u0219i chiar a for\u021bei. O lectur\u0103 util\u0103 pentru orice cet\u0103\u021bean pe care-l preocupau p\u00e2n\u0103 acum \u00eentreb\u0103rile:<\/p>\n<ul>\n<li>Trebuie s\u0103 m\u0103 legitimez chiar dac\u0103 poli\u0163istul nu se legitimeaz\u0103? <strong><em>Da, poli\u021bistul se legitimeaz\u0103 numai \u00een caz de nevoie. Totu\u0219i, poli\u021bistul trebuie s\u0103 se prezinte <\/em><\/strong><em>(pagina 5)<\/em><\/li>\n<li>Are voie s\u0103 m\u0103 perchezi\u0163ioneze chiar dac\u0103 n-am f\u0103cut nimic? <strong><em>Da, dac\u0103 refuza\u021bi s\u0103 v\u0103 legitima\u021bi, poli\u021bistul poate s\u0103 v\u0103 perchezi\u021bioneze <\/em><\/strong><em>(vede\u021bi cum \u00een paginile 8-10)<\/em><\/li>\n<li>M\u0103 poate duce la sec\u021bie chiar dac\u0103 am buletinul la mine? <strong><em>Da, dac\u0103 totu\u0219i poli\u021bistul nu v-a putut stabili identitatea <\/em><\/strong><em>(pagina 6)<\/em><\/li>\n<li>Are voie s\u0103-mi perchezi\u021bioneze ma\u0219ina pe motiv de \u201econtrol de rutin\u0103\u201d? <strong><em>Nu, dar&#8230; <\/em><\/strong><em>(paginile 10-11)<\/em><\/li>\n<\/ul>\n<p>&nbsp;<\/p>\n<p style=\"text-align: justify;\">Acest manual este \u00een vigoare din 2005, lucru recunoscut \u00een sf\u00e2r\u0219it de IGPR dup\u0103 at\u00e2tea procese (de\u0219i la un moment dat sus\u021binea c\u0103 nu ne d\u0103 manualul pentru c\u0103 nu mai e \u00een vigoare), \u0219i e singurul act care reglementeaz\u0103 aceste proceduri momentan.<\/p>\n<a href=\"http:\/\/www.apador.org\/wp-content\/uploads\/2017\/12\/manual-practici-politie.pdf\" class=\"su-button su-button-style-soft\" style=\"color:#FFFFFF;background-color:#d90d04;border-color:#ae0b04;border-radius:6px\" target=\"_blank\" rel=\"noopener noreferrer\"><span style=\"color:#FFFFFF;padding:6px 18px;font-size:14px;line-height:21px;border-color:#e55650;border-radius:6px;text-shadow:none\"><i class=\"sui sui-book\" style=\"font-size:14px;color:#FFFFFF\"><\/i> Cite\u0219te manualul poli\u021bistului<\/span><\/a>\n<p>&nbsp;<\/p>\n<p style=\"text-align: justify;\">Totu\u0219i, din luna noiembrie 2017 MAI a pus \u00een dezbatere public\u0103 un proiect care modific\u0103 mai multe legi privitoare la ordinea public\u0103, iar asta va duce \u0219i la modificarea manualului \u00een discu\u021bie (<a href=\"http:\/\/www.apador.org\/huiduitul-la-proteste-ar-putea-fi-sanctionat-cu-inchisoare-de-la-3-luni-la-un-an\/\" target=\"_blank\" rel=\"noopener noreferrer\">Huiduitul la proteste ar putea fi sanc\u021bionat cu \u00eenchisoare de la 3 luni la un an<\/a>). APADOR-CH a f\u0103cut c\u00e2teva sugestii de modificare a acestor propuneri, \u00eentruc\u00e2t unele dintre ele erau de natur\u0103 s\u0103 \u00eencalce drepturile civile (inventarea unei noi proceduri de privare de libertate numit\u0103 \u201ere\u021binere administrativ\u0103\u201d \u0219i a unei sintagme bizare &#8211; \u201epozi\u021bia inofensiv\u0103\u201d pe care ar trebui s-o adopte orice cet\u0103\u021bean atunci c\u00e2nd e cercetat de poli\u021bie).<\/p>\n<p style=\"text-align: justify;\">\u00cen urma discu\u021biilor MAI a acceptat s\u0103 renun\u021be la unele propuneri \u0219i chiar a preluat unele sugestii ale APADOR-CH, astfel c\u0103 noua form\u0103 a proiectului arat\u0103 diferit. De exemplu huiduitul la proteste nu mai este sanc\u021bionat, de asemenea a fost eliminat\u0103 \u201ere\u021binerea administrativ\u0103\u201d \u0219i clarificat\u0103 \u201epozi\u021bia inofensiv\u0103\u201d a cet\u0103\u021benilor. Au fost introduse \u0219i m\u0103suri de garantare a drepturilor civile ale persoanelor conduse la sec\u021bie (dreptul de a contacta un avocat, de a fi informate pentru ce sunt conduse la sec\u021bie, dreptul de a fi consultate de un medic etc)<\/p>\n<p style=\"text-align: justify;\">Noua form\u0103 a modific\u0103rilor propuse de MAI poate fi <a href=\"http:\/\/81.181.207.101\/frontend\/documente_transparenta\/87_1512576754_PR_Lege%20OSP_06122017.pdf\" target=\"_blank\" rel=\"noopener noreferrer\">consultat\u0103 aici<\/a>. V\u0103 recomand\u0103m s\u0103 urm\u0103ri\u021bi procesul de consultare public\u0103, pe care MAI l-a prelungit cu \u00eenc\u0103 20 de zile fa\u021b\u0103 de termenul ini\u021bial (p\u00e2n\u0103 la 14 decembrie) \u0219i s\u0103 face\u021bi demersuri cet\u0103\u021bene\u0219ti pentru a preveni adoptarea unor modific\u0103ri legislative care pot \u00eenc\u0103lca drepturile cet\u0103\u021benilor. \u00cen ziua de <strong>11 decembrie de la ora 13.00 va avea loc la Centrul Cutural MAI o dezbatere pe aceast\u0103 tem\u0103, la care se poate participa pe baz\u0103 de \u00eenscriere<\/strong><strong>.<\/strong><\/p>\n<p><span style=\"color: #3366ff;\"><strong>UPADTE 16 ianuarie 2018<\/strong><\/span><\/p>\n<p>\u00cen urma integr\u0103rii \u00een proiectul de lege a unora dintre propunerile APADOR-CH, am f\u0103cut \u0219i a doua rund\u0103 de propuneri de modificare:\u00a0<strong><a href=\"http:\/\/www.apador.org\/ce-se-intampla-cand-politistul-care-te-legitimeaza-nu-se-prezinta\/\" target=\"_blank\" rel=\"noopener noreferrer\">Ce se \u00eent\u00e2mpl\u0103 c\u00e2nd poli\u021bistul care te legitimeaz\u0103 nu se prezint\u0103<\/a><\/strong><\/p>\n<p style=\"text-align: justify;\"><div class=\"su-note\"  style=\"border-color:#d56d6a;border-radius:2px;-moz-border-radius:2px;-webkit-border-radius:2px;\"><div class=\"su-note-inner su-u-clearfix su-u-trim\" style=\"background-color:#ef8784;border-color:#ffffff;color:#333333;border-radius:2px;-moz-border-radius:2px;-webkit-border-radius:2px;\">\n<p>&nbsp;<\/p>\n<p style=\"text-align: justify;\"><strong>Cronologia procesului APADOR-CH cu MAI \u0219i IGPR pentru ob\u021binerea informa\u021biilor publice<\/strong><\/p>\n<p style=\"text-align: justify;\">\u00cen octombrie 2015 APADOR-CH a dat \u00een judecat\u0103 IGPR \u0219i MAI pe motiv c\u0103 nu vor s\u0103 fac\u0103 publice informa\u021biile privind procedurile de legitimare, amprentare, fotografiere, perchezi\u021bie corporal\u0103 \u0219i de bagaje \u0219i conducere administrativ\u0103 la sec\u021bie. Aceste informa\u021bii publice erau distribuite numai contra cost, printr-un\u00a0 manual prefa\u021bat de fostul ministru Petre Tob\u0103. Dup\u0103 aproape un an de proces, justi\u021bia ne-a dat dreptate: poli\u021bia a fost obligat\u0103 s\u0103 ne furnizeze gratuit aceste proceduri. A mai urmat un an de recursuri \u0219i procese pentru executare silit\u0103, r\u0103mase tot f\u0103r\u0103 r\u0103spuns:<\/p>\n<ul style=\"text-align: justify;\">\n<li><strong>Octombrie 2015<\/strong> deschiderea ac\u021biunii \u00een instan\u021ba de contencios \u00eempotriva IGPR \u0219i MAI pentru refuzul de a respecta Legea 544\/2001<\/li>\n<li><strong>Septembrie 2016<\/strong> \u2013 APADOR-CH c\u00e2\u0219tig\u0103 procesul \u0219i pe fond \u0219i la recurs &#8211; <a href=\"http:\/\/www.apador.org\/blog\/gratis-politia-romana-obligata-de-instanta-sa-publice-procedurile-de-lucru-in-cazul-legitimarii-amprentarii-si-conducerii-la-sectie\/\" target=\"_blank\" rel=\"noopener noreferrer\">Gratis! Poli\u021bia Rom\u00e2n\u0103, obligat\u0103 de instan\u021b\u0103 s\u0103 publice procedurile de lucru \u00een cazul legitim\u0103rii, amprent\u0103rii \u0219i conducerii la sec\u021bie<\/a><\/li>\n<li><strong>Decembrie 2016<\/strong> &#8211; proces deschis pentru executarea hot\u0103r\u00e2rii, \u00eentruc\u00e2t poli\u021bia refuza \u00een continuare s\u0103 respecte \u0219i decizia instan\u021bei &#8211; <a href=\"http:\/\/www.apador.org\/blog\/politia-romana-se-comporta-hoteste-chiar-si-in-fata-instantei-cand-i-se-cer-informatii-publice\/\" target=\"_blank\" rel=\"noopener noreferrer\">Poli\u021bia Rom\u00e2n\u0103 se comport\u0103 ho\u021be\u0219te chiar \u0219i \u00een fa\u021ba instan\u021bei, c\u00e2nd i se cer informa\u021bii publice<\/a><\/li>\n<li><strong>Ianuarie 2017<\/strong> \u2013 IGPR \u0219i \u0219eful s\u0103u, obliga\u021bi de instan\u021b\u0103 s\u0103 pl\u0103teasc\u0103 penalit\u0103\u021bi pe fiecare zi de \u00eent\u00e2rziere a execut\u0103rii hot\u0103r\u00e2rii &#8211; <a href=\"https:\/\/www.facebook.com\/http:\/www.apador.org\/blog\/seful-politiei-si-igpr-amendati-de-instanta-cu-350-de-leizi-pentru-refuzul-de-a-comunica-informatii-publice\/\" target=\"_blank\" rel=\"noopener noreferrer\">\u0218eful poli\u021biei \u0219i IGPR, amenda\u021bi de instan\u021b\u0103 cu 350 de lei\/zi pentru refuzul de a comunica informa\u021bii publice<\/a><\/li>\n<li><strong>Februarie<\/strong> <strong>2017 <\/strong>\u2013 IGPR face recurs la executare, recursul este admis pe motive de procedur\u0103.<\/li>\n<li><strong>Iunie 2017<\/strong> \u2013 Instan\u021ba dispune rejudecarea procesului. \u00cen fond Tribunalul Bucure\u0219ti respinge cererea de amendare, dar p\u00e2n\u0103 la aceast\u0103 dat\u0103 nu a fost formulat\u0103 \u0219i motivarea.<\/li>\n<li><strong>Decembrie 2017<\/strong> \u2013 \u00centre timp IGPR accept\u0103 s\u0103 furnizeze <em>Manualul de bune practici de interven\u021bie pentru poli\u021bistul de ordine public\u0103, <\/em>prin urmare APADOR-CH renun\u021b\u0103 s\u0103 mai fac\u0103 recurs la ultima decizie a Tribunalului<\/li>\n<\/ul>\n<\/div><\/div>\n<p style=\"text-align: justify;\">Va urma!<\/p>\n<p>&nbsp;<\/p>\n<a href=\"http:\/\/www.apador.org\/donate\/\" class=\"su-button su-button-style-soft\" style=\"color:#FFFFFF;background-color:#d90d04;border-color:#ae0b04;border-radius:6px\" target=\"_blank\" rel=\"noopener noreferrer\"><span style=\"color:#FFFFFF;padding:6px 18px;font-size:14px;line-height:21px;border-color:#e55650;border-radius:6px;text-shadow:none\"><i class=\"sui sui-bitcoin\" style=\"font-size:14px;color:#FFFFFF\"><\/i> Dac\u0103 vi se pare util demersul APADOR-CH \u0219i vre\u021bi s\u0103 ne sus\u021bine\u021bi activitatea, iat\u0103 c\u00e2teva moduri \u00een care pute\u021bi s\u0103 ne fi\u021bi al\u0103turi.<\/span><\/a>\n<p>&nbsp;","protected":false},"excerpt":{"rendered":"<p class=\"qtranxs-available-languages-message qtranxs-available-languages-message-en\">Sorry, this entry is only available in <a href=\"https:\/\/apador.org\/ro\/wp-json\/wp\/v2\/posts\/6007\" class=\"qtranxs-available-language-link qtranxs-available-language-link-ro\" title=\"Rom\u00e2n\u0103\">Rom\u00e2n\u0103<\/a>. For the sake of viewer convenience, the content is shown below in the alternative language. You may click the link to switch the active language.<\/p>\n<p>Dar acum MAI discut\u0103 modificarea lui, a\u0219a c\u0103 citi\u021bi-l pe \u0103sta aflat \u00een vigoare, ca s\u0103 \u0219ti\u021bi ce drepturi avea\u021bi p\u00e2n\u0103 acum c\u00e2nd v\u0103 \u00eent\u00e2lnea\u021bi cu poli\u021bia. Ce se va schimba \u00een el afla\u021bi dac\u0103 participa\u021bi la dezbaterea organizat\u0103 de MAI, luni, 11 decembrie<\/p>\n","protected":false},"author":2,"featured_media":4349,"comment_status":"closed","ping_status":"open","sticky":false,"template":"","format":"standard","meta":{"footnotes":""},"categories":[29,1023,24],"tags":[674,380,376,395,676,671,670,139,675,78,673,672],"class_list":["post-6007","post","type-post","status-publish","format-standard","has-post-thumbnail","hentry","category-comunicate","category-jurisprudenta-interna","category-transparenta","tag-amprentare","tag-conducere-la-sectie","tag-drepturi-civile-2","tag-igpr","tag-legitimatie","tag-mai","tag-manual-bune-practici-politie","tag-ministerul-afacerilor-interne","tag-perchezitie-corporala","tag-politie","tag-proceduri-politie","tag-statutul-politistului"],"_links":{"self":[{"href":"https:\/\/apador.org\/en\/wp-json\/wp\/v2\/posts\/6007","targetHints":{"allow":["GET"]}}],"collection":[{"href":"https:\/\/apador.org\/en\/wp-json\/wp\/v2\/posts"}],"about":[{"href":"https:\/\/apador.org\/en\/wp-json\/wp\/v2\/types\/post"}],"author":[{"embeddable":true,"href":"https:\/\/apador.org\/en\/wp-json\/wp\/v2\/users\/2"}],"replies":[{"embeddable":true,"href":"https:\/\/apador.org\/en\/wp-json\/wp\/v2\/comments?post=6007"}],"version-history":[{"count":0,"href":"https:\/\/apador.org\/en\/wp-json\/wp\/v2\/posts\/6007\/revisions"}],"wp:featuredmedia":[{"embeddable":true,"href":"https:\/\/apador.org\/en\/wp-json\/wp\/v2\/media\/4349"}],"wp:attachment":[{"href":"https:\/\/apador.org\/en\/wp-json\/wp\/v2\/media?parent=6007"}],"wp:term":[{"taxonomy":"category","embeddable":true,"href":"https:\/\/apador.org\/en\/wp-json\/wp\/v2\/categories?post=6007"},{"taxonomy":"post_tag","embeddable":true,"href":"https:\/\/apador.org\/en\/wp-json\/wp\/v2\/tags?post=6007"}],"curies":[{"name":"wp","href":"https:\/\/api.w.org\/{rel}","templated":true}]}}