{"id":6955,"date":"2019-08-09T12:21:22","date_gmt":"2019-08-09T10:21:22","guid":{"rendered":"http:\/\/www.apador.org\/?p=6955"},"modified":"2019-09-20T22:05:10","modified_gmt":"2019-09-20T20:05:10","slug":"se-poate-sau-nu-suna-la-112-fara-cartela-sim-in-telefon","status":"publish","type":"post","link":"https:\/\/apador.org\/en\/se-poate-sau-nu-suna-la-112-fara-cartela-sim-in-telefon\/","title":{"rendered":"Se poate sau nu suna la 112 f\u0103r\u0103 cartel\u0103 SIM \u00een telefon?"},"content":{"rendered":"<p class=\"qtranxs-available-languages-message qtranxs-available-languages-message-en\">Sorry, this entry is only available in <a href=\"https:\/\/apador.org\/ro\/wp-json\/wp\/v2\/posts\/6955\" class=\"qtranxs-available-language-link qtranxs-available-language-link-ro\" title=\"Rom\u00e2n\u0103\">Rom\u00e2n\u0103<\/a>. For the sake of viewer convenience, the content is shown below in the alternative language. You may click the link to switch the active language.<\/p><p style=\"text-align: justify;\"><a href=\"http:\/\/www.apador.org\/wp-content\/uploads\/2019\/08\/suna-112.jpg\"><img loading=\"lazy\" decoding=\"async\" class=\"alignright size-medium wp-image-6956\" src=\"http:\/\/www.apador.org\/wp-content\/uploads\/2019\/08\/suna-112-246x300.jpg\" alt=\"\" width=\"246\" height=\"300\" srcset=\"https:\/\/apador.org\/wp-content\/uploads\/2019\/08\/suna-112-246x300.jpg 246w, https:\/\/apador.org\/wp-content\/uploads\/2019\/08\/suna-112.jpg 519w\" sizes=\"auto, (max-width: 246px) 100vw, 246px\" \/><\/a>\u00cen urma comunicatului nostru de ieri, c\u00e2\u021biva cititori ne-au scris c\u0103 nu se poate s\u0103 suni la 112 dac\u0103 nu ai o cartel\u0103 \u00een telefon. Noi f\u0103cusem o verificare \u00eenainte de a scrie, \u00een sensul c\u0103 am scos cardul din telefon \u0219i am v\u0103zut c\u0103 pe afi\u0219aj scria c\u0103 se pot face doar apeluri c\u0103tre num\u0103rul de urgen\u021be 112. Dar nu am sunat efectiv, tocmai ca s\u0103 nu m\u0103rim num\u0103rul apelurilor non-urgente pe care domnul Arafat le tot invoc\u0103.<\/p>\n<p style=\"text-align: justify;\">Ast\u0103zi ne-am mai documentat un pic \u0219i chiar am sunat la 112 de pe dou\u0103 telefoane f\u0103r\u0103 cartel\u0103, \u00eenregistrate \u00een dou\u0103 re\u021bele de telefonie diferite. De\u0219i ap\u0103rea c\u0103 sun\u0103, \u00een realitate conexiunile nu s-au f\u0103cut \u0219i deci nu am putut apela 112 cu adev\u0103rat.<\/p>\n<p style=\"text-align: justify;\">\u00cen urma discu\u021biilor cu c\u00e2\u021biva speciali\u0219ti am \u00een\u021beles c\u0103 <strong>autorit\u0103\u021bile rom\u00e2ne au decis s\u0103 nu permit\u0103 apelarea de urgen\u021b\u0103 f\u0103r\u0103 o cartel\u0103 \u00een telefon<\/strong>, tocmai (pretind autorit\u0103\u021bile) pentru limitarea apelurilor non urgente.<\/p>\n<p style=\"text-align: justify;\">Este o decizie discutabil\u0103, \u0219i pe care noi cel pu\u021bin am aflat-o neoficial. Alte autorit\u0103\u021bi, \u00eens\u0103, permit apelurile de urgen\u021b\u0103 de pe telefoane f\u0103r\u0103 cartel\u0103, <a href=\"https:\/\/www.government.nl\/topics\/emergency-number-112\/question-and-answer\/what-happens-when-i-call-112-from-my-mobile\">de exemplu Olanda<\/a>. De pe Internet afl\u0103m c\u0103 \u0219i \u00een SUA se poate s\u0103 suni la 911 f\u0103r\u0103 s\u0103 ai o cartel\u0103 \u00een telefon, singurele neajunsuri ar fi c\u0103 nu po\u021bi fi apelat \u00eenapoi de c\u0103tre operator \u0219i, \u00een caz c\u0103 faci \u0219i un al doilea apel, autorit\u0103\u021bile nu pot s\u0103 te identifice ca fiind acela\u0219i apelant de mai devreme.<\/p>\n<p style=\"text-align: justify;\">A\u0219adar, <strong>din punct de vedere tehnic, telefoanele inteligente permit apelarea numerelor de urgen\u021b\u0103, chiar \u0219i f\u0103r\u0103 cartele<\/strong>, unele \u0219tiind chiar s\u0103 fac\u0103 leg\u0103tura cu numerele de urgen\u021b\u0103 din \u021bara \u00een care te afli, nefiind nevoie ca tu, apelant, s\u0103 \u0219tii ce num\u0103r de urgen\u021be este valabil \u00een \u021bara respectiv\u0103 (<a href=\"https:\/\/en.wikipedia.org\/wiki\/Emergency_telephone_number\">sursa<\/a>).<\/p>\n<p style=\"text-align: justify;\">La noi, \u00eens\u0103, autorit\u0103\u021bile au decis s\u0103 nu permit\u0103 aceste lucru. Nu \u0219tim de ce, dar e o bun\u0103 ocazie s\u0103 ni se spun\u0103.<\/p>\n<p style=\"text-align: justify;\">Facem aceste complet\u0103ri la <a href=\"http:\/\/www.apador.org\/cand-sts-politia-sau-parchetul-gresesc-de-vina-e-cetateanul-ca-nu-si-cumpara-cartela-pre-pay-cu-buletinul\/\" target=\"_blank\" rel=\"noopener\">comunicatul de ieri<\/a>, cu men\u021biunea c\u0103 indiferent de acest detaliu, fondul comunicatului r\u0103m\u00e2ne: <strong>ordonan\u021ba pus\u0103 \u00een discu\u021bie de Guvern este neconstitu\u021bional\u0103 c\u00e2t\u0103 vreme nu ofer\u0103 garan\u021bii pentru prelucrarea datelor cump\u0103r\u0103torilor de cartele prepl\u0103tite<\/strong>.<\/p>\n<p>&nbsp;<\/p>\n<p><strong>UPDATE 28 august 2019<\/strong><\/p>\n<p style=\"text-align: justify;\">Din r\u0103spunsurile primite de la ANCOM \u0219i STS \u00een aceast\u0103 privin\u021b\u0103, afl\u0103m c\u0103<strong> Rom\u00e2nia se afla, \u00een 2013, printre cele opt state europene care nu permit apeluri la 112 f\u0103r\u0103 cartel\u0103 \u00een telefon, \u00een timp ce restul de 19 state UE permit acest lucru<\/strong>. Decizia luat\u0103 de statul rom\u00e2n de a limita apelurile de urgen\u021b\u0103 de pe telefoanele f\u0103r\u0103 cartel\u0103 \u021bine de num\u0103rul mare al apelurilor \u201enon-urgente\u201d, dup\u0103 cum s-a exprimat neoficial un reprezentant al STS. Oficial ni s-a r\u0103spuns doar c\u0103 a\u0219a este prev\u0103zut \u00een art 70 din Ordonan\u021ba 111\/2011&#8230;<\/p>\n<p style=\"text-align: justify;\">Citi\u021bi r\u0103spunsurile pe larg:<\/p>\n<hr \/>\n<p>&nbsp;<\/p>\n<p>APADOR-CH a trimis solicit\u0103ri de informa\u021bii, \u00een baza Legii 544\/2001, c\u0103tre institu\u021biile competente, \u0219i a primit urm\u0103toarele r\u0103spunsuri:<\/p>\n<a href=\"https:\/\/www.apador.org\/wp-content\/uploads\/2019\/08\/R\u0103spuns-MCSI-112.pdf\" class=\"su-button su-button-style-soft\" style=\"color:#FFFFFF;background-color:#056dc1;border-color:#04589b;border-radius:6px\" target=\"_blank\" rel=\"noopener noreferrer\" title=\"Citi\u021bi r\u0103spunsul MCSI\"><span style=\"color:#FFFFFF;padding:6px 18px;font-size:14px;line-height:21px;border-color:#5099d4;border-radius:6px;text-shadow:none\"><i class=\"sui sui-folder-open\" style=\"font-size:14px;color:#FFFFFF\"><\/i> Citi\u021bi r\u0103spunsul MCSI<\/span><\/a>\n<a href=\"https:\/\/www.apador.org\/wp-content\/uploads\/2019\/08\/Raspuns-STS-112.pdf\" class=\"su-button su-button-style-soft\" style=\"color:#FFFFFF;background-color:#c1050c;border-color:#9b040a;border-radius:6px\" target=\"_blank\" rel=\"noopener noreferrer\" title=\"Citi\u021bi r\u0103spunsul STS\"><span style=\"color:#FFFFFF;padding:6px 18px;font-size:14px;line-height:21px;border-color:#d45055;border-radius:6px;text-shadow:none\"><i class=\"sui sui-folder-open\" style=\"font-size:14px;color:#FFFFFF\"><\/i> Citi\u021bi r\u0103spunsul STS<\/span><\/a>\n<a href=\"https:\/\/www.apador.org\/wp-content\/uploads\/2019\/08\/raspuns-ANCOM-112.pdf\" class=\"su-button su-button-style-soft\" style=\"color:#FFFFFF;background-color:#05c132;border-color:#049b28;border-radius:6px\" target=\"_blank\" rel=\"noopener noreferrer\" title=\"R\u0103spunsul ANCOM\"><span style=\"color:#FFFFFF;padding:6px 18px;font-size:14px;line-height:21px;border-color:#50d470;border-radius:6px;text-shadow:none\"><i class=\"sui sui-folder-open\" style=\"font-size:14px;color:#FFFFFF\"><\/i> R\u0103spunsul ANCOM<\/span><\/a>\n<a href=\"https:\/\/www.apador.org\/blog\/guvernul-vrea-datele-posesorilor-de-cartele-prepay-ca-sa-i-poata-amenda-pe-cei-care-suna-abuziv-la-112\/\" class=\"su-button su-button-style-soft\" style=\"color:#FFFFFF;background-color:#05c132;border-color:#049b28;border-radius:6px\" target=\"_blank\" rel=\"noopener noreferrer\" title=\"Cum a fost la dezbaterea ordonan\u021bei privind 112\"><span style=\"color:#FFFFFF;padding:6px 18px;font-size:14px;line-height:21px;border-color:#50d470;border-radius:6px;text-shadow:none\"><i class=\"sui sui-folder-open\" style=\"font-size:14px;color:#FFFFFF\"><\/i> Cum a fost la dezbaterea ordonan\u021bei privind 112<\/span><\/a>\n<a href=\"https:\/\/www.apador.org\/wp-content\/uploads\/2019\/08\/raspuns-ANCOM-112-1.pdf\" class=\"su-button su-button-style-soft\" style=\"color:#FFFFFF;background-color:#f68c13;border-color:#c57010;border-radius:6px\" target=\"_blank\" rel=\"noopener noreferrer\" title=\"R\u0103spunsul MCSI nr.2\"><span style=\"color:#FFFFFF;padding:6px 18px;font-size:14px;line-height:21px;border-color:#f9af5a;border-radius:6px;text-shadow:none\"><i class=\"sui sui-folder-open\" style=\"font-size:14px;color:#FFFFFF\"><\/i> R\u0103spunsul MCSI nr.2<\/span><\/a>\n<a href=\"https:\/\/www.apador.org\/wp-content\/uploads\/2019\/08\/raspuns-telecom-112.pdf\" class=\"su-button su-button-style-soft\" style=\"color:#FFFFFF;background-color:#f6d713;border-color:#c5ac10;border-radius:6px\" target=\"_blank\" rel=\"noopener noreferrer\" title=\"R\u0103spunsul operatorului Telecom\"><span style=\"color:#FFFFFF;padding:6px 18px;font-size:14px;line-height:21px;border-color:#f9e35a;border-radius:6px;text-shadow:none\"><i class=\"sui sui-folder-open\" style=\"font-size:14px;color:#FFFFFF\"><\/i> R\u0103spunsul operatorului Telecom<\/span><\/a>\n<a href=\"https:\/\/www.apador.org\/wp-content\/uploads\/2019\/08\/Raspuns-Orange.pdf\" class=\"su-button su-button-style-soft\" style=\"color:#FFFFFF;background-color:#13adf6;border-color:#108bc5;border-radius:6px\" target=\"_blank\" rel=\"noopener noreferrer\" title=\"R\u0103spunsul operatorului Orange\"><span style=\"color:#FFFFFF;padding:6px 18px;font-size:14px;line-height:21px;border-color:#5ac6f9;border-radius:6px;text-shadow:none\"><i class=\"sui sui-folder-open\" style=\"font-size:14px;color:#FFFFFF\"><\/i> R\u0103spunsul operatorului Orange<\/span><\/a>","protected":false},"excerpt":{"rendered":"<p class=\"qtranxs-available-languages-message qtranxs-available-languages-message-en\">Sorry, this entry is only available in <a href=\"https:\/\/apador.org\/ro\/wp-json\/wp\/v2\/posts\/6955\" class=\"qtranxs-available-language-link qtranxs-available-language-link-ro\" title=\"Rom\u00e2n\u0103\">Rom\u00e2n\u0103<\/a>. For the sake of viewer convenience, the content is shown below in the alternative language. You may click the link to switch the active language.<\/p>\n<p>De ce au interzis autorit\u0103\u021bile rom\u00e2ne apelarea serviciului de urgen\u021b\u0103 112 de pe telefoanele mobile f\u0103r\u0103 cartele SIM?<\/p>\n","protected":false},"author":2,"featured_media":6957,"comment_status":"closed","ping_status":"open","sticky":false,"template":"","format":"standard","meta":{"footnotes":""},"categories":[29],"tags":[873,874,867],"class_list":["post-6955","post","type-post","status-publish","format-standard","has-post-thumbnail","hentry","category-comunicate","tag-apel-112","tag-apel-112-fara-card-sim","tag-serviciul-112"],"_links":{"self":[{"href":"https:\/\/apador.org\/en\/wp-json\/wp\/v2\/posts\/6955","targetHints":{"allow":["GET"]}}],"collection":[{"href":"https:\/\/apador.org\/en\/wp-json\/wp\/v2\/posts"}],"about":[{"href":"https:\/\/apador.org\/en\/wp-json\/wp\/v2\/types\/post"}],"author":[{"embeddable":true,"href":"https:\/\/apador.org\/en\/wp-json\/wp\/v2\/users\/2"}],"replies":[{"embeddable":true,"href":"https:\/\/apador.org\/en\/wp-json\/wp\/v2\/comments?post=6955"}],"version-history":[{"count":0,"href":"https:\/\/apador.org\/en\/wp-json\/wp\/v2\/posts\/6955\/revisions"}],"wp:featuredmedia":[{"embeddable":true,"href":"https:\/\/apador.org\/en\/wp-json\/wp\/v2\/media\/6957"}],"wp:attachment":[{"href":"https:\/\/apador.org\/en\/wp-json\/wp\/v2\/media?parent=6955"}],"wp:term":[{"taxonomy":"category","embeddable":true,"href":"https:\/\/apador.org\/en\/wp-json\/wp\/v2\/categories?post=6955"},{"taxonomy":"post_tag","embeddable":true,"href":"https:\/\/apador.org\/en\/wp-json\/wp\/v2\/tags?post=6955"}],"curies":[{"name":"wp","href":"https:\/\/api.w.org\/{rel}","templated":true}]}}