{"id":716,"date":"2012-03-14T16:20:31","date_gmt":"2012-03-14T16:20:31","guid":{"rendered":"http:\/\/www.apador.org\/blog\/?p=716"},"modified":"2020-08-12T13:08:50","modified_gmt":"2020-08-12T11:08:50","slug":"cand-politia-te-bate-iml-iti-ia-banii","status":"publish","type":"post","link":"https:\/\/apador.org\/en\/cand-politia-te-bate-iml-iti-ia-banii\/","title":{"rendered":"C\u00e2nd Poli\u021bia te bate, IML \u00ee\u021bi ia banii"},"content":{"rendered":"<p>Bucure\u0219teanul Florin Urzic\u0103 se plimba prin zona Arenei na\u021bionale, \u00een data de 29 februarie, c\u00e2nd s-a trezit culcat la p\u0103m\u00e2nt \u0219i agresat de mai mul\u021bi poli\u021bi\u0219ti. F\u0103r\u0103 s\u0103-i cear\u0103 vreun act de identitate, doi dintre poli\u021bi\u0219ti l-au \u021binut, iar un al treilea l-a b\u0103tut cu bastonul tonfa.<\/p>\n<p>Ulterior Urzic\u0103 a fost dus la Sec\u021bia 9, unde a fost b\u0103tut \u00een continuare de acela\u0219i poli\u021bist \u2013 un individ cu musta\u021b\u0103, dup\u0103 cum spune Urzic\u0103 &#8211; \u0219i \u021binut \u00eenc\u0103tu\u0219at pe un hol al poli\u021biei, timp de opt ore \u0219i jum\u0103tate. \u00cen acest timp nu s-a produs vreo identificare a cet\u0103\u021beanului Urzic\u0103, deoarece poli\u021bi\u0219tii erau ocupa\u021bi s\u0103 bea \u0219i s\u0103 m\u0103n\u00e2nce, \u00een sec\u021bie, unde se \u021binea parastasul unui coleg recent decedat.<\/p>\n<p>Dup\u0103 cele opt ore \u00een care cet\u0103\u021beanul Urzic\u0103 habar n-a avut de ce este \u00eenc\u0103tu\u0219at \u0219i ce i se repro\u0219eaz\u0103, a fost dus la parchet unde a primit o ordonan\u021b\u0103 de re\u021binere pentru 24 de ore. Urzic\u0103 sus\u021bine c\u0103 b\u0103taia primit\u0103 la Sec\u021bia 9 a fost pentru a-l obliga s\u0103 admit\u0103 c\u0103 ar fi comis furturi sau spargeri, pe care poli\u021bi\u0219tii le aveau cu autor necunoscut.<\/p>\n<p>Pentru c\u0103 la parchet lui Urzic\u0103 i s-a f\u0103cut r\u0103u &#8211; acuza dureri de cap puternice din cauza b\u0103t\u0103ii &#8211; a fost chemat\u0103 o ambulan\u021b\u0103 care l-a transportat la Spitalul Universitar de Urgen\u021b\u0103 Bucure\u0219ti. Rapoartele medicilor care l-au consultat confirm\u0103 b\u0103t\u0103ile primite de Urzic\u0103 \u00een ziua respectiv\u0103. Totu\u0219i el a fost trimis \u00eenapoi \u00een arest, cu un guler cervical montat \u00een jurul g\u00e2tului, pentru c\u0103 acolo acuza cele mai mari dureri. \u00cen seara zilei de 1 Marie, din cauza unei hemoragii nazale Urzic\u0103 a fost dus la Spitalul Pantelimon, care se afla \u00een apropierea sec\u021biei de poli\u021bie.<\/p>\n<p>Pe 6 martie, c\u00e2nd a fost vizitat \u00een arestul Sec\u021biei 9 de c\u0103tre reprezentantele APADOR-CH, Urzic\u0103 purta gulerul cervical, avea ochiul st\u00e2ng umflat \u015fi v\u00e2n\u0103t \u015fi prezenta mai multe urme de lovituri pe piciorul drept. \u00cen plus, s-a pl\u00e2ns de dureri mari la cap \u015fi g\u00e2t, care nu cedeaz\u0103 nici cu\u00a0 calmante puternice.<\/p>\n<p>Florin Urzic\u0103 a reclamat comportamentul agresiv al poli\u021bi\u0219tilor \u0219i a solicitat conducerii sec\u0163iei de poli\u0163ie s\u0103 fie dus la un medic legist, care s\u0103 constate urmele l\u0103sate de poli\u021bi\u0219ti asupra lui. Din p\u0103cate, un consult la Institutul de Medicin\u0103 Legal\u0103 cost\u0103, conform legii, \u00een jur de 100 de lei, bani pe care cet\u0103\u021beanul b\u0103tut de poli\u021bie nu-i are. Un astfel de certificat i-ar folosi \u00een cazul unui proces cu poli\u021bia.<\/p>\n<p>Citi\u021bi <a href=\"http:\/\/www.apador.org\/\" target=\"_blank\" rel=\"noopener noreferrer\">aici<\/a> raportul complet asupra cazului Urzic\u0103 \u0219i condi\u021biile existente \u00een arestul poli\u021biei.<\/p>\n<p>&nbsp;<\/p>\n<p>\u00cen ciuda numeroaselor cazuri de cet\u0103\u021beni agresa\u021bi de poli\u021bie, care \u0219i-au g\u0103sit dreptatea numai la CEDO, pare c\u0103 institu\u021biile rom\u00e2ne\u0219ti nu se sinchisesc s\u0103 ia m\u0103suri \u00eempotriva acelor poli\u021bi\u0219ti care continu\u0103 s\u0103 produc\u0103 astfel de incidente. Urzic\u0103 este probabil, doar cel mai recent caz de cet\u0103\u021bean b\u0103tut \u00eentr-o sec\u021bie de poli\u021bie. \u0218i \u00een cazul lui, ca \u0219i \u00een celelalte cercetate de APADOR-CH, s-au constatat \u00eenc\u0103lc\u0103ri flagrante ale legilor \u00een vigoare.<\/p>\n<p>Se impune din ce \u00een ce mai mult necesitatea <a href=\"http:\/\/www.apador.org\/blog\/scoateti-legea-din-duba\/\" target=\"_blank\" rel=\"noopener noreferrer\">amend\u0103rii Legii poli\u021biei<\/a>, cel pu\u021bin \u00een privin\u021ba procedurilor ce privesc conducerea la sec\u021bie. Nu e normal ca un cet\u0103\u021bean\u00a0 condus la sec\u021bie s\u0103 fie b\u0103tut, \u00eenc\u0103tu\u0219at, \u021binut pe holuri timp de opt ore jum\u0103tate pentru ca poli\u021bi\u0219tii s\u0103 bea \u0219i s\u0103 m\u0103n\u00e2nce la un parastas.<\/p>\n<p>&nbsp;<\/p>\n<h3>Concluziile APADOR-CH, \u00een urma cercet\u0103rii acestui caz:<\/h3>\n<p>&nbsp;<\/p>\n[box type=&#8221;info&#8221;]\n<p>1.\u00a0\u00a0\u00a0\u00a0\u00a0\u00a0\u00a0\u00a0 APADOR-CH cere ca parchetul s\u0103 investigheze cu celeritate \u015fi impar\u0163ialitate acuza\u0163iile\u00a0 credibile de rele tratamente comise de poli\u0163i\u015ftii de la Sec\u0163ia 9. Organele de poli\u0163ie pot utiliza for\u0163a numai \u00een situa\u0163ii limitate, cu respectarea propor\u0163ionalit\u0103\u0163ii interven\u0163iei \u015fi cu scopul de a imobiliza persoana, nu de a o supune unor corec\u0163ii fizice ilegale.<\/p>\n<p>2.\u00a0\u00a0\u00a0\u00a0\u00a0\u00a0\u00a0\u00a0 APADOR-CH cere reglementarea strict\u0103 a modului de operare al poli\u0163i\u015ftilor \u00een perioada ce precede emiterea ordonan\u0163ei de re\u0163inere, care s\u0103 previn\u0103 comportamentul abuziv al for\u0163elor de ordine.<\/p>\n<p>3.\u00a0\u00a0\u00a0\u00a0\u00a0\u00a0\u00a0\u00a0 Asocia\u0163ia solicit\u0103 ca toate persoanele care sunt conduse la sec\u0163iile de poli\u0163ie s\u0103 fie \u00eenregistrate \u00een registrul special indiferent\u00a0 de motivul conducerii precum \u015fi scoaterea registrului din categoria informa\u0163iilor secret de serviciu;<\/p>\n<p>4.\u00a0\u00a0\u00a0\u00a0\u00a0\u00a0\u00a0\u00a0 APADOR\u2014CH cere insistent ca agen\u0163i sau ofi\u0163eri de poli\u0163ie \u00eempotriva c\u0103rora exist\u0103 pl\u00e2ngeri \u00een curs de investigare la parchete s\u0103 nu mai lucreze cu publicul p\u00e2n\u0103 la finalizarea cercet\u0103rilor;<\/p>\n<p>5.\u00a0\u00a0\u00a0\u00a0\u00a0\u00a0\u00a0\u00a0 Asocia\u0163ia solicit\u0103 DGPMB declan\u015farea unor cercet\u0103ri cu privire la participarea mai multor poli\u0163i\u015fti la un parastas organizat \u00een sediul Sec\u0163iei 9 \u00een cursul zilei de 29 februarie a.c. Asocia\u0163ia solicit\u0103 \u015fi explica\u0163ii \u00een privin\u0163a duratei exagerate (8 ore \u015fi 30 de minute) a \u0163inerii lui Florin Urzic\u0103 \u00een c\u0103tu\u015fe, pe un coridor;<\/p>\n<p>6.\u00a0\u00a0\u00a0\u00a0\u00a0\u00a0\u00a0\u00a0 APADOR-CH cere explica\u0163ii \u015fi pentru interven\u0163ia poli\u0163istului \u00een cabinetul medicului de serviciu de la Spitalul Pantelimon \u00een timp ce acesta \u00eel consulta pe Florin Urzic\u0103.<\/p>\n[\/box]\n","protected":false},"excerpt":{"rendered":"<p>Ca s\u0103 demonstreze c\u0103 a primit b\u0103taie de la poli\u021bi\u0219ti, cet\u0103\u021beanul Urzic\u0103, agresat pe strad\u0103 \u0219i la Sec\u021bia 9, trebuie s\u0103 pl\u0103teasc\u0103 100 de RON pentru un certificat constatator de la IML. <\/p>\n","protected":false},"author":5,"featured_media":0,"comment_status":"open","ping_status":"open","sticky":false,"template":"","format":"standard","meta":{"footnotes":""},"categories":[1026,1022],"tags":[38,41,77,882],"class_list":["post-716","post","type-post","status-publish","format-standard","hentry","category-articole","category-articole-reportaje","tag-abuz","tag-apador-ch","tag-batut-de-politie","tag-conducerea-la-sectie"],"_links":{"self":[{"href":"https:\/\/apador.org\/en\/wp-json\/wp\/v2\/posts\/716","targetHints":{"allow":["GET"]}}],"collection":[{"href":"https:\/\/apador.org\/en\/wp-json\/wp\/v2\/posts"}],"about":[{"href":"https:\/\/apador.org\/en\/wp-json\/wp\/v2\/types\/post"}],"author":[{"embeddable":true,"href":"https:\/\/apador.org\/en\/wp-json\/wp\/v2\/users\/5"}],"replies":[{"embeddable":true,"href":"https:\/\/apador.org\/en\/wp-json\/wp\/v2\/comments?post=716"}],"version-history":[{"count":0,"href":"https:\/\/apador.org\/en\/wp-json\/wp\/v2\/posts\/716\/revisions"}],"wp:attachment":[{"href":"https:\/\/apador.org\/en\/wp-json\/wp\/v2\/media?parent=716"}],"wp:term":[{"taxonomy":"category","embeddable":true,"href":"https:\/\/apador.org\/en\/wp-json\/wp\/v2\/categories?post=716"},{"taxonomy":"post_tag","embeddable":true,"href":"https:\/\/apador.org\/en\/wp-json\/wp\/v2\/tags?post=716"}],"curies":[{"name":"wp","href":"https:\/\/api.w.org\/{rel}","templated":true}]}}