{"id":7368,"date":"2020-03-19T17:17:54","date_gmt":"2020-03-19T15:17:54","guid":{"rendered":"http:\/\/www.apador.org\/?p=7368"},"modified":"2020-03-23T18:53:36","modified_gmt":"2020-03-23T16:53:36","slug":"mesajul-apador-ch-catre-anp-in-cazul-satu-mare","status":"publish","type":"post","link":"https:\/\/apador.org\/en\/mesajul-apador-ch-catre-anp-in-cazul-satu-mare\/","title":{"rendered":"Mesajul APADOR-CH c\u0103tre ANP \u00een cazul Satu Mare"},"content":{"rendered":"<p class=\"qtranxs-available-languages-message qtranxs-available-languages-message-en\">Sorry, this entry is only available in <a href=\"https:\/\/apador.org\/ro\/wp-json\/wp\/v2\/posts\/7368\" class=\"qtranxs-available-language-link qtranxs-available-language-link-ro\" title=\"Rom\u00e2n\u0103\">Rom\u00e2n\u0103<\/a>. For the sake of viewer convenience, the content is shown below in the alternative language. You may click the link to switch the active language.<\/p><p style=\"text-align: justify;\">APADOR-CH a transmis azi, 19 martie 2020, o scrisoare deschis\u0103 Administra\u021biei Na\u021bionale a Penitenciarelor, \u00een leg\u0103tur\u0103 cu gestionarea situa\u021biei speciale din penitenciare, \u00een contextul pandemiei \u0219i a <a href=\"https:\/\/www.hotnews.ro\/stiri-esential-23734765-penitenciarul-satu-mare-trei-detinuti-morti.htm\" target=\"_blank\" rel=\"noopener\">incidentului de la Satu Mare<\/a>.<\/p>\n<p style=\"text-align: justify;\">Mai jos textul scrisorii:<\/p>\n<div class=\"su-note\"  style=\"border-color:#d1d6d8;border-radius:2px;-moz-border-radius:2px;-webkit-border-radius:2px;\"><div class=\"su-note-inner su-u-clearfix su-u-trim\" style=\"background-color:#ebf0f2;border-color:#ffffff;color:#333333;border-radius:2px;-moz-border-radius:2px;-webkit-border-radius:2px;\">\n<p style=\"text-align: justify;\"><strong>C\u0103tre Administra\u021bia Na\u021bional\u0103 a Penitenciarelor,<\/strong><\/p>\n<p style=\"text-align: justify;\">Domnului comisar \u0219ef Tiberiu Firinel Ungureanu, director ANP,<\/p>\n<p style=\"text-align: justify;\"><strong>Domnule director,<\/strong><\/p>\n<p style=\"text-align: justify;\">APADOR-CH urm\u0103re\u0219te cu \u00eengrijorare derularea situa\u021biei de la Penitenciarul Satu Mare, unde \u00een urma unui incendiu provocat \u00een spa\u021biul de de\u021binere au murit trei de\u021binu\u021bi, iar al\u021bi doi se afl\u0103 \u00een stare grav\u0103 la spital.<\/p>\n<p style=\"text-align: justify;\">\u00cen contextul pandemiei de Covid 19, institu\u021biei dumneavoastr\u0103 \u00eei revine sarcina dificil\u0103 de a proteja s\u0103n\u0103tatea de\u021binu\u021bilor, at\u00e2t prin prevenirea infect\u0103rii cu Coronavirus, dar \u0219i prin gestionarea unei nervozit\u0103\u021bi peste limitele cotidiene.<\/p>\n<p style=\"text-align: justify;\">V\u0103 cerem, domnule director, s\u0103 v\u0103 asigura\u021bi c\u0103 angaja\u021bii ANP acord\u0103 \u00een aceast\u0103 perioad\u0103 o aten\u021bie sporit\u0103 tuturor aspectelor semnalate de de\u021binu\u021bi \u0219i c\u0103 deruleaz\u0103 mai mult dec\u00e2t de obicei activit\u0103\u021bi informative cu ace\u0219tia, pentru a le explica mai bine perioada pe care suntem nevoi\u021bi cu to\u021bii s\u0103 o travers\u0103m.<\/p>\n<p style=\"text-align: justify;\">Pentru c\u0103 anxietatea \u00eei cople\u0219e\u0219te deopotriv\u0103 pe cei \u00eenchi\u0219i \u00een penitenciar, c\u00e2t \u0219i pe rudele lor de afar\u0103, v\u0103 suger\u0103m s\u0103 le oferi\u021bi ambelor categorii posibilitatea de a \u021bine leg\u0103tura c\u00e2t de mult se poate, prin mijloace online \u0219i telefonice, astfel \u00eenc\u00e2t starea de izolare sporit\u0103 la care se v\u0103d supu\u0219i acum de\u021binu\u021bii s\u0103 nu escaladeze \u00een incidente precum cel de la Satu Mare, ce se pot solda cu pierderi de vie\u021bi.<\/p>\n<p style=\"text-align: justify;\">\u00cen virtutea colabor\u0103rii noastre vechi v\u0103 rug\u0103m s\u0103 ne informa\u021bi at\u00e2t pe noi, c\u00e2t \u0219i opinia public\u0103, despre m\u0103surile \u00eentreprinse at\u00e2t la Satu Mare, c\u00e2t \u0219i \u00een restul unit\u0103\u021bilor ANP, pentru o gestionare optim\u0103 a perioadei urm\u0103toare.<\/p>\n<p style=\"text-align: justify;\">Cu considera\u021bie,<\/p>\n<p style=\"text-align: justify;\"><strong>Georgiana Gheorghe,<\/strong><\/p>\n<p style=\"text-align: justify;\">Director executiv APADOR-CH<\/p>\n<p style=\"text-align: justify;\"><\/div><\/div>\n<p style=\"text-align: justify;\">\n<a href=\"https:\/\/www.apador.org\/wp-content\/uploads\/2020\/03\/raspuns-anp-covid.pdf\" class=\"su-button su-button-style-default su-button-wide\" style=\"color:#324645;background-color:#fd1206;border-color:#cb0f05;border-radius:6px\" target=\"_blank\" rel=\"noopener noreferrer\" title=\"R\u0103spunsul Administra\u021biei Na\u021bionale a Penitenciarelor\"><span style=\"color:#324645;padding:6px 18px;font-size:14px;line-height:21px;border-color:#fe5a51;border-radius:6px;text-shadow:none\"><i class=\"sui sui-book\" style=\"font-size:14px;color:#FFFFFF\"><\/i> R\u0103spunsul Administra\u021biei Na\u021bionale a Penitenciarelor\u00a0<\/span><\/a>","protected":false},"excerpt":{"rendered":"<p class=\"qtranxs-available-languages-message qtranxs-available-languages-message-en\">Sorry, this entry is only available in <a href=\"https:\/\/apador.org\/ro\/wp-json\/wp\/v2\/posts\/7368\" class=\"qtranxs-available-language-link qtranxs-available-language-link-ro\" title=\"Rom\u00e2n\u0103\">Rom\u00e2n\u0103<\/a>. For the sake of viewer convenience, the content is shown below in the alternative language. You may click the link to switch the active language.<\/p>\n<p>Scrisoare deschis\u0103 c\u0103tre Administra\u021bia Na\u021bional\u0103 a Penitenciarelor, \u00een leg\u0103tur\u0103 cu gestionarea situa\u021biei speciale din penitenciare, \u00een contextul pandemiei \u0219i a incidentului de la Satu Mare.<\/p>\n","protected":false},"author":2,"featured_media":4864,"comment_status":"closed","ping_status":"open","sticky":false,"template":"","format":"standard","meta":{"footnotes":""},"categories":[5,29,939,15],"tags":[468,915,154,929,931,264,930],"class_list":["post-7368","post","type-post","status-publish","format-standard","has-post-thumbnail","hentry","category-buna-guvernare","category-comunicate","category-covid-19","category-monitorizarea-conditiilor-de-detentie-penitenciare","tag-administratia-nationala-a-penitenciarelor","tag-coronavirus","tag-detinuti","tag-incendiu","tag-izolare","tag-penitenciar-satu-mare","tag-revolta-detinuti"],"_links":{"self":[{"href":"https:\/\/apador.org\/en\/wp-json\/wp\/v2\/posts\/7368","targetHints":{"allow":["GET"]}}],"collection":[{"href":"https:\/\/apador.org\/en\/wp-json\/wp\/v2\/posts"}],"about":[{"href":"https:\/\/apador.org\/en\/wp-json\/wp\/v2\/types\/post"}],"author":[{"embeddable":true,"href":"https:\/\/apador.org\/en\/wp-json\/wp\/v2\/users\/2"}],"replies":[{"embeddable":true,"href":"https:\/\/apador.org\/en\/wp-json\/wp\/v2\/comments?post=7368"}],"version-history":[{"count":0,"href":"https:\/\/apador.org\/en\/wp-json\/wp\/v2\/posts\/7368\/revisions"}],"wp:featuredmedia":[{"embeddable":true,"href":"https:\/\/apador.org\/en\/wp-json\/wp\/v2\/media\/4864"}],"wp:attachment":[{"href":"https:\/\/apador.org\/en\/wp-json\/wp\/v2\/media?parent=7368"}],"wp:term":[{"taxonomy":"category","embeddable":true,"href":"https:\/\/apador.org\/en\/wp-json\/wp\/v2\/categories?post=7368"},{"taxonomy":"post_tag","embeddable":true,"href":"https:\/\/apador.org\/en\/wp-json\/wp\/v2\/tags?post=7368"}],"curies":[{"name":"wp","href":"https:\/\/api.w.org\/{rel}","templated":true}]}}