{"id":7571,"date":"2020-04-09T14:31:32","date_gmt":"2020-04-09T12:31:32","guid":{"rendered":"https:\/\/www.apador.org\/?p=7571"},"modified":"2020-06-19T16:32:10","modified_gmt":"2020-06-19T14:32:10","slug":"regulile-trebuie-respectate-dar-nu-impuse-cu-pumnul","status":"publish","type":"post","link":"https:\/\/apador.org\/en\/regulile-trebuie-respectate-dar-nu-impuse-cu-pumnul\/","title":{"rendered":"Regulile trebuie respectate, dar nu impuse cu pumnul"},"content":{"rendered":"<h2 class=\"wp-block-heading\"><em>Apel la calm \u0219i re\u021binere c\u0103tre cet\u0103\u021beni \u0219i autorit\u0103\u021bi deopotriv\u0103, pentru a traversa starea de urgen\u021b\u0103 f\u0103r\u0103 s\u0103 ne pierdem \u00eencrederea unii \u00een al\u021bii<\/em><\/h2>\r\n\r\n\r\n\r\n<p><\/p>\r\n\r\n\r\n\r\n<p>Un\r\nincident grav s-a petrecut \u00een Bucure\u0219ti \u00een noaptea de 7 spre 8 aprilie, c\u00e2nd\r\npoli\u021bia a agresat doi cet\u0103\u021beni care se pare c\u0103 nu aveau nici actele necesare\r\npentru a circula \u0219i nici voie s\u0103 o fac\u0103, fiind dup\u0103 ora 22.00. Conform\r\ncomunicatului dat de poli\u021bie afl\u0103m c\u0103 cei doi au fost amenda\u021bi. Conform unei\r\n\u00eenregistr\u0103ri video care circul\u0103 pe Internet afl\u0103m c\u0103 cel pu\u021bin unul dintre ei a\r\nfost lovit repetat cu pumnii de unul dintre poli\u021bi\u0219ti, \u00eenainte de a fi condus\r\nla sec\u021bie. \u00cen fa\u021ba acestei eviden\u021be, poli\u021bia a demarat o anchet\u0103 intern\u0103 cu\r\nprivire la conduita poli\u021bistului.<\/p>\r\n\r\n\r\n\r\n<p>Nu \u0219tim ce s-a petrecut acolo \u00eenainte de pumnii poli\u021bistului. Poate c\u0103 a fost un schimb de replici mai dure care i-a testat nervii poli\u021bistului. Aceasta este ocazia perfect\u0103 pentru a sublinia, \u00eenc\u0103 o dat\u0103, necesitatea purt\u0103rii camerelor video de c\u0103tre poli\u021bi\u0219ti, atunci c\u00e2nd interac\u021bioneaz\u0103 cu cet\u0103\u021benii. Dar indiferent de ce s-ar fi \u00eent\u00e2mplat \u00eenainte, nimic nu scuz\u0103 comportamentul poli\u021bistului. Nici \u00een vremuri normale, cu at\u00e2t mai pu\u021bin \u00een aceast\u0103 perioad\u0103.<\/p>\r\n\r\n\r\n\r\n<p>Ca\r\norganiza\u021bie care monitorizeaz\u0103 de ani de zile abuzurile for\u021belor de ordine, \u0219i\r\nau fost c\u00e2teva chiar \u0219i \u00een vremuri \u201ede pace\u201d, APADOR-CH face un apel la calm \u0219i\r\nre\u021binere at\u00e2t pentru cet\u0103\u021beni, c\u00e2t mai ales pentru for\u021bele de ordine. <\/p>\r\n\r\n\r\n\r\n<p><strong>Dragi concet\u0103\u021beni<\/strong>, suntem cu to\u021bii cu nervii \u00eentin\u0219i. Starea de urgen\u021b\u0103, de izolare for\u021bat\u0103,\r\nde incertitudine, de fric\u0103 \u00een fa\u021ba necunoscutului sau chiar de incon\u0219tien\u021b\u0103 a\r\nunora care se consider\u0103 mai presus de lege sau boal\u0103, toate induc \u00een mentalul\r\ncolectiv st\u0103ri cu care niciunii dintre noi nu ne-am mai confruntat p\u00e2n\u0103 acum.\r\nDa\u021bi dovad\u0103 de maturitate, respecta\u021bi regulile \u0219i nu v\u0103 expune\u021bi unor riscuri\r\ninutile. Fi\u021bi calmi \u0219i respecta\u021bi autorit\u0103\u021bile, dac\u0103 vre\u021bi s\u0103 primi\u021bi la schimb\r\nacela\u0219i tip de respect. <\/p>\r\n\r\n\r\n\r\n<p>\u00cen cazul \u00een care sunte\u021bi trata\u021bi cu ostilitate sau chiar violen\u021b\u0103, urma\u021bi <strong><a href=\"https:\/\/www.apador.org\/blog\/utile\/ce-trebuie-sa-stii-si-sa-faci-daca-ai-fost-dus-cu-forta-la-sediul-politiei\/\" target=\"_blank\" rel=\"noreferrer noopener\" aria-label=\"pa\u0219ii de aici \u0219i reclama\u021bi abuzul (se deschide \u00eentr-o fil\u0103 nou\u0103)\">pa\u0219ii de aici \u0219i reclama\u021bi abuzul<\/a><\/strong>. Dar p\u0103stra\u021bi \u00een minte faptul c\u0103 \u00een aceast\u0103 perioad\u0103 dovedirea abuzurilor de acest fel este \u0219i mai greu de probat dec\u00e2t \u00een mod normal. De asemenea g\u00e2ndi\u021bi-v\u0103 c\u0103 starea de urgen\u021b\u0103 va mai dura \u00eenc\u0103 o lun\u0103 cel pu\u021bin. Escaladarea situa\u021biei nu va ajuta pe nimeni.<\/p>\r\n\r\n\r\n\r\n<p><strong>Stima\u021bi poli\u021bi\u0219ti<\/strong>, atunci c\u00e2nd ne cere\u021bi s\u0103 respect\u0103m regulile este nevoie mai mult dec\u00e2t\r\noric\u00e2nd ca dumneavoastr\u0103 s\u0103 respecta\u021bi procedurile \u0219i drepturile cet\u0103\u021benilor,\r\nat\u00e2tea c\u00e2te au mai r\u0103mas. Starea de urgen\u021b\u0103 este deja o impunere cu for\u021ba,\r\nnefireasc\u0103 \u00eentr-o democra\u021bie, a unor reguli stricte cu care nu e nimeni\r\nobi\u0219nuit. Dac\u0103 unii dintre colegii dumneavoastr\u0103 \u00eencearc\u0103 s\u0103 le impun\u0103 \u0219i prin\r\nfor\u021ba pumnului, nu vor reu\u0219i dec\u00e2t s\u0103 enerveze oamenii \u0219i s\u0103 strice echilibrul\r\nfragil din societate \u00een aceast\u0103 perioad\u0103. <\/p>\r\n\r\n\r\n\r\n<p>Cu siguran\u021b\u0103 c\u0103 \u0219i nervii dumneavoastr\u0103 sunt \u00eencerca\u021bi, dar toat\u0103 lumea a\u0219teapt\u0103 de la poli\u021bie mai mult dec\u00e2t de la simplii cet\u0103\u021beni. Prin natura meseriei lor, poli\u021bi\u0219tii care vin mai des \u00een contact cu cet\u0103\u021beni recalcitran\u021bi, cu oameni care deviaz\u0103 mai u\u0219or de la norma social\u0103, ar trebui s\u0103 fie mai calmi, mai re\u021binu\u021bi, s\u0103 aib\u0103 un comportament profesionist \u0219i s\u0103 \u0219tie s\u0103 gestioneze astfel crizele. Chiar \u0219i atunci c\u00e2nd un cet\u0103\u021bean sare la b\u0103taie, dumneavoastr\u0103 ave\u021bi la dispozi\u021bie autoritatea \u0219i mijloacele de a-l imobiliza \u0219i conduce la sec\u021bie f\u0103r\u0103 s\u0103-l agresa\u021bi.<\/p>\r\n\r\n\r\n\r\n<p>Chiar dac\u0103 incidentul petrecut \u00een noaptea de 7 spre 8 aprilie e unul izolat, el are valoare de simbol \u0219i poate fi hiperbolizat \u00een actuala situa\u021bie social\u0103. De aceea <a href=\"https:\/\/www.apador.org\/wp-content\/uploads\/2020\/04\/adresa-IGPR-batut.pdf\" target=\"_blank\" rel=\"noreferrer noopener\" aria-label=\" (se deschide \u00eentr-o fil\u0103 nou\u0103)\"><strong>v\u0103 cerem<\/strong><\/a>, <strong>domnule chestor \u0219ef Livu Vasilescu \u0219i domnule ministru Marcel Vela<\/strong>, s\u0103 v\u0103 asigura\u021bi c\u0103 astfel de situa\u021bii nu se vor repeta \u0219i s\u0103 comunica\u021bi public c\u00e2t mai cur\u00e2nd rezultatele anchetei \u00eentreprinse \u00een acest caz.<\/p>\r\n\r\n\r\n\r\n<p>APADOR-CH\r\nreitereaz\u0103 necesitatea introducerii camerelor de luat vederi purtate de\r\npoli\u021bi\u0219ti \u0219i insist\u0103 pentru preg\u0103tirea periodic\u0103 a organelor de ordine pentru a\r\nface fa\u021b\u0103 interac\u021biunilor tensionate cu cet\u0103\u021benii. <\/p>\r\n\r\n\r\n\r\n<p>Stima\u021bi\r\npoli\u021bi\u0219ti, respecta\u021bi \u00eendemnul pe care-l transmite\u021bi tuturor \u00een aceste\r\nzile:&nbsp; p\u0103stra\u021bi distan\u021ba social\u0103 \u0219i nu\r\natinge\u021bi nicio fa\u021b\u0103 cu pumnii.<\/p>","protected":false},"excerpt":{"rendered":"<p>Apel la calm \u0219i re\u021binere pentru cet\u0103\u021beni \u0219i autorit\u0103\u021bi deopotriv\u0103, pentru a traversa starea de urgen\u021b\u0103 f\u0103r\u0103 s\u0103 ne pierdem \u00eencrederea unii \u00een al\u021bii<\/p>\n","protected":false},"author":2,"featured_media":4425,"comment_status":"closed","ping_status":"open","sticky":false,"template":"","format":"standard","meta":{"footnotes":""},"categories":[26,5,29,939],"tags":[39,974,973,942,383],"class_list":["post-7571","post","type-post","status-publish","format-standard","has-post-thumbnail","hentry","category-abuzuri-ale-fortelor-de-ordine","category-buna-guvernare","category-comunicate","category-covid-19","tag-abuzuri-politie","tag-agresiune-politie","tag-bataie-politie","tag-covid-19","tag-politisti"],"_links":{"self":[{"href":"https:\/\/apador.org\/en\/wp-json\/wp\/v2\/posts\/7571","targetHints":{"allow":["GET"]}}],"collection":[{"href":"https:\/\/apador.org\/en\/wp-json\/wp\/v2\/posts"}],"about":[{"href":"https:\/\/apador.org\/en\/wp-json\/wp\/v2\/types\/post"}],"author":[{"embeddable":true,"href":"https:\/\/apador.org\/en\/wp-json\/wp\/v2\/users\/2"}],"replies":[{"embeddable":true,"href":"https:\/\/apador.org\/en\/wp-json\/wp\/v2\/comments?post=7571"}],"version-history":[{"count":0,"href":"https:\/\/apador.org\/en\/wp-json\/wp\/v2\/posts\/7571\/revisions"}],"wp:featuredmedia":[{"embeddable":true,"href":"https:\/\/apador.org\/en\/wp-json\/wp\/v2\/media\/4425"}],"wp:attachment":[{"href":"https:\/\/apador.org\/en\/wp-json\/wp\/v2\/media?parent=7571"}],"wp:term":[{"taxonomy":"category","embeddable":true,"href":"https:\/\/apador.org\/en\/wp-json\/wp\/v2\/categories?post=7571"},{"taxonomy":"post_tag","embeddable":true,"href":"https:\/\/apador.org\/en\/wp-json\/wp\/v2\/tags?post=7571"}],"curies":[{"name":"wp","href":"https:\/\/api.w.org\/{rel}","templated":true}]}}